{"id":8454,"date":"2021-02-05T15:25:41","date_gmt":"2021-02-05T21:25:41","guid":{"rendered":"http:\/\/hombresymujeresdelacasa.com\/home\/?p=8454"},"modified":"2021-09-28T16:40:43","modified_gmt":"2021-09-28T22:40:43","slug":"onu-y-sre-unen-esfuerzos-para-la-recuperacion-economica-del-pais","status":"publish","type":"post","link":"https:\/\/hombresymujeresdelacasa.com\/home\/onu-y-sre-unen-esfuerzos-para-la-recuperacion-economica-del-pais\/","title":{"rendered":"ONU y SRE unen esfuerzos para la recuperaci\u00f3n econ\u00f3mica del pa\u00eds"},"content":{"rendered":"\n<p>Por Fernanda Hern\u00e1ndez<\/p>\n\n\n\n<p><strong>M\u00e9xico<\/strong>&nbsp;atraviesa un per\u00edodo de vulnerabilidad econ\u00f3mica debido a la pandemia por&nbsp;<strong>Covid-19<\/strong>; y el camino hacia la recuperaci\u00f3n demanda esquemas innovadores para la&nbsp;<strong>atracci\u00f3n de inversiones<\/strong>&nbsp;que, dada la coyuntura global de reorganizaci\u00f3n de las cadenas de valor, permitan la promoci\u00f3n de industrias de mayor valor agregado y capacidad de generaci\u00f3n de empleos.<\/p>\n\n\n\n<p>En este sentido, la&nbsp;<strong>Organizaci\u00f3n de las Naciones Unidas para el Desarrollo Industrial<\/strong>&nbsp;(<strong>ONUDI<\/strong>),&nbsp;<strong>ONU-Habitat<\/strong>&nbsp;y el gobierno de M\u00e9xico, a trav\u00e9s de la&nbsp;<strong>Secretar\u00eda de Relaciones Exteriores<\/strong>&nbsp;(<strong>SRE<\/strong>), trabajan conjuntamente en una propuesta de atracci\u00f3n de inversiones; misma que tiene como sustento a la planificaci\u00f3n urbano-regional.<\/p>\n\n\n\n<p>\u201cEn esta l\u00f3gica son las ventajas territoriales locales las que sustentan las fortalezas para la promoci\u00f3n industrial de M\u00e9xico en el exterior; un enfoque innovador basado en los preceptos de la nueva econom\u00eda geogr\u00e1fica\u201d, se\u00f1ala&nbsp;<strong>ONU-Habitat<\/strong>.<\/p>\n\n\n\n<p>La iniciativa, llamada&nbsp;<strong>Atlas Territorial- Industrial Prospectivo<\/strong>, tiene como objetivo el generar un an\u00e1lisis estrat\u00e9gico y la identificaci\u00f3n de sectores con gran potencial de desarrollo futuro en territorios espec\u00edficos. De esta manera, ser\u00e1 posible identificar&nbsp;<strong>corredores regionales<\/strong>&nbsp;en los que estos sectores puedan detonarse y conducir a una nueva&nbsp;<strong>generaci\u00f3n de inversiones de impacto social<\/strong>; las cuales generen desarrollo sostenible y, a la vez, eviten y mitiguen posibles efectos sociales o ambientales no deseados.<\/p>\n\n\n\n<p>\u201cEl proyecto parte del an\u00e1lisis geogr\u00e1fico multiescalar de sectores estrat\u00e9gicos para identificar ventanas de oportunidad para conectarlos con&nbsp;<strong>Cadenas Globales de Valor<\/strong>&nbsp;(<strong>CGV<\/strong>); poniendo especial fuerza en la reestructuraci\u00f3n de su geograf\u00eda econ\u00f3mica, en la ruptura y acortamiento de sus eslabones productivos y en su reorganizaci\u00f3n regional, en el contexto por Covid-19\u201d, explica&nbsp;<strong>ONU-Habitat<\/strong>.<\/p>\n\n\n\n<p>En M\u00e9xico, este proyecto ha identificado cinco&nbsp;<strong>CGV<\/strong>&nbsp;en los siguientes sectores con proyecci\u00f3n:<\/p>\n\n\n\n<ul class=\"wp-block-list\"><li>Generaci\u00f3n de motores para energ\u00eda e\u00f3lica.<\/li><li>Farmac\u00e9utico.<\/li><li>Aeroespacial<\/li><li>Agroindustrial de chocolate-vainilla.<\/li><li>Fabricaci\u00f3n de pl\u00e1stico PET.<\/li><\/ul>\n\n\n\n<div class=\"wp-block-image\"><figure class=\"aligncenter\"><a href=\"https:\/\/centrourbano.com\/revista\/wp-content\/uploads\/00_ATLAS1.jpg\" target=\"_blank\" rel=\"noreferrer noopener nofollow\"><img decoding=\"async\" src=\"https:\/\/centrourbano.com\/revista\/wp-content\/uploads\/00_ATLAS1.jpg\" alt=\"\" class=\"wp-image-114322\"\/><\/a><\/figure><\/div>\n\n\n\n<p>Cada sector es analizado a diferentes escalas territoriales y abordado desde una perspectiva industrial-territorial hol\u00edstica que incluye inclusi\u00f3n social, sostenibilidad ambiental y planificaci\u00f3n integral.<\/p>\n\n\n\n<p>Este proyecto puede resultar en&nbsp;<strong>estrategias de desarrollo regional<\/strong>&nbsp;en torno a corredores de prosperidad; los cuales son una forma efectiva de promover el&nbsp;<strong>desarrollo social e industrial<\/strong>&nbsp;en M\u00e9xico.<\/p>\n","protected":false},"excerpt":{"rendered":"<p>Por Fernanda Hern\u00e1ndez M\u00e9xico&nbsp;atraviesa un per\u00edodo de vulnerabilidad econ\u00f3mica debido a la pandemia por&nbsp;Covid-19; y el camino hacia la recuperaci\u00f3n demanda esquemas innovadores para la&nbsp;atracci\u00f3n de inversiones&nbsp;que, dada la coyuntura global de reorganizaci\u00f3n de las cadenas de valor, permitan la promoci\u00f3n de industrias de mayor valor agregado y capacidad de generaci\u00f3n de empleos. En este [&hellip;]<\/p>\n","protected":false},"author":1,"featured_media":8455,"comment_status":"closed","ping_status":"closed","sticky":false,"template":"","format":"standard","meta":{"site-sidebar-layout":"default","site-content-layout":"","ast-site-content-layout":"default","site-content-style":"default","site-sidebar-style":"default","ast-global-header-display":"","ast-banner-title-visibility":"","ast-main-header-display":"","ast-hfb-above-header-display":"","ast-hfb-below-header-display":"","ast-hfb-mobile-header-display":"","site-post-title":"","ast-breadcrumbs-content":"","ast-featured-img":"","footer-sml-layout":"","ast-disable-related-posts":"","theme-transparent-header-meta":"","adv-header-id-meta":"","stick-header-meta":"","header-above-stick-meta":"","header-main-stick-meta":"","header-below-stick-meta":"","astra-migrate-meta-layouts":"default","ast-page-background-enabled":"default","ast-page-background-meta":{"desktop":{"background-color":"var(--ast-global-color-4)","background-image":"","background-repeat":"repeat","background-position":"center center","background-size":"auto","background-attachment":"scroll","background-type":"","background-media":"","overlay-type":"","overlay-color":"","overlay-opacity":"","overlay-gradient":""},"tablet":{"background-color":"","background-image":"","background-repeat":"repeat","background-position":"center center","background-size":"auto","background-attachment":"scroll","background-type":"","background-media":"","overlay-type":"","overlay-color":"","overlay-opacity":"","overlay-gradient":""},"mobile":{"background-color":"","background-image":"","background-repeat":"repeat","background-position":"center center","background-size":"auto","background-attachment":"scroll","background-type":"","background-media":"","overlay-type":"","overlay-color":"","overlay-opacity":"","overlay-gradient":""}},"ast-content-background-meta":{"desktop":{"background-color":"var(--ast-global-color-5)","background-image":"","background-repeat":"repeat","background-position":"center center","background-size":"auto","background-attachment":"scroll","background-type":"","background-media":"","overlay-type":"","overlay-color":"","overlay-opacity":"","overlay-gradient":""},"tablet":{"background-color":"var(--ast-global-color-5)","background-image":"","background-repeat":"repeat","background-position":"center center","background-size":"auto","background-attachment":"scroll","background-type":"","background-media":"","overlay-type":"","overlay-color":"","overlay-opacity":"","overlay-gradient":""},"mobile":{"background-color":"var(--ast-global-color-5)","background-image":"","background-repeat":"repeat","background-position":"center center","background-size":"auto","background-attachment":"scroll","background-type":"","background-media":"","overlay-type":"","overlay-color":"","overlay-opacity":"","overlay-gradient":""}},"footnotes":""},"categories":[4],"tags":[3513,2014,1326,522,3511,1586],"class_list":["post-8454","post","type-post","status-publish","format-standard","has-post-thumbnail","hentry","category-noticias","tag-cadenas-globales-de-valor","tag-covid19","tag-onu","tag-onu-habitat","tag-onudi","tag-secretaria-de-relaciones-exteriores"],"_links":{"self":[{"href":"https:\/\/hombresymujeresdelacasa.com\/home\/wp-json\/wp\/v2\/posts\/8454","targetHints":{"allow":["GET"]}}],"collection":[{"href":"https:\/\/hombresymujeresdelacasa.com\/home\/wp-json\/wp\/v2\/posts"}],"about":[{"href":"https:\/\/hombresymujeresdelacasa.com\/home\/wp-json\/wp\/v2\/types\/post"}],"author":[{"embeddable":true,"href":"https:\/\/hombresymujeresdelacasa.com\/home\/wp-json\/wp\/v2\/users\/1"}],"replies":[{"embeddable":true,"href":"https:\/\/hombresymujeresdelacasa.com\/home\/wp-json\/wp\/v2\/comments?post=8454"}],"version-history":[{"count":1,"href":"https:\/\/hombresymujeresdelacasa.com\/home\/wp-json\/wp\/v2\/posts\/8454\/revisions"}],"predecessor-version":[{"id":8456,"href":"https:\/\/hombresymujeresdelacasa.com\/home\/wp-json\/wp\/v2\/posts\/8454\/revisions\/8456"}],"wp:featuredmedia":[{"embeddable":true,"href":"https:\/\/hombresymujeresdelacasa.com\/home\/wp-json\/wp\/v2\/media\/8455"}],"wp:attachment":[{"href":"https:\/\/hombresymujeresdelacasa.com\/home\/wp-json\/wp\/v2\/media?parent=8454"}],"wp:term":[{"taxonomy":"category","embeddable":true,"href":"https:\/\/hombresymujeresdelacasa.com\/home\/wp-json\/wp\/v2\/categories?post=8454"},{"taxonomy":"post_tag","embeddable":true,"href":"https:\/\/hombresymujeresdelacasa.com\/home\/wp-json\/wp\/v2\/tags?post=8454"}],"curies":[{"name":"wp","href":"https:\/\/api.w.org\/{rel}","templated":true}]}}