{"id":8192,"date":"2020-11-23T14:34:02","date_gmt":"2020-11-23T20:34:02","guid":{"rendered":"http:\/\/hombresymujeresdelacasa.com\/home\/?p=8192"},"modified":"2021-09-28T16:41:59","modified_gmt":"2021-09-28T22:41:59","slug":"trabajadores-de-la-construccion-retratan-al-mundo-con-pandemia","status":"publish","type":"post","link":"https:\/\/hombresymujeresdelacasa.com\/home\/trabajadores-de-la-construccion-retratan-al-mundo-con-pandemia\/","title":{"rendered":"Trabajadores de la construcci\u00f3n retratan al mundo con pandemia"},"content":{"rendered":"\n<p>Con el fin de conocer la visi\u00f3n que tienen los trabajadores de la construcci\u00f3n sobre el impacto que ha tenido el Covid-19 en la vida de los seres humanos, la&nbsp;<strong>Fundaci\u00f3n Construyendo y Creciendo<\/strong>&nbsp;realiz\u00f3 el concurso de fotograf\u00eda: \u2018<strong>Vida cotidiana y en el trabajo durante la pandemia<\/strong>\u2019. El certamen se realiz\u00f3 en el marco del d\u00e9cimo cuarto aniversario de esta organizaci\u00f3n encargada de brindar oportunidades de estudio a los trabajadores de la obra.<\/p>\n\n\n\n<p>De acuerdo con la Fundaci\u00f3n, el objetivo del concurso se centr\u00f3 en que los<strong>&nbsp;trabajadores de la construcci\u00f3n capturaran im\u00e1genes<\/strong>&nbsp;de su vida diaria, con las medidas para prevenir el Covid-19, como el uso correcto de&nbsp;<strong>cubrebocas<\/strong>&nbsp;o la aplicaci\u00f3n de&nbsp;<strong>gel antibacterial<\/strong>.<\/p>\n\n\n\n<p>En ese l\u00f3gica, el pasado&nbsp;<strong>18 de noviembre el concurso lleg\u00f3 a su fin con la entrega de los premios a los tres primero lugares<\/strong>. Cabe se\u00f1alar que el jurado que eligi\u00f3 a los ganadores estuvo integrado por los arquitectos&nbsp;<strong>F\u00e9lix S\u00e1nchez<\/strong>,&nbsp;<strong>Alejandro Rivadeneyra<\/strong>&nbsp;y&nbsp;<strong>Billy Springall<\/strong>, miembros de&nbsp;<strong>Ut\u00f3polis<\/strong>.<\/p>\n\n\n\n<p>As\u00ed, los tres trabajos ganadores fueron:<\/p>\n\n\n\n<ul class=\"wp-block-list\"><li><strong>Primer lugar<\/strong>: Foto: Entre hermanos nos cuidamos. Autor: Sebasti\u00e1n Padilla Hern\u00e1ndez, Estudiante de secundaria en Aula Popotla\/P\u00e1tzcuaro, CDMX.<\/li><li><strong>Segundo lugar<\/strong>: Jorge Nazario, Estudiantes de Aula \u00c1lada, Guadalajara, Jal.<\/li><li><strong>Tercer Lugar<\/strong>: Enrique Chino Carrillo, Estudiante de Aula Neuchatel, CDMX.<\/li><\/ul>\n\n\n\n<p>Cabe se\u00f1alar que el primer lugar se llev\u00f3 una laptop, mientras que el segundo y tercer lugar les fue entregado una Tablet.&nbsp;<strong>Los premios fueron patrocinados por Centro Urbano<\/strong>.<\/p>\n","protected":false},"excerpt":{"rendered":"<p>Con el fin de conocer la visi\u00f3n que tienen los trabajadores de la construcci\u00f3n sobre el impacto que ha tenido el Covid-19 en la vida de los seres humanos, la&nbsp;Fundaci\u00f3n Construyendo y Creciendo&nbsp;realiz\u00f3 el concurso de fotograf\u00eda: \u2018Vida cotidiana y en el trabajo durante la pandemia\u2019. El certamen se realiz\u00f3 en el marco del d\u00e9cimo [&hellip;]<\/p>\n","protected":false},"author":1,"featured_media":8193,"comment_status":"closed","ping_status":"closed","sticky":false,"template":"","format":"standard","meta":{"site-sidebar-layout":"default","site-content-layout":"","ast-site-content-layout":"default","site-content-style":"default","site-sidebar-style":"default","ast-global-header-display":"","ast-banner-title-visibility":"","ast-main-header-display":"","ast-hfb-above-header-display":"","ast-hfb-below-header-display":"","ast-hfb-mobile-header-display":"","site-post-title":"","ast-breadcrumbs-content":"","ast-featured-img":"","footer-sml-layout":"","ast-disable-related-posts":"","theme-transparent-header-meta":"","adv-header-id-meta":"","stick-header-meta":"","header-above-stick-meta":"","header-main-stick-meta":"","header-below-stick-meta":"","astra-migrate-meta-layouts":"default","ast-page-background-enabled":"default","ast-page-background-meta":{"desktop":{"background-color":"var(--ast-global-color-4)","background-image":"","background-repeat":"repeat","background-position":"center center","background-size":"auto","background-attachment":"scroll","background-type":"","background-media":"","overlay-type":"","overlay-color":"","overlay-opacity":"","overlay-gradient":""},"tablet":{"background-color":"","background-image":"","background-repeat":"repeat","background-position":"center center","background-size":"auto","background-attachment":"scroll","background-type":"","background-media":"","overlay-type":"","overlay-color":"","overlay-opacity":"","overlay-gradient":""},"mobile":{"background-color":"","background-image":"","background-repeat":"repeat","background-position":"center center","background-size":"auto","background-attachment":"scroll","background-type":"","background-media":"","overlay-type":"","overlay-color":"","overlay-opacity":"","overlay-gradient":""}},"ast-content-background-meta":{"desktop":{"background-color":"var(--ast-global-color-5)","background-image":"","background-repeat":"repeat","background-position":"center center","background-size":"auto","background-attachment":"scroll","background-type":"","background-media":"","overlay-type":"","overlay-color":"","overlay-opacity":"","overlay-gradient":""},"tablet":{"background-color":"var(--ast-global-color-5)","background-image":"","background-repeat":"repeat","background-position":"center center","background-size":"auto","background-attachment":"scroll","background-type":"","background-media":"","overlay-type":"","overlay-color":"","overlay-opacity":"","overlay-gradient":""},"mobile":{"background-color":"var(--ast-global-color-5)","background-image":"","background-repeat":"repeat","background-position":"center center","background-size":"auto","background-attachment":"scroll","background-type":"","background-media":"","overlay-type":"","overlay-color":"","overlay-opacity":"","overlay-gradient":""}},"footnotes":""},"categories":[4],"tags":[299,755,1129],"class_list":["post-8192","post","type-post","status-publish","format-standard","has-post-thumbnail","hentry","category-noticias","tag-centro-urbano","tag-fundacion-construyendo-y-creciendo","tag-trabajadores-de-la-construccion"],"_links":{"self":[{"href":"https:\/\/hombresymujeresdelacasa.com\/home\/wp-json\/wp\/v2\/posts\/8192","targetHints":{"allow":["GET"]}}],"collection":[{"href":"https:\/\/hombresymujeresdelacasa.com\/home\/wp-json\/wp\/v2\/posts"}],"about":[{"href":"https:\/\/hombresymujeresdelacasa.com\/home\/wp-json\/wp\/v2\/types\/post"}],"author":[{"embeddable":true,"href":"https:\/\/hombresymujeresdelacasa.com\/home\/wp-json\/wp\/v2\/users\/1"}],"replies":[{"embeddable":true,"href":"https:\/\/hombresymujeresdelacasa.com\/home\/wp-json\/wp\/v2\/comments?post=8192"}],"version-history":[{"count":1,"href":"https:\/\/hombresymujeresdelacasa.com\/home\/wp-json\/wp\/v2\/posts\/8192\/revisions"}],"predecessor-version":[{"id":8194,"href":"https:\/\/hombresymujeresdelacasa.com\/home\/wp-json\/wp\/v2\/posts\/8192\/revisions\/8194"}],"wp:featuredmedia":[{"embeddable":true,"href":"https:\/\/hombresymujeresdelacasa.com\/home\/wp-json\/wp\/v2\/media\/8193"}],"wp:attachment":[{"href":"https:\/\/hombresymujeresdelacasa.com\/home\/wp-json\/wp\/v2\/media?parent=8192"}],"wp:term":[{"taxonomy":"category","embeddable":true,"href":"https:\/\/hombresymujeresdelacasa.com\/home\/wp-json\/wp\/v2\/categories?post=8192"},{"taxonomy":"post_tag","embeddable":true,"href":"https:\/\/hombresymujeresdelacasa.com\/home\/wp-json\/wp\/v2\/tags?post=8192"}],"curies":[{"name":"wp","href":"https:\/\/api.w.org\/{rel}","templated":true}]}}