{"id":8188,"date":"2020-11-23T13:00:06","date_gmt":"2020-11-23T19:00:06","guid":{"rendered":"http:\/\/hombresymujeresdelacasa.com\/home\/?p=8188"},"modified":"2021-09-28T16:41:59","modified_gmt":"2021-09-28T22:41:59","slug":"reforma-al-infonavit-beneficiara-a-los-trabajadores-mexicanos-coparmex","status":"publish","type":"post","link":"https:\/\/hombresymujeresdelacasa.com\/home\/reforma-al-infonavit-beneficiara-a-los-trabajadores-mexicanos-coparmex\/","title":{"rendered":"Reforma al Infonavit beneficiar\u00e1 a los trabajadores mexicanos: Coparmex"},"content":{"rendered":"\n<p>Por Fernanda Hern\u00e1ndez<\/p>\n\n\n\n<p>La&nbsp;<strong>Confederaci\u00f3n Patronal de la Rep\u00fablica Mexicana<\/strong>&nbsp;(<strong>Coparmex<\/strong>) afirm\u00f3 que la reforma a la Ley del&nbsp;<strong>Instituto del Fondo Nacional de la Vivienda para los Trabajadores<\/strong>&nbsp;(<a href=\"https:\/\/portalmx.infonavit.org.mx\/wps\/portal\/infonavit.web\/trabajadores\/!ut\/p\/z1\/hY7NDoIwEISfhQNXdoFoqreaIGqINyPuxQCpBVMoKRVeX_y5mIjObXe-mQwQpEBN1lcys5VuMjXeJ5qfA4YYr9Dfx2zDkK-jbbRIwiD2EY7_ABptnBB_5OmJTDUc_Dfwo2MHJJXOX3N5k4dMAhlxEUYY72bGd2lt2y1ddHEYBk9qLZXwCl27-C1S6s5C-klCW6d4nak-4Y5zB9HJFJU!\/dz\/d5\/L2dBISEvZ0FBIS9nQSEh\/\" target=\"_blank\" rel=\"noreferrer noopener nofollow\"><strong>Infonavit<\/strong><\/a>) beneficiar\u00e1 a los trabajadores mexicanos; por lo que celebr\u00f3 su reciente aprobaci\u00f3n en la C\u00e1mara de Diputados.<\/p>\n\n\n\n<p>El organismo destac\u00f3 que, a trav\u00e9s de las modificaciones y adiciones a la legislaci\u00f3n, se ofrecer\u00e1 a los derechohabientes una mayor variedad y disponibilidad de&nbsp;<strong>modelos de adquisici\u00f3n<\/strong>&nbsp;y&nbsp;<strong>financiamiento<\/strong>&nbsp;de terrenos y vivienda.<\/p>\n\n\n\n<p>\u201cLa iniciativa de reforma a la&nbsp;<strong>Ley del Infonavit<\/strong>, presentada por el Poder Ejecutivo Federal a la C\u00e1mara de Diputados del Congreso de la Uni\u00f3n y que ya fue&nbsp;<a href=\"https:\/\/centrourbano.com\/2020\/11\/19\/aprueban-diputados-reformas-al-infonavit-y-fovissste\/\" target=\"_blank\" rel=\"noreferrer noopener nofollow\">aprobada<\/a>, abre la oportunidad para que los derechohabientes de menores ingresos accedan a un patrimonio, al ofrecerles la posibilidad de adquirir un terreno para la futura edificaci\u00f3n de su vivienda\u201d, se\u00f1al\u00f3 la&nbsp;<strong>Coparmex<\/strong>.<\/p>\n\n\n\n<p>Asimismo, destac\u00f3 que ofrece opciones para que los trabajadores&nbsp;<strong>ampl\u00eden su patrimonio de vivienda<\/strong>, al permitirles contar con cr\u00e9ditos subsecuentes. Con ello, podr\u00e1n adquirir otra vivienda o ampliar la que adquirieron con su cuenta original.<\/p>\n\n\n\n<p>Adem\u00e1s, la reforma otorgar\u00e1 mayor&nbsp;<strong>flexibilidad para el uso de los cr\u00e9ditos<\/strong>&nbsp;que ofrece el Infonavit. Y considera dotar de mayor libertad a los trabajadores para usar su cr\u00e9dito como mejor les convenga; ya sea comprar una casa o terreno, construir o remodelar, o usar su ahorro como garant\u00eda para adquirir cr\u00e9dito.<\/p>\n\n\n\n<p>\u201cCon la presente reforma, el&nbsp;<strong>Infonavit<\/strong>&nbsp;ofrece un paquete m\u00e1s amplio de soluciones para que los derechohabientes puedan incrementar su patrimonio de vivienda. Asimismo, se promueve, de forma adicional, la competencia en el sistema financiero hipotecario.<\/p>\n\n\n\n<p>\u201cGracias a esta reforma el derechohabiente podr\u00e1 elegir la vivienda o terreno libremente; siempre y cuando cumpla con las condiciones t\u00e9cnicas y el Infonavit cuente con las garant\u00edas del valor del inmueble\u201d, subray\u00f3 la&nbsp;<strong>Coparmex<\/strong>.<\/p>\n\n\n\n<p>De igual manera, la Confederaci\u00f3n hizo un llamado al&nbsp;<strong>Consejo de Administraci\u00f3n del Infonavit<\/strong>, para que reglamente las nuevas disposiciones establecidas en la reforma a la ley.<\/p>\n","protected":false},"excerpt":{"rendered":"<p>Por Fernanda Hern\u00e1ndez La&nbsp;Confederaci\u00f3n Patronal de la Rep\u00fablica Mexicana&nbsp;(Coparmex) afirm\u00f3 que la reforma a la Ley del&nbsp;Instituto del Fondo Nacional de la Vivienda para los Trabajadores&nbsp;(Infonavit) beneficiar\u00e1 a los trabajadores mexicanos; por lo que celebr\u00f3 su reciente aprobaci\u00f3n en la C\u00e1mara de Diputados. El organismo destac\u00f3 que, a trav\u00e9s de las modificaciones y adiciones a [&hellip;]<\/p>\n","protected":false},"author":1,"featured_media":8189,"comment_status":"closed","ping_status":"closed","sticky":false,"template":"","format":"standard","meta":{"site-sidebar-layout":"default","site-content-layout":"","ast-site-content-layout":"default","site-content-style":"default","site-sidebar-style":"default","ast-global-header-display":"","ast-banner-title-visibility":"","ast-main-header-display":"","ast-hfb-above-header-display":"","ast-hfb-below-header-display":"","ast-hfb-mobile-header-display":"","site-post-title":"","ast-breadcrumbs-content":"","ast-featured-img":"","footer-sml-layout":"","ast-disable-related-posts":"","theme-transparent-header-meta":"","adv-header-id-meta":"","stick-header-meta":"","header-above-stick-meta":"","header-main-stick-meta":"","header-below-stick-meta":"","astra-migrate-meta-layouts":"default","ast-page-background-enabled":"default","ast-page-background-meta":{"desktop":{"background-color":"var(--ast-global-color-4)","background-image":"","background-repeat":"repeat","background-position":"center center","background-size":"auto","background-attachment":"scroll","background-type":"","background-media":"","overlay-type":"","overlay-color":"","overlay-opacity":"","overlay-gradient":""},"tablet":{"background-color":"","background-image":"","background-repeat":"repeat","background-position":"center center","background-size":"auto","background-attachment":"scroll","background-type":"","background-media":"","overlay-type":"","overlay-color":"","overlay-opacity":"","overlay-gradient":""},"mobile":{"background-color":"","background-image":"","background-repeat":"repeat","background-position":"center center","background-size":"auto","background-attachment":"scroll","background-type":"","background-media":"","overlay-type":"","overlay-color":"","overlay-opacity":"","overlay-gradient":""}},"ast-content-background-meta":{"desktop":{"background-color":"var(--ast-global-color-5)","background-image":"","background-repeat":"repeat","background-position":"center center","background-size":"auto","background-attachment":"scroll","background-type":"","background-media":"","overlay-type":"","overlay-color":"","overlay-opacity":"","overlay-gradient":""},"tablet":{"background-color":"var(--ast-global-color-5)","background-image":"","background-repeat":"repeat","background-position":"center center","background-size":"auto","background-attachment":"scroll","background-type":"","background-media":"","overlay-type":"","overlay-color":"","overlay-opacity":"","overlay-gradient":""},"mobile":{"background-color":"var(--ast-global-color-5)","background-image":"","background-repeat":"repeat","background-position":"center center","background-size":"auto","background-attachment":"scroll","background-type":"","background-media":"","overlay-type":"","overlay-color":"","overlay-opacity":"","overlay-gradient":""}},"footnotes":""},"categories":[4],"tags":[738,56,102,2055],"class_list":["post-8188","post","type-post","status-publish","format-standard","has-post-thumbnail","hentry","category-noticias","tag-coparmex","tag-credito-hipotecario","tag-infonavit","tag-reforma"],"_links":{"self":[{"href":"https:\/\/hombresymujeresdelacasa.com\/home\/wp-json\/wp\/v2\/posts\/8188","targetHints":{"allow":["GET"]}}],"collection":[{"href":"https:\/\/hombresymujeresdelacasa.com\/home\/wp-json\/wp\/v2\/posts"}],"about":[{"href":"https:\/\/hombresymujeresdelacasa.com\/home\/wp-json\/wp\/v2\/types\/post"}],"author":[{"embeddable":true,"href":"https:\/\/hombresymujeresdelacasa.com\/home\/wp-json\/wp\/v2\/users\/1"}],"replies":[{"embeddable":true,"href":"https:\/\/hombresymujeresdelacasa.com\/home\/wp-json\/wp\/v2\/comments?post=8188"}],"version-history":[{"count":1,"href":"https:\/\/hombresymujeresdelacasa.com\/home\/wp-json\/wp\/v2\/posts\/8188\/revisions"}],"predecessor-version":[{"id":8190,"href":"https:\/\/hombresymujeresdelacasa.com\/home\/wp-json\/wp\/v2\/posts\/8188\/revisions\/8190"}],"wp:featuredmedia":[{"embeddable":true,"href":"https:\/\/hombresymujeresdelacasa.com\/home\/wp-json\/wp\/v2\/media\/8189"}],"wp:attachment":[{"href":"https:\/\/hombresymujeresdelacasa.com\/home\/wp-json\/wp\/v2\/media?parent=8188"}],"wp:term":[{"taxonomy":"category","embeddable":true,"href":"https:\/\/hombresymujeresdelacasa.com\/home\/wp-json\/wp\/v2\/categories?post=8188"},{"taxonomy":"post_tag","embeddable":true,"href":"https:\/\/hombresymujeresdelacasa.com\/home\/wp-json\/wp\/v2\/tags?post=8188"}],"curies":[{"name":"wp","href":"https:\/\/api.w.org\/{rel}","templated":true}]}}