{"id":8174,"date":"2020-11-19T12:55:11","date_gmt":"2020-11-19T18:55:11","guid":{"rendered":"http:\/\/hombresymujeresdelacasa.com\/home\/?p=8174"},"modified":"2021-09-28T16:41:59","modified_gmt":"2021-09-28T22:41:59","slug":"emite-onu-habitat-lineamientos-para-el-mejoramiento-integral-de-barrios","status":"publish","type":"post","link":"https:\/\/hombresymujeresdelacasa.com\/home\/emite-onu-habitat-lineamientos-para-el-mejoramiento-integral-de-barrios\/","title":{"rendered":"Emite ONU-Habitat lineamientos para el mejoramiento integral de barrios"},"content":{"rendered":"\n<p>Por Fernanda Hern\u00e1ndez<\/p>\n\n\n\n<p><strong>ONU-Habitat<\/strong>, el programa de las Naciones Unidas para los asentamientos humanos, present\u00f3 el&nbsp;<strong>Dec\u00e1logo para el Mejoramiento Integral de Barrios<\/strong>&nbsp;para Am\u00e9rica Latina y el Caribe. El cual tiene la finalidad de contribuir en la&nbsp;<strong>recuperaci\u00f3n post Covid-19<\/strong>; as\u00ed como al bienestar de la poblaci\u00f3n, la concreci\u00f3n de sus derechos y el respeto del entorno.<\/p>\n\n\n\n<p>La agencia explic\u00f3 que los lineamientos surgieron de la alianza entre organizaciones de la sociedad civil, movimientos sociales, universidades, centros de investigaci\u00f3n, organizaciones y redes internacionales y regionales que se han sumado a la iniciativa \u2018<strong>Sinergias para la solidaridad<\/strong>\u2019. La cual tiene el objetivo de imaginar colectivamente un futuro post pandemia m\u00e1s justo, al construir una red global de colaboraci\u00f3n y empat\u00eda.<\/p>\n\n\n\n<p>\u201cLas organizaciones impulsoras defienden que el desarrollo de un renovado programa de mejoramiento integral de barrios saludables es fundamental para responder a las necesidades inmediatas y tambi\u00e9n para aportar a una recuperaci\u00f3n post pandemia de largo plazo basada en el bienestar de la poblaci\u00f3n, la concreci\u00f3n de sus derechos y el respeto del entorno\u201d, se\u00f1al\u00f3&nbsp;<strong>ONU-Habitat<\/strong>.<\/p>\n\n\n\n<p>Los 10 lineamientos que presenta&nbsp;<strong>ONU-Habitat<\/strong>&nbsp;surgen de un proceso de an\u00e1lisis y s\u00edntesis de diferentes documentos y estrategias enmarcados en la respuesta al Covid-19. Adem\u00e1s del conocimiento concreto generado por pobladores y diferentes actores involucrados en el proceso hist\u00f3rico de desarrollo de proyectos de mejoramiento integral de barrios en Latinoam\u00e9rica y en el Caribe.<\/p>\n\n\n\n<h4 class=\"wp-block-heading\"><strong>Dec\u00e1logo para el Mejoramiento Integral de Barrios<\/strong><\/h4>\n\n\n\n<ol class=\"wp-block-list\"><li><strong>Gobernanza territorial<\/strong><\/li><\/ol>\n\n\n\n<p>El Mejoramiento Integral de Barrios (MIB) es un compromiso pol\u00edtico de largo plazo en el que intervienen m\u00faltiples actores. Esto para garantizar el derecho a la ciudad de los diversos barrios autoconstruidos; as\u00ed como para impactar positivamente a toda la ciudad.<\/p>\n\n\n\n<ol class=\"wp-block-list\" start=\"2\"><li><strong>Pol\u00edtica P\u00fablica<\/strong><\/li><\/ol>\n\n\n\n<p>El MIB debe ser parte de una pol\u00edtica p\u00fablica en materia de salud y habitacional, comprometida con la funci\u00f3n social y ecol\u00f3gica.<\/p>\n\n\n\n<ol class=\"wp-block-list\" start=\"3\"><li><strong>Provisi\u00f3n de infraestructura<\/strong><\/li><\/ol>\n\n\n\n<p>El Mejoramiento Integral de Barrios debe garantizar el acceso universal a los servicios p\u00fablicos esenciales, de salud, a la conexi\u00f3n digital, al espacio p\u00fablico y a infraestructuras sociales de calidad.<\/p>\n\n\n\n<ol class=\"wp-block-list\" start=\"4\"><li><strong>Planeaci\u00f3n territorial<\/strong><\/li><\/ol>\n\n\n\n<p>Para el MIB se debe tener un enfoque territorial multiescalar; adem\u00e1s, tiene que ser liderado por los pobladores y basarse en la coordinaci\u00f3n interinstitucional.<\/p>\n\n\n\n<ol class=\"wp-block-list\" start=\"5\"><li><strong>Reconocimiento pol\u00edtico<\/strong><\/li><\/ol>\n\n\n\n<p>La estrategia para el Mejoramiento Integral de Barrios debe garantizar la protecci\u00f3n de derechos humanos para alcanzar una ciudad libre de discriminaci\u00f3n, comprometida con la inclusi\u00f3n y la no estigmatizaci\u00f3n de barrios populares.<\/p>\n\n\n\n<ol class=\"wp-block-list\" start=\"6\"><li><strong>Diversidad social<\/strong><\/li><\/ol>\n\n\n\n<p>El MIB debe centrarse en el cuidado desde un enfoque interseccional que promueva la participaci\u00f3n equitativa de todos los sectores de la poblaci\u00f3n.<\/p>\n\n\n\n<ol class=\"wp-block-list\" start=\"7\"><li><strong>Econom\u00edas solidarias<\/strong><\/li><\/ol>\n\n\n\n<p>El MIB debe promover una reactivaci\u00f3n productiva verde que apoye la soberan\u00eda alimentaria y la econom\u00eda popular, solidaria y del cuidado.<\/p>\n\n\n\n<ol class=\"wp-block-list\" start=\"8\"><li><strong>Di\u00e1logo de saberes<\/strong><\/li><\/ol>\n\n\n\n<p>El Mejoramiento debe ser concentrado, coproducido y comunitario a partir de datos territoriales protegidos y conocimientos locales.<\/p>\n\n\n\n<ol class=\"wp-block-list\" start=\"9\"><li><strong>Memoria colectiva<\/strong><\/li><\/ol>\n\n\n\n<p>Se debe recuperar la memoria colectiva de los habitantes de los barrios, con el apoyo psicosocial de los l\u00edderes comunitarios.<\/p>\n\n\n\n<ol class=\"wp-block-list\" start=\"10\"><li><strong>Justicia clim\u00e1tica<\/strong><\/li><\/ol>\n\n\n\n<p>El MIB debe comprometerse con la justicia clim\u00e1tica, la reducci\u00f3n de riesgos de desastres y el fortalecimiento de la resiliencia. Esto a trav\u00e9s de un enfoque ecofeminista e intergeneracional.<\/p>\n\n\n\n<div class=\"wp-block-image\"><figure class=\"aligncenter\"><a href=\"https:\/\/centrourbano.com\/revista\/wp-content\/uploads\/decalogo-mejoramiento-de-barrios.png\" target=\"_blank\" rel=\"noreferrer noopener nofollow\"><img decoding=\"async\" src=\"https:\/\/centrourbano.com\/revista\/wp-content\/uploads\/decalogo-mejoramiento-de-barrios.png\" alt=\"\" class=\"wp-image-112981\"\/><\/a><\/figure><\/div>\n","protected":false},"excerpt":{"rendered":"<p>Por Fernanda Hern\u00e1ndez ONU-Habitat, el programa de las Naciones Unidas para los asentamientos humanos, present\u00f3 el&nbsp;Dec\u00e1logo para el Mejoramiento Integral de Barrios&nbsp;para Am\u00e9rica Latina y el Caribe. El cual tiene la finalidad de contribuir en la&nbsp;recuperaci\u00f3n post Covid-19; as\u00ed como al bienestar de la poblaci\u00f3n, la concreci\u00f3n de sus derechos y el respeto del entorno. [&hellip;]<\/p>\n","protected":false},"author":1,"featured_media":8175,"comment_status":"closed","ping_status":"closed","sticky":false,"template":"","format":"standard","meta":{"site-sidebar-layout":"default","site-content-layout":"","ast-site-content-layout":"default","site-content-style":"default","site-sidebar-style":"default","ast-global-header-display":"","ast-banner-title-visibility":"","ast-main-header-display":"","ast-hfb-above-header-display":"","ast-hfb-below-header-display":"","ast-hfb-mobile-header-display":"","site-post-title":"","ast-breadcrumbs-content":"","ast-featured-img":"","footer-sml-layout":"","ast-disable-related-posts":"","theme-transparent-header-meta":"","adv-header-id-meta":"","stick-header-meta":"","header-above-stick-meta":"","header-main-stick-meta":"","header-below-stick-meta":"","astra-migrate-meta-layouts":"default","ast-page-background-enabled":"default","ast-page-background-meta":{"desktop":{"background-color":"var(--ast-global-color-4)","background-image":"","background-repeat":"repeat","background-position":"center center","background-size":"auto","background-attachment":"scroll","background-type":"","background-media":"","overlay-type":"","overlay-color":"","overlay-opacity":"","overlay-gradient":""},"tablet":{"background-color":"","background-image":"","background-repeat":"repeat","background-position":"center center","background-size":"auto","background-attachment":"scroll","background-type":"","background-media":"","overlay-type":"","overlay-color":"","overlay-opacity":"","overlay-gradient":""},"mobile":{"background-color":"","background-image":"","background-repeat":"repeat","background-position":"center center","background-size":"auto","background-attachment":"scroll","background-type":"","background-media":"","overlay-type":"","overlay-color":"","overlay-opacity":"","overlay-gradient":""}},"ast-content-background-meta":{"desktop":{"background-color":"var(--ast-global-color-5)","background-image":"","background-repeat":"repeat","background-position":"center center","background-size":"auto","background-attachment":"scroll","background-type":"","background-media":"","overlay-type":"","overlay-color":"","overlay-opacity":"","overlay-gradient":""},"tablet":{"background-color":"var(--ast-global-color-5)","background-image":"","background-repeat":"repeat","background-position":"center center","background-size":"auto","background-attachment":"scroll","background-type":"","background-media":"","overlay-type":"","overlay-color":"","overlay-opacity":"","overlay-gradient":""},"mobile":{"background-color":"var(--ast-global-color-5)","background-image":"","background-repeat":"repeat","background-position":"center center","background-size":"auto","background-attachment":"scroll","background-type":"","background-media":"","overlay-type":"","overlay-color":"","overlay-opacity":"","overlay-gradient":""}},"footnotes":""},"categories":[4],"tags":[1975,3245,522,1157],"class_list":["post-8174","post","type-post","status-publish","format-standard","has-post-thumbnail","hentry","category-noticias","tag-covid-19","tag-mejoramiento-integral-de-barrios","tag-onu-habitat","tag-recuperacion"],"_links":{"self":[{"href":"https:\/\/hombresymujeresdelacasa.com\/home\/wp-json\/wp\/v2\/posts\/8174","targetHints":{"allow":["GET"]}}],"collection":[{"href":"https:\/\/hombresymujeresdelacasa.com\/home\/wp-json\/wp\/v2\/posts"}],"about":[{"href":"https:\/\/hombresymujeresdelacasa.com\/home\/wp-json\/wp\/v2\/types\/post"}],"author":[{"embeddable":true,"href":"https:\/\/hombresymujeresdelacasa.com\/home\/wp-json\/wp\/v2\/users\/1"}],"replies":[{"embeddable":true,"href":"https:\/\/hombresymujeresdelacasa.com\/home\/wp-json\/wp\/v2\/comments?post=8174"}],"version-history":[{"count":1,"href":"https:\/\/hombresymujeresdelacasa.com\/home\/wp-json\/wp\/v2\/posts\/8174\/revisions"}],"predecessor-version":[{"id":8176,"href":"https:\/\/hombresymujeresdelacasa.com\/home\/wp-json\/wp\/v2\/posts\/8174\/revisions\/8176"}],"wp:featuredmedia":[{"embeddable":true,"href":"https:\/\/hombresymujeresdelacasa.com\/home\/wp-json\/wp\/v2\/media\/8175"}],"wp:attachment":[{"href":"https:\/\/hombresymujeresdelacasa.com\/home\/wp-json\/wp\/v2\/media?parent=8174"}],"wp:term":[{"taxonomy":"category","embeddable":true,"href":"https:\/\/hombresymujeresdelacasa.com\/home\/wp-json\/wp\/v2\/categories?post=8174"},{"taxonomy":"post_tag","embeddable":true,"href":"https:\/\/hombresymujeresdelacasa.com\/home\/wp-json\/wp\/v2\/tags?post=8174"}],"curies":[{"name":"wp","href":"https:\/\/api.w.org\/{rel}","templated":true}]}}