{"id":8155,"date":"2020-11-13T13:00:56","date_gmt":"2020-11-13T19:00:56","guid":{"rendered":"http:\/\/hombresymujeresdelacasa.com\/home\/?p=8155"},"modified":"2021-09-28T16:41:59","modified_gmt":"2021-09-28T22:41:59","slug":"impulsa-sedatu-ordenamiento-territorial-de-la-region-sureste","status":"publish","type":"post","link":"https:\/\/hombresymujeresdelacasa.com\/home\/impulsa-sedatu-ordenamiento-territorial-de-la-region-sureste\/","title":{"rendered":"Impulsa Sedatu ordenamiento territorial de la regi\u00f3n sureste"},"content":{"rendered":"\n<p>Por Fernanda Hern\u00e1ndez<\/p>\n\n\n\n<p>En el marco del proyecto del&nbsp;<strong>Tren Maya<\/strong>, la&nbsp;<strong>Secretar\u00eda de Desarrollo Agrario, Territorial y Urbano<\/strong>&nbsp;(<strong>Sedatu<\/strong>) promover\u00e1 un modelo de ordenamiento integral, sustentable que armonice el ordenamiento ecol\u00f3gico con el desarrollo de los asentamientos humanos urbanos y rurales en la regi\u00f3n sureste del pa\u00eds; esto a trav\u00e9s de la creaci\u00f3n del&nbsp;<strong>Programa Regional de Ordenamiento Territorial<\/strong>.<\/p>\n\n\n\n<p>Al respecto,&nbsp;<strong>Rom\u00e1n Meyer Falc\u00f3n<\/strong>,&nbsp;<strong>titular de la Sedatu<\/strong>, destac\u00f3 la importancia de que un proyecto de la magnitud del&nbsp;<a href=\"https:\/\/centrourbano.com\/2020\/10\/28\/tren-maya-proyectos-america-norte\/\" target=\"_blank\" rel=\"noreferrer noopener nofollow\"><strong>Tren Maya<\/strong>&nbsp;<\/a>se realice partiendo de un ordenamiento territorial en el que se conjuguen los temas agrarios, ambientales, rurales y urbanos.<\/p>\n\n\n\n<p>\u201cCreo que ser\u00e1 el ejercicio de planeaci\u00f3n territorial m\u00e1s ambicioso del&nbsp;<strong>Gobierno de M\u00e9xico<\/strong>&nbsp;este sexenio por la longitud, dimensi\u00f3n, complejidad y dinamismo de las diferentes ciudades y regiones en las que va a correr el tren. Reitero que ser\u00e1 el ejercicio de planeaci\u00f3n m\u00e1s importante de las pr\u00f3ximas d\u00e9cadas; y tenemos la fortuna de asegurar, en la medida de nuestros alcances, que se lleve a cabo de la mejor manera\u201d, agreg\u00f3.<\/p>\n\n\n\n<p>El nuevo&nbsp;<strong>Programa<\/strong>&nbsp;<strong>Regional de Ordenamiento Territorial<\/strong>&nbsp;buscar\u00e1 generar pol\u00edticas en el territorio, incluir procesos de consultas y considerar a los pueblos y comunidades ind\u00edgenas. Adem\u00e1s de evitar diferencias en el territorio por l\u00edmites pol\u00edtico-administrativos, propiciar cadenas de valor, reconocer el patrimonio cultural; as\u00ed como derivar en una normatividad urbana y ecol\u00f3gica del suelo a nivel municipal.<\/p>\n\n\n\n<p>El titular de la&nbsp;<strong>Sedatu<\/strong>&nbsp;destac\u00f3 que los gastos para la confecci\u00f3n del Programa en la regi\u00f3n del&nbsp;<strong>Tren Maya<\/strong>&nbsp;ser\u00e1n financiados a trav\u00e9s del&nbsp;<strong>Programa de Mejoramiento Urbano<\/strong>&nbsp;(<strong>PMU<\/strong>). Asimismo, mediante esta estrategia se intervendr\u00e1n localidades de Campeche, Chiapas, Quintana Roo, Tabasco y Yucat\u00e1n; con una inversi\u00f3n de m\u00e1s de 10,500 millones de pesos entre 2020 y 2021.<\/p>\n\n\n\n<p>Finalmente, la&nbsp;<strong>Sedatu<\/strong>&nbsp;propuso la firma de un convenio de colaboraci\u00f3n con la&nbsp;<strong>Secretar\u00eda de Medio Ambiente y Recursos Naturales<\/strong>&nbsp;(<strong>Semarnat<\/strong>) y el&nbsp;<strong>Fondo Nacional de Fomento al Turismo<\/strong>&nbsp;(<strong>Fonatur<\/strong>). Esto con el prop\u00f3sito de elaborar el&nbsp;<strong>Programa Regional de<\/strong>&nbsp;<strong>Ordenamiento Territorial<\/strong>&nbsp;en la regi\u00f3n del&nbsp;<strong>Tren Maya,<\/strong>&nbsp;a trav\u00e9s de un grupo de trabajo y con la participaci\u00f3n de autoridades de los tres \u00f3rdenes de gobierno.<\/p>\n","protected":false},"excerpt":{"rendered":"<p>Por Fernanda Hern\u00e1ndez En el marco del proyecto del&nbsp;Tren Maya, la&nbsp;Secretar\u00eda de Desarrollo Agrario, Territorial y Urbano&nbsp;(Sedatu) promover\u00e1 un modelo de ordenamiento integral, sustentable que armonice el ordenamiento ecol\u00f3gico con el desarrollo de los asentamientos humanos urbanos y rurales en la regi\u00f3n sureste del pa\u00eds; esto a trav\u00e9s de la creaci\u00f3n del&nbsp;Programa Regional de Ordenamiento [&hellip;]<\/p>\n","protected":false},"author":1,"featured_media":8156,"comment_status":"closed","ping_status":"closed","sticky":false,"template":"","format":"standard","meta":{"site-sidebar-layout":"default","site-content-layout":"","ast-site-content-layout":"default","site-content-style":"default","site-sidebar-style":"default","ast-global-header-display":"","ast-banner-title-visibility":"","ast-main-header-display":"","ast-hfb-above-header-display":"","ast-hfb-below-header-display":"","ast-hfb-mobile-header-display":"","site-post-title":"","ast-breadcrumbs-content":"","ast-featured-img":"","footer-sml-layout":"","ast-disable-related-posts":"","theme-transparent-header-meta":"","adv-header-id-meta":"","stick-header-meta":"","header-above-stick-meta":"","header-main-stick-meta":"","header-below-stick-meta":"","astra-migrate-meta-layouts":"default","ast-page-background-enabled":"default","ast-page-background-meta":{"desktop":{"background-color":"var(--ast-global-color-4)","background-image":"","background-repeat":"repeat","background-position":"center center","background-size":"auto","background-attachment":"scroll","background-type":"","background-media":"","overlay-type":"","overlay-color":"","overlay-opacity":"","overlay-gradient":""},"tablet":{"background-color":"","background-image":"","background-repeat":"repeat","background-position":"center center","background-size":"auto","background-attachment":"scroll","background-type":"","background-media":"","overlay-type":"","overlay-color":"","overlay-opacity":"","overlay-gradient":""},"mobile":{"background-color":"","background-image":"","background-repeat":"repeat","background-position":"center center","background-size":"auto","background-attachment":"scroll","background-type":"","background-media":"","overlay-type":"","overlay-color":"","overlay-opacity":"","overlay-gradient":""}},"ast-content-background-meta":{"desktop":{"background-color":"var(--ast-global-color-5)","background-image":"","background-repeat":"repeat","background-position":"center center","background-size":"auto","background-attachment":"scroll","background-type":"","background-media":"","overlay-type":"","overlay-color":"","overlay-opacity":"","overlay-gradient":""},"tablet":{"background-color":"var(--ast-global-color-5)","background-image":"","background-repeat":"repeat","background-position":"center center","background-size":"auto","background-attachment":"scroll","background-type":"","background-media":"","overlay-type":"","overlay-color":"","overlay-opacity":"","overlay-gradient":""},"mobile":{"background-color":"var(--ast-global-color-5)","background-image":"","background-repeat":"repeat","background-position":"center center","background-size":"auto","background-attachment":"scroll","background-type":"","background-media":"","overlay-type":"","overlay-color":"","overlay-opacity":"","overlay-gradient":""}},"footnotes":""},"categories":[4],"tags":[1585,1451,1223,3433,154,3434,1344],"class_list":["post-8155","post","type-post","status-publish","format-standard","has-post-thumbnail","hentry","category-noticias","tag-fonatur","tag-ordenamiento-territorial","tag-pmu","tag-roman-falcon","tag-sedatu","tag-semanrnat","tag-tren-maya"],"_links":{"self":[{"href":"https:\/\/hombresymujeresdelacasa.com\/home\/wp-json\/wp\/v2\/posts\/8155","targetHints":{"allow":["GET"]}}],"collection":[{"href":"https:\/\/hombresymujeresdelacasa.com\/home\/wp-json\/wp\/v2\/posts"}],"about":[{"href":"https:\/\/hombresymujeresdelacasa.com\/home\/wp-json\/wp\/v2\/types\/post"}],"author":[{"embeddable":true,"href":"https:\/\/hombresymujeresdelacasa.com\/home\/wp-json\/wp\/v2\/users\/1"}],"replies":[{"embeddable":true,"href":"https:\/\/hombresymujeresdelacasa.com\/home\/wp-json\/wp\/v2\/comments?post=8155"}],"version-history":[{"count":1,"href":"https:\/\/hombresymujeresdelacasa.com\/home\/wp-json\/wp\/v2\/posts\/8155\/revisions"}],"predecessor-version":[{"id":8157,"href":"https:\/\/hombresymujeresdelacasa.com\/home\/wp-json\/wp\/v2\/posts\/8155\/revisions\/8157"}],"wp:featuredmedia":[{"embeddable":true,"href":"https:\/\/hombresymujeresdelacasa.com\/home\/wp-json\/wp\/v2\/media\/8156"}],"wp:attachment":[{"href":"https:\/\/hombresymujeresdelacasa.com\/home\/wp-json\/wp\/v2\/media?parent=8155"}],"wp:term":[{"taxonomy":"category","embeddable":true,"href":"https:\/\/hombresymujeresdelacasa.com\/home\/wp-json\/wp\/v2\/categories?post=8155"},{"taxonomy":"post_tag","embeddable":true,"href":"https:\/\/hombresymujeresdelacasa.com\/home\/wp-json\/wp\/v2\/tags?post=8155"}],"curies":[{"name":"wp","href":"https:\/\/api.w.org\/{rel}","templated":true}]}}