{"id":8149,"date":"2020-11-12T10:26:52","date_gmt":"2020-11-12T16:26:52","guid":{"rendered":"http:\/\/hombresymujeresdelacasa.com\/home\/?p=8149"},"modified":"2021-09-28T16:42:00","modified_gmt":"2021-09-28T22:42:00","slug":"sedatu-lanzara-en-diciembre-la-plataforma-decide-y-construye","status":"publish","type":"post","link":"https:\/\/hombresymujeresdelacasa.com\/home\/sedatu-lanzara-en-diciembre-la-plataforma-decide-y-construye\/","title":{"rendered":"Sedatu lanzar\u00e1 en diciembre la plataforma Decide y Construye"},"content":{"rendered":"\n<p>Por Fernanda Hern\u00e1ndez<\/p>\n\n\n\n<p><strong>Rom\u00e1n Meyer Falc\u00f3n<\/strong>,&nbsp;<strong>titular de la<\/strong>&nbsp;<strong>Secretar\u00eda de Desarrollo Agrario<\/strong>,&nbsp;<strong>Territorial y Urbano<\/strong>&nbsp;(<strong>Sedatu<\/strong>), anunci\u00f3 que la plataforma la plataforma de autoproducci\u00f3n de vivienda \u2018<strong>Decide y construye<\/strong>\u2019 estar\u00e1 disponible el pr\u00f3ximo mes de diciembre.<\/p>\n\n\n\n<p>El secretario explic\u00f3 que, a trav\u00e9s de la plataforma, las familias que&nbsp;<a href=\"https:\/\/centrourbano.com\/2020\/11\/03\/sedatu-diputados-programas-prioritarios\/\" target=\"_blank\" rel=\"noreferrer noopener nofollow\">autoconstruyen<\/a>&nbsp;sus viviendas podr\u00e1n encontrar informaci\u00f3n precisa para tomar las mejores decisiones.<\/p>\n\n\n\n<p>\u201cLa gran mayor\u00eda de la poblaci\u00f3n mexicana autoconstruye su vivienda: dos terceras partes de mexicanos autoproducen su vivienda. Por eso hemos conformado esta plataforma que orientar\u00e1 a la poblaci\u00f3n mexicana sobre c\u00f3mo llevar a cabo este proceso\u201d, dijo el titular de la Sedatu.<\/p>\n\n\n\n<p>La plataforma \u2018<strong>Decide y Construye<\/strong>\u2019 contar\u00e1 con tres tipos de contenido:<\/p>\n\n\n\n<ol class=\"wp-block-list\"><li>Informaci\u00f3n sobre&nbsp;<strong>programas y apoyos<\/strong>&nbsp;que ofrece el sector p\u00fablico para construir una casa; videos y gu\u00edas para conocer todo lo que se necesita antes de iniciar la obra y en el proceso de construcci\u00f3n; planos y manuales de viviendas dise\u00f1adas de acuerdo con el clima de diferentes regiones del pa\u00eds; as\u00ed como orientaci\u00f3n sobre los tr\u00e1mites para cumplir con la normatividad local.<\/li><li>Herramientas de&nbsp;<strong>autodiagn\u00f3stico<\/strong>&nbsp;para identificar las necesidades familiares y las condiciones de la vivienda actual para planear la obra; y una calculadora con precios reales y por regi\u00f3n para proyectar el costo de la vivienda.<\/li><li>Cuestionarios que ayudar\u00e1n a identificar la&nbsp;<strong>mejor opci\u00f3n de apoyo<\/strong>; as\u00ed como si las personas cumplen con los requisitos para acceder a alguno de los programas que se ofrecen a trav\u00e9s de la&nbsp;<strong>Comisi\u00f3n Nacional de Vivienda<\/strong>&nbsp;(Conavi); el&nbsp;<strong>Instituto Nacional del Suelo Sustentable<\/strong>&nbsp;(Insus); la&nbsp;<strong>Sociedad Hipotecaria Federal<\/strong>&nbsp;(SHF); el Insti<strong>tuto del Fondo Nacional de la Vivienda para los Trabajadores<\/strong>&nbsp;(Infonavit); y el&nbsp;<strong>Fondo de la Vivienda del Instituto de Seguridad y Servicios Sociales de los Trabajadores del Estado<\/strong>&nbsp;(Fovissste).<\/li><\/ol>\n\n\n\n<p>El titular de la&nbsp;<strong>Sedatu<\/strong>&nbsp;indic\u00f3 que, a partir de la segunda mitad de 2021, la plataforma tambi\u00e9n incluir\u00e1 servicios de&nbsp;<strong>acompa\u00f1amiento t\u00e9cnico<\/strong>&nbsp;para la construcci\u00f3n. De igual manera, se podr\u00e1 conocer la oferta de&nbsp;<strong>materiales<\/strong>&nbsp;y&nbsp;<strong>precios<\/strong>&nbsp;por regi\u00f3n para poder comparar y tomar mejores decisiones; as\u00ed como de&nbsp;<strong>suelo<\/strong>&nbsp;disponible para comenzar un proyecto de construcci\u00f3n de vivienda.<\/p>\n\n\n\n<p>\u201cVamos a hacer una&nbsp;<strong>convocatoria nacional<\/strong>&nbsp;para que profesionistas calificados puedan registrarse en esta plataforma para ofrecer sus servicios y que atiendan a la poblaci\u00f3n que viva cerca de donde ellos residan. Esta es una plataforma que vendr\u00e1 a reforzar a esta nueva pol\u00edtica p\u00fablica en materia de vivienda, entendiendo que la gran mayor\u00eda de los mexicanos autoproduce su propia vivienda\u201d, detall\u00f3 el secretario.<\/p>\n","protected":false},"excerpt":{"rendered":"<p>Por Fernanda Hern\u00e1ndez Rom\u00e1n Meyer Falc\u00f3n,&nbsp;titular de la&nbsp;Secretar\u00eda de Desarrollo Agrario,&nbsp;Territorial y Urbano&nbsp;(Sedatu), anunci\u00f3 que la plataforma la plataforma de autoproducci\u00f3n de vivienda \u2018Decide y construye\u2019 estar\u00e1 disponible el pr\u00f3ximo mes de diciembre. El secretario explic\u00f3 que, a trav\u00e9s de la plataforma, las familias que&nbsp;autoconstruyen&nbsp;sus viviendas podr\u00e1n encontrar informaci\u00f3n precisa para tomar las mejores decisiones. [&hellip;]<\/p>\n","protected":false},"author":1,"featured_media":8150,"comment_status":"closed","ping_status":"closed","sticky":false,"template":"","format":"standard","meta":{"site-sidebar-layout":"default","site-content-layout":"","ast-site-content-layout":"default","site-content-style":"default","site-sidebar-style":"default","ast-global-header-display":"","ast-banner-title-visibility":"","ast-main-header-display":"","ast-hfb-above-header-display":"","ast-hfb-below-header-display":"","ast-hfb-mobile-header-display":"","site-post-title":"","ast-breadcrumbs-content":"","ast-featured-img":"","footer-sml-layout":"","ast-disable-related-posts":"","theme-transparent-header-meta":"","adv-header-id-meta":"","stick-header-meta":"","header-above-stick-meta":"","header-main-stick-meta":"","header-below-stick-meta":"","astra-migrate-meta-layouts":"default","ast-page-background-enabled":"default","ast-page-background-meta":{"desktop":{"background-color":"var(--ast-global-color-4)","background-image":"","background-repeat":"repeat","background-position":"center center","background-size":"auto","background-attachment":"scroll","background-type":"","background-media":"","overlay-type":"","overlay-color":"","overlay-opacity":"","overlay-gradient":""},"tablet":{"background-color":"","background-image":"","background-repeat":"repeat","background-position":"center center","background-size":"auto","background-attachment":"scroll","background-type":"","background-media":"","overlay-type":"","overlay-color":"","overlay-opacity":"","overlay-gradient":""},"mobile":{"background-color":"","background-image":"","background-repeat":"repeat","background-position":"center center","background-size":"auto","background-attachment":"scroll","background-type":"","background-media":"","overlay-type":"","overlay-color":"","overlay-opacity":"","overlay-gradient":""}},"ast-content-background-meta":{"desktop":{"background-color":"var(--ast-global-color-5)","background-image":"","background-repeat":"repeat","background-position":"center center","background-size":"auto","background-attachment":"scroll","background-type":"","background-media":"","overlay-type":"","overlay-color":"","overlay-opacity":"","overlay-gradient":""},"tablet":{"background-color":"var(--ast-global-color-5)","background-image":"","background-repeat":"repeat","background-position":"center center","background-size":"auto","background-attachment":"scroll","background-type":"","background-media":"","overlay-type":"","overlay-color":"","overlay-opacity":"","overlay-gradient":""},"mobile":{"background-color":"var(--ast-global-color-5)","background-image":"","background-repeat":"repeat","background-position":"center center","background-size":"auto","background-attachment":"scroll","background-type":"","background-media":"","overlay-type":"","overlay-color":"","overlay-opacity":"","overlay-gradient":""}},"footnotes":""},"categories":[4],"tags":[3431,932,154,181],"class_list":["post-8149","post","type-post","status-publish","format-standard","has-post-thumbnail","hentry","category-noticias","tag-decide-y-construye","tag-roman-meyer","tag-sedatu","tag-viviendas"],"_links":{"self":[{"href":"https:\/\/hombresymujeresdelacasa.com\/home\/wp-json\/wp\/v2\/posts\/8149","targetHints":{"allow":["GET"]}}],"collection":[{"href":"https:\/\/hombresymujeresdelacasa.com\/home\/wp-json\/wp\/v2\/posts"}],"about":[{"href":"https:\/\/hombresymujeresdelacasa.com\/home\/wp-json\/wp\/v2\/types\/post"}],"author":[{"embeddable":true,"href":"https:\/\/hombresymujeresdelacasa.com\/home\/wp-json\/wp\/v2\/users\/1"}],"replies":[{"embeddable":true,"href":"https:\/\/hombresymujeresdelacasa.com\/home\/wp-json\/wp\/v2\/comments?post=8149"}],"version-history":[{"count":1,"href":"https:\/\/hombresymujeresdelacasa.com\/home\/wp-json\/wp\/v2\/posts\/8149\/revisions"}],"predecessor-version":[{"id":8151,"href":"https:\/\/hombresymujeresdelacasa.com\/home\/wp-json\/wp\/v2\/posts\/8149\/revisions\/8151"}],"wp:featuredmedia":[{"embeddable":true,"href":"https:\/\/hombresymujeresdelacasa.com\/home\/wp-json\/wp\/v2\/media\/8150"}],"wp:attachment":[{"href":"https:\/\/hombresymujeresdelacasa.com\/home\/wp-json\/wp\/v2\/media?parent=8149"}],"wp:term":[{"taxonomy":"category","embeddable":true,"href":"https:\/\/hombresymujeresdelacasa.com\/home\/wp-json\/wp\/v2\/categories?post=8149"},{"taxonomy":"post_tag","embeddable":true,"href":"https:\/\/hombresymujeresdelacasa.com\/home\/wp-json\/wp\/v2\/tags?post=8149"}],"curies":[{"name":"wp","href":"https:\/\/api.w.org\/{rel}","templated":true}]}}