{"id":8146,"date":"2020-11-11T09:57:10","date_gmt":"2020-11-11T15:57:10","guid":{"rendered":"http:\/\/hombresymujeresdelacasa.com\/home\/?p=8146"},"modified":"2021-09-28T16:42:00","modified_gmt":"2021-09-28T22:42:00","slug":"320-mil-trabajadores-se-beneficiarian-con-reforma-al-infonavit","status":"publish","type":"post","link":"https:\/\/hombresymujeresdelacasa.com\/home\/320-mil-trabajadores-se-beneficiarian-con-reforma-al-infonavit\/","title":{"rendered":"320 mil trabajadores se beneficiar\u00edan con reforma al Infonavit"},"content":{"rendered":"\n<p>Por Edgar Rosas<\/p>\n\n\n\n<p>Hasta&nbsp;<strong>320,000 derechohabientes del Infonavit<\/strong>&nbsp;se ver\u00edan beneficiados de manera directa con la&nbsp;<strong>reforma al Instituto<\/strong>&nbsp;propuesta por el Ejecutivo Federal. Y es que, de acuerdo con&nbsp;<strong>Carlos Mart\u00ednez<\/strong>, director general del organismo, este universo de derechohabientes&nbsp;<strong>ha expresado su deseo de adquirir un&nbsp;<a href=\"https:\/\/centrourbano.com\/2020\/11\/06\/vivienda-progresiva-el-concepto-clave-en-la-reforma-al-infonavit-de-amlo\/\" target=\"_blank\" rel=\"noreferrer noopener nofollow\">terreno<\/a>&nbsp;<\/strong>para construir vivienda.<\/p>\n\n\n\n<p>Al participar en la conferencia matutina desde&nbsp;<strong>Palacio Nacional<\/strong>, el Director General del Infonavit habl\u00f3 sobre los impactos que traer\u00e1n los cambios propuestos al Instituto sobre los derechohabientes. Entre otras cosas, precis\u00f3, el permitir comprar terreno-uno de los cambios fundamentales de la reforma-abrir\u00e1 la puerta para atender sectores que no hab\u00edan tenido acceso al cr\u00e9dito.<\/p>\n\n\n\n<h5 class=\"wp-block-heading\">Compra de terreno<\/h5>\n\n\n\n<p>En lo referente, se\u00f1al\u00f3 que de entrada, en el corto plazo se podr\u00edan originar hasta 15,000 cr\u00e9ditos para compra de terreno durante el primer a\u00f1o de implementaci\u00f3n del programa. Dijo que este esquema tendr\u00eda impacto importante en regiones como el sur-sureste del pa\u00eds.<\/p>\n\n\n\n<p>\u201cExiste esta necesidad (de comprar terreno con cr\u00e9dito Infonavit). Conforme vayamos avanzando e implementando la reforma,&nbsp;<strong>veremos que hay m\u00e1s necesidad<\/strong>; pero, adem\u00e1s, que se van formando nuevos mercados.<\/p>\n\n\n\n<p>\u201c<strong>Esto impactar\u00e1 de manera predominante en la parte sur-sureste del pa\u00eds<\/strong>, comparado con las otras l\u00edneas de cr\u00e9dito. Y la raz\u00f3n es sencilla. Imag\u00ednense el caso de&nbsp;<strong>Oaxaca<\/strong>, donde m\u00e1s del 80% es propiedad ejidal o comunal. Ah\u00ed dif\u00edcilmente se van a encontrar extensiones de terrenos donde se puedan desarrollar vivienda en serie\u201d, dijo.<\/p>\n\n\n\n<p>De acuerdo con el Instituto, las&nbsp;<strong>regiones<\/strong>&nbsp;<strong>centro<\/strong>,&nbsp;<strong>occidente<\/strong>&nbsp;y&nbsp;<strong>oriente<\/strong>, son las m\u00e1s interesadas en utilizar el cr\u00e9dito para compra de terreno. Seg\u00fan una encuesta aplicada por el Infonavit, al menos 35.4% de quienes desean adquirir un terreno para construir vivienda&nbsp;<strong>se encuentra en la zona centro<\/strong>, es decir, el&nbsp;<strong>Estado y la Ciudad de M\u00e9xico<\/strong>, as\u00ed como Morelos.<\/p>\n\n\n\n<h4 class=\"wp-block-heading\">M\u00e1s ampliaciones y refinanciamientos<\/h4>\n\n\n\n<p>Por otro lado, Carlos Mart\u00ednez, destac\u00f3 que la reforma tambi\u00e9n impactar\u00eda en aumentar la colocaci\u00f3n crediticia en productos para mejora o ampliaci\u00f3n. Al respecto, expuso que 2.3 millones de trabajadores tienen la voluntad de adquirir un financiamiento para este fin.<\/p>\n\n\n\n<p>En lo referente, a\u00f1adi\u00f3 que&nbsp;<strong>la reforma permitir\u00eda incrementar en 17%,&nbsp;<\/strong>durante el primer a\u00f1o, la colocaci\u00f3n de cr\u00e9dito para mejoras. Es decir, se colocar\u00edan alrededor de&nbsp;<strong>170,870 cr\u00e9ditos<\/strong>.<\/p>\n\n\n\n<p>De igual forma, destac\u00f3 que con los cambios,&nbsp;<strong>se esperar\u00eda que al menos 35,000 trabajadores puedan&nbsp;refinanciar&nbsp;su cr\u00e9dito<\/strong>. Indic\u00f3 que la expectativa es lograr mejoras en las condiciones crediticias de financiamiento otorgados por el propio instituto o por otro organismo financiero, como bajas de al menos 2 puntos en la tasa de inter\u00e9s.<\/p>\n\n\n\n<p>Asimismo, puntualiz\u00f3, se esperar\u00eda&nbsp;<strong>que crezca la colocaci\u00f3n de cr\u00e9dito subsecuentes<\/strong>. Coment\u00f3 que se contemplan, para el primer a\u00f1o,&nbsp;<strong>5,000 acciones de segundos cr\u00e9ditos<\/strong>.<\/p>\n\n\n\n<p>Sumado a lo anterior, el Director del Infonavit explic\u00f3 que l<strong>a reforma implicar\u00eda que al menos 10,000 trabajadores sin relaci\u00f3n laboral vigente<\/strong>&nbsp;puedan acceder a cr\u00e9dito en el primer a\u00f1o. A\u00f1adi\u00f3 que, en ese orden, la reforma se traduce como una de inclusi\u00f3n financiera, pues abrir\u00e1 la oportunidad que 40 millones de trabajadores que cuentan con ahorro en el Instituto, pero no cotizan activamente, puedan acceder a cr\u00e9dito.<\/p>\n\n\n\n<h4 class=\"wp-block-heading\">Principales Cambios con la reforma<\/h4>\n\n\n\n<p>En su participaci\u00f3n,&nbsp;<strong>Carlos Mart\u00ednez hizo \u00e9nfasis en los cambios que se concretar\u00edan con la reforma al Infonavit<\/strong>. De entrada, dijo, son&nbsp;<a href=\"https:\/\/twitter.com\/CentroUrbano\/status\/1326525716549279745\" target=\"_blank\" rel=\"noreferrer noopener nofollow\">cuatro los puntos clave<\/a>&nbsp;que trae consigo la propuesta, entre ellos:<\/p>\n\n\n\n<ol class=\"wp-block-list\"><li>Reconocer que el derechohabientes podr\u00e1 recibir de manera directa su cr\u00e9dito, sin intermediarios.<\/li><li>Impulsar que los derechohabientes podr\u00e1n solicitar cr\u00e9dito del Instituto cu\u00e1ntas veces lo necesiten<\/li><li>Que se reconozca al suelo como precondici\u00f3n de la vivienda y por ende, permitir que se adquiera tierra con el cr\u00e9dito del Infonavit.<\/li><li>Detonar el refinanciamiento de cr\u00e9ditos que ha otorgado el Instituto u otras entidades financieras.<\/li><\/ol>\n\n\n\n<p>Al respecto, es preciso se\u00f1alar que, Carlos Mart\u00ednez subray\u00f3 que con la reforma, el Infonavit aumentar\u00eda en 18% la colocaci\u00f3n de cr\u00e9dito en t\u00e9rminos generales.<\/p>\n","protected":false},"excerpt":{"rendered":"<p>Por Edgar Rosas Hasta&nbsp;320,000 derechohabientes del Infonavit&nbsp;se ver\u00edan beneficiados de manera directa con la&nbsp;reforma al Instituto&nbsp;propuesta por el Ejecutivo Federal. Y es que, de acuerdo con&nbsp;Carlos Mart\u00ednez, director general del organismo, este universo de derechohabientes&nbsp;ha expresado su deseo de adquirir un&nbsp;terreno&nbsp;para construir vivienda. Al participar en la conferencia matutina desde&nbsp;Palacio Nacional, el Director General del [&hellip;]<\/p>\n","protected":false},"author":1,"featured_media":8147,"comment_status":"closed","ping_status":"closed","sticky":false,"template":"","format":"standard","meta":{"site-sidebar-layout":"default","site-content-layout":"","ast-site-content-layout":"default","site-content-style":"default","site-sidebar-style":"default","ast-global-header-display":"","ast-banner-title-visibility":"","ast-main-header-display":"","ast-hfb-above-header-display":"","ast-hfb-below-header-display":"","ast-hfb-mobile-header-display":"","site-post-title":"","ast-breadcrumbs-content":"","ast-featured-img":"","footer-sml-layout":"","ast-disable-related-posts":"","theme-transparent-header-meta":"","adv-header-id-meta":"","stick-header-meta":"","header-above-stick-meta":"","header-main-stick-meta":"","header-below-stick-meta":"","astra-migrate-meta-layouts":"default","ast-page-background-enabled":"default","ast-page-background-meta":{"desktop":{"background-color":"var(--ast-global-color-4)","background-image":"","background-repeat":"repeat","background-position":"center center","background-size":"auto","background-attachment":"scroll","background-type":"","background-media":"","overlay-type":"","overlay-color":"","overlay-opacity":"","overlay-gradient":""},"tablet":{"background-color":"","background-image":"","background-repeat":"repeat","background-position":"center center","background-size":"auto","background-attachment":"scroll","background-type":"","background-media":"","overlay-type":"","overlay-color":"","overlay-opacity":"","overlay-gradient":""},"mobile":{"background-color":"","background-image":"","background-repeat":"repeat","background-position":"center center","background-size":"auto","background-attachment":"scroll","background-type":"","background-media":"","overlay-type":"","overlay-color":"","overlay-opacity":"","overlay-gradient":""}},"ast-content-background-meta":{"desktop":{"background-color":"var(--ast-global-color-5)","background-image":"","background-repeat":"repeat","background-position":"center center","background-size":"auto","background-attachment":"scroll","background-type":"","background-media":"","overlay-type":"","overlay-color":"","overlay-opacity":"","overlay-gradient":""},"tablet":{"background-color":"var(--ast-global-color-5)","background-image":"","background-repeat":"repeat","background-position":"center center","background-size":"auto","background-attachment":"scroll","background-type":"","background-media":"","overlay-type":"","overlay-color":"","overlay-opacity":"","overlay-gradient":""},"mobile":{"background-color":"var(--ast-global-color-5)","background-image":"","background-repeat":"repeat","background-position":"center center","background-size":"auto","background-attachment":"scroll","background-type":"","background-media":"","overlay-type":"","overlay-color":"","overlay-opacity":"","overlay-gradient":""}},"footnotes":""},"categories":[4],"tags":[866,102,1151,2055],"class_list":["post-8146","post","type-post","status-publish","format-standard","has-post-thumbnail","hentry","category-noticias","tag-amlo","tag-infonavit","tag-palacio-nacional","tag-reforma"],"_links":{"self":[{"href":"https:\/\/hombresymujeresdelacasa.com\/home\/wp-json\/wp\/v2\/posts\/8146","targetHints":{"allow":["GET"]}}],"collection":[{"href":"https:\/\/hombresymujeresdelacasa.com\/home\/wp-json\/wp\/v2\/posts"}],"about":[{"href":"https:\/\/hombresymujeresdelacasa.com\/home\/wp-json\/wp\/v2\/types\/post"}],"author":[{"embeddable":true,"href":"https:\/\/hombresymujeresdelacasa.com\/home\/wp-json\/wp\/v2\/users\/1"}],"replies":[{"embeddable":true,"href":"https:\/\/hombresymujeresdelacasa.com\/home\/wp-json\/wp\/v2\/comments?post=8146"}],"version-history":[{"count":1,"href":"https:\/\/hombresymujeresdelacasa.com\/home\/wp-json\/wp\/v2\/posts\/8146\/revisions"}],"predecessor-version":[{"id":8148,"href":"https:\/\/hombresymujeresdelacasa.com\/home\/wp-json\/wp\/v2\/posts\/8146\/revisions\/8148"}],"wp:featuredmedia":[{"embeddable":true,"href":"https:\/\/hombresymujeresdelacasa.com\/home\/wp-json\/wp\/v2\/media\/8147"}],"wp:attachment":[{"href":"https:\/\/hombresymujeresdelacasa.com\/home\/wp-json\/wp\/v2\/media?parent=8146"}],"wp:term":[{"taxonomy":"category","embeddable":true,"href":"https:\/\/hombresymujeresdelacasa.com\/home\/wp-json\/wp\/v2\/categories?post=8146"},{"taxonomy":"post_tag","embeddable":true,"href":"https:\/\/hombresymujeresdelacasa.com\/home\/wp-json\/wp\/v2\/tags?post=8146"}],"curies":[{"name":"wp","href":"https:\/\/api.w.org\/{rel}","templated":true}]}}