{"id":8085,"date":"2020-10-23T13:50:56","date_gmt":"2020-10-23T19:50:56","guid":{"rendered":"http:\/\/hombresymujeresdelacasa.com\/home\/?p=8085"},"modified":"2021-09-28T16:42:16","modified_gmt":"2021-09-28T22:42:16","slug":"infonavit-planea-ofrecer-vivienda-recuperada-a-migrantes-mexicanos","status":"publish","type":"post","link":"https:\/\/hombresymujeresdelacasa.com\/home\/infonavit-planea-ofrecer-vivienda-recuperada-a-migrantes-mexicanos\/","title":{"rendered":"Infonavit planea ofrecer vivienda recuperada a migrantes mexicanos"},"content":{"rendered":"\n<p>Por Edgar Rosas<\/p>\n\n\n\n<p>El&nbsp;<strong>Infonavit<\/strong>&nbsp;trabaja en un esquema para atender la necesidad de vivienda de&nbsp;<strong>trabajadores migrantes<\/strong>&nbsp;que radican en Estados Unidos. El objetivo, de acuerdo con&nbsp;<strong>Carlos Mart\u00ednez<\/strong>, director del organismo, es ofrecer a este sector la posibilidad de&nbsp;<strong>adquirir una vivienda recuperada por el Instituto<\/strong>.<\/p>\n\n\n\n<p>Al participar en la conferencia vespertina desde&nbsp;<strong>Palacio Nacional<\/strong>, el funcionario se\u00f1al\u00f3 que se busca ampliar el actual programa \u2018<strong><a href=\"https:\/\/centrourbano.com\/2020\/07\/02\/infonavit-analiza-otorgar-credito-a-migrantes-mexicanos-en-eu\/\" target=\"_blank\" rel=\"noreferrer noopener nofollow\">Infonavit Sin Fronteras<\/a><\/strong>\u2019. Detall\u00f3 que en la actualidad, este esquema s\u00f3lo permite que los trabajadores migrantes puedan pagar cr\u00e9ditos de Infonavit desde Estados Unidos. Sin embargo, dijo, la idea es lograr un modelo que abra la oportunidad para que tambi\u00e9n&nbsp;<strong>adquieran vivienda en M\u00e9xico<\/strong>.<\/p>\n\n\n\n<p>Espec\u00edficamente, Mart\u00ednez detall\u00f3 que el Infonavit ha tenido acercamiento con \u2018<strong>Fuerza Migrante\u2019<\/strong>, una organizaci\u00f3n que representa a<strong>&nbsp;5 millones de mexicanos<\/strong>&nbsp;que trabajan en Estados Unidos. Mediante esta colaboraci\u00f3n, apunt\u00f3, se estudian las posibilidades para que el Infonavit acerque vivienda a los migrantes en el pa\u00eds vecino.<\/p>\n\n\n\n<p>\u201c<strong>Estamos explorando mecanismos de colaboraci\u00f3n<\/strong>&nbsp;para aquellos migrantes que quieran, por ejemplo, comprar una vivienda en M\u00e9xico (\u2026) se puede hacer a trav\u00e9s de los&nbsp;<strong>programas de venta de&nbsp;<a href=\"https:\/\/twitter.com\/ViviendaRevista\" target=\"_blank\" rel=\"noreferrer noopener nofollow\">vivienda<\/a>&nbsp;recuperada<\/strong>&nbsp;que tiene el Infonavit.<\/p>\n\n\n\n<p>\u201c<strong>Estos programas ya los establecimos para la venta individual<\/strong>, para la venta de organizaciones. Y creemos que con una buena cooperaci\u00f3n con \u2018Fuerza Migrante\u2019 podr\u00edamos tambi\u00e9n ver la posibilidad de que migrantes puedan adquirir propiedades aqu\u00ed en M\u00e9xico\u201d, se\u00f1al\u00f3.<\/p>\n\n\n\n<h4 class=\"wp-block-heading\">Vivienda para migrantes centroamericanos<\/h4>\n\n\n\n<p>Por otro lado, Carlos Mart\u00ednez detall\u00f3 que el Instituto tambi\u00e9n estudia esquemas para&nbsp;<strong>ofrecer vivienda a migrantes refugiados en M\u00e9xico<\/strong>. Explic\u00f3 que ya se trabaja con la&nbsp;<strong>Agencia de ONU para Refugiados<\/strong>&nbsp;(Acnur) en evaluar modelos para que ofrecer la posibilidad de adquirir vivienda a&nbsp;<strong>centroamericanos que ya se establecieron en el pa\u00eds<\/strong>.<\/p>\n\n\n\n<p>\u201c<strong>En Coahuila estamos colaborando con Acnur<\/strong>. Ellos tienen un programa muy padre de refugiados en M\u00e9xico que ya se han establecido en el pa\u00eds; y que ya empiezan a pagar sus cuotas, que ya est\u00e1n empleados en alguna empresa e incluso Acnur los ayuda a buscar empleos formales en M\u00e9xico.<\/p>\n\n\n\n<p>\u201cY&nbsp;<strong>lo que buscamos es que conozcan los beneficios del Infonavit<\/strong>, de la subcuenta de vivienda y darles facilidades a estos migrantes, a los que les damos asesor\u00eda y a los que les buscamos una oferta de disponible M\u00e9xico para que puedan adquirir (vivienda) ya que llegaron a M\u00e9xico. Muchos de ellos buscan la vivienda como un asunto de identidad y buscan establecerse en M\u00e9xico, echar ra\u00edces\u201d.<\/p>\n","protected":false},"excerpt":{"rendered":"<p>Por Edgar Rosas El&nbsp;Infonavit&nbsp;trabaja en un esquema para atender la necesidad de vivienda de&nbsp;trabajadores migrantes&nbsp;que radican en Estados Unidos. El objetivo, de acuerdo con&nbsp;Carlos Mart\u00ednez, director del organismo, es ofrecer a este sector la posibilidad de&nbsp;adquirir una vivienda recuperada por el Instituto. Al participar en la conferencia vespertina desde&nbsp;Palacio Nacional, el funcionario se\u00f1al\u00f3 que se [&hellip;]<\/p>\n","protected":false},"author":1,"featured_media":8086,"comment_status":"closed","ping_status":"closed","sticky":false,"template":"","format":"standard","meta":{"site-sidebar-layout":"default","site-content-layout":"","ast-site-content-layout":"default","site-content-style":"default","site-sidebar-style":"default","ast-global-header-display":"","ast-banner-title-visibility":"","ast-main-header-display":"","ast-hfb-above-header-display":"","ast-hfb-below-header-display":"","ast-hfb-mobile-header-display":"","site-post-title":"","ast-breadcrumbs-content":"","ast-featured-img":"","footer-sml-layout":"","ast-disable-related-posts":"","theme-transparent-header-meta":"","adv-header-id-meta":"","stick-header-meta":"","header-above-stick-meta":"","header-main-stick-meta":"","header-below-stick-meta":"","astra-migrate-meta-layouts":"default","ast-page-background-enabled":"default","ast-page-background-meta":{"desktop":{"background-color":"var(--ast-global-color-4)","background-image":"","background-repeat":"repeat","background-position":"center center","background-size":"auto","background-attachment":"scroll","background-type":"","background-media":"","overlay-type":"","overlay-color":"","overlay-opacity":"","overlay-gradient":""},"tablet":{"background-color":"","background-image":"","background-repeat":"repeat","background-position":"center center","background-size":"auto","background-attachment":"scroll","background-type":"","background-media":"","overlay-type":"","overlay-color":"","overlay-opacity":"","overlay-gradient":""},"mobile":{"background-color":"","background-image":"","background-repeat":"repeat","background-position":"center center","background-size":"auto","background-attachment":"scroll","background-type":"","background-media":"","overlay-type":"","overlay-color":"","overlay-opacity":"","overlay-gradient":""}},"ast-content-background-meta":{"desktop":{"background-color":"var(--ast-global-color-5)","background-image":"","background-repeat":"repeat","background-position":"center center","background-size":"auto","background-attachment":"scroll","background-type":"","background-media":"","overlay-type":"","overlay-color":"","overlay-opacity":"","overlay-gradient":""},"tablet":{"background-color":"var(--ast-global-color-5)","background-image":"","background-repeat":"repeat","background-position":"center center","background-size":"auto","background-attachment":"scroll","background-type":"","background-media":"","overlay-type":"","overlay-color":"","overlay-opacity":"","overlay-gradient":""},"mobile":{"background-color":"var(--ast-global-color-5)","background-image":"","background-repeat":"repeat","background-position":"center center","background-size":"auto","background-attachment":"scroll","background-type":"","background-media":"","overlay-type":"","overlay-color":"","overlay-opacity":"","overlay-gradient":""}},"footnotes":""},"categories":[4],"tags":[3400,3399,102,2651,1151],"class_list":["post-8085","post","type-post","status-publish","format-standard","has-post-thumbnail","hentry","category-noticias","tag-acnur","tag-fuerza-migrante","tag-infonavit","tag-infonavit-sin-fronteras","tag-palacio-nacional"],"_links":{"self":[{"href":"https:\/\/hombresymujeresdelacasa.com\/home\/wp-json\/wp\/v2\/posts\/8085","targetHints":{"allow":["GET"]}}],"collection":[{"href":"https:\/\/hombresymujeresdelacasa.com\/home\/wp-json\/wp\/v2\/posts"}],"about":[{"href":"https:\/\/hombresymujeresdelacasa.com\/home\/wp-json\/wp\/v2\/types\/post"}],"author":[{"embeddable":true,"href":"https:\/\/hombresymujeresdelacasa.com\/home\/wp-json\/wp\/v2\/users\/1"}],"replies":[{"embeddable":true,"href":"https:\/\/hombresymujeresdelacasa.com\/home\/wp-json\/wp\/v2\/comments?post=8085"}],"version-history":[{"count":1,"href":"https:\/\/hombresymujeresdelacasa.com\/home\/wp-json\/wp\/v2\/posts\/8085\/revisions"}],"predecessor-version":[{"id":8087,"href":"https:\/\/hombresymujeresdelacasa.com\/home\/wp-json\/wp\/v2\/posts\/8085\/revisions\/8087"}],"wp:featuredmedia":[{"embeddable":true,"href":"https:\/\/hombresymujeresdelacasa.com\/home\/wp-json\/wp\/v2\/media\/8086"}],"wp:attachment":[{"href":"https:\/\/hombresymujeresdelacasa.com\/home\/wp-json\/wp\/v2\/media?parent=8085"}],"wp:term":[{"taxonomy":"category","embeddable":true,"href":"https:\/\/hombresymujeresdelacasa.com\/home\/wp-json\/wp\/v2\/categories?post=8085"},{"taxonomy":"post_tag","embeddable":true,"href":"https:\/\/hombresymujeresdelacasa.com\/home\/wp-json\/wp\/v2\/tags?post=8085"}],"curies":[{"name":"wp","href":"https:\/\/api.w.org\/{rel}","templated":true}]}}