{"id":7293,"date":"2020-04-23T12:24:49","date_gmt":"2020-04-23T18:24:49","guid":{"rendered":"http:\/\/hombresymujeresdelacasa.com\/home\/?p=7293"},"modified":"2021-09-29T11:40:24","modified_gmt":"2021-09-29T17:40:24","slug":"como-afecta-la-pandemia-de-covid-19-a-las-ciudades","status":"publish","type":"post","link":"https:\/\/hombresymujeresdelacasa.com\/home\/como-afecta-la-pandemia-de-covid-19-a-las-ciudades\/","title":{"rendered":"C\u00f3mo afecta la pandemia de Covid-19 a las ciudades"},"content":{"rendered":"<p>Por Fernanda Hern\u00e1ndez<\/p>\n<p>Gobiernos de todo el mundo han dado \u00f3rdenes de\u00a0<strong>confinamiento en casa<\/strong>\u00a0y establecido pautas de\u00a0<strong>distanciamiento social<\/strong>\u00a0como medidas para\u00a0<strong>frenar la l\u00ednea de contagios de Covid-19.<\/strong>\u00a0Sin embargo, para millones de personas que viven en situaci\u00f3n de pobreza en las ciudades, estas medidas son imposibles de llevar a cabo.<\/p>\n<p>Si bien hay ciudadanos que cuentan con un\u00a0<strong>espacio de vivienda adecuado, acceso a servicios b\u00e1sicos, una fuente de ingresos y redes de seguridad social<\/strong>\u00a0para sobrevivir durante la contingencia, esta no es la realidad para muchas ciudades de Asia, \u00c1frica y Am\u00e9rica Latina, entre ellas M\u00e9xico.<\/p>\n<p>Este martes 21 de abril fue decretada la\u00a0<strong>Fase 3 de la pandemia de Covid-19<\/strong>\u00a0en el pa\u00eds, y ya ha tra\u00eddo afectaciones para muchos sectores de la industria, y, por consiguiente, afectaciones econ\u00f3micas para miles de familias.<\/p>\n<p>Por ello, de acuerdo con el\u00a0<strong>Instituto de Recursos Mundiales (<a href=\"https:\/\/wrimexico.org\/\" target=\"_blank\" rel=\"noopener noreferrer nofollow\">WRI M\u00e9xico<\/a>),<\/strong>\u00a0resulta imperativo entender que, la respuesta que adopten los gobiernos para hacer frente al virus\u00a0<strong>Covid-19<\/strong>, debe enfocarse en la creaci\u00f3n de\u00a0<strong>ciudades m\u00e1s igualitarias y resilientes<\/strong>\u00a0a futuras enfermedades y otros desastres.<\/p>\n<p>Ante este panorama, el organismo realiz\u00f3 el informe\u00a0<strong>\u2018Hacia una ciudad m\u00e1s igualitaria\u2019<\/strong>; en el que se detallan algunas formas en las que la pandemia afecta a las ciudades; y cu\u00e1les son algunas de las soluciones para mitigar ese impacto y, a la vez, construir urbes m\u00e1s fuertes y resilientes.<\/p>\n<h4><strong>Falta de acceso a servicios b\u00e1sicos<\/strong><\/h4>\n<p>El\u00a0<strong>confinamiento<\/strong>\u00a0y el\u00a0<strong>distanciamiento social<\/strong>\u00a0son medidas cr\u00edticas para hacer frente a la pandemia; sin embargo, son imposibles de seguir sin el acceso a servicios esenciales como\u00a0<strong>agua, vivienda y salud<\/strong>.<\/p>\n<p>\u201cReconocer que existe una profunda\u00a0<strong>desigualdad social en las ciudades<\/strong>\u00a0y\u00a0<strong>garantizar el acceso universal a los servicios b\u00e1sicos<\/strong>\u00a0es clave para aplanar la curva de contagio y del coronavirus y para construir resiliencia\u201d, se\u00f1ala el\u00a0<strong>WRI<\/strong>; y propone las siguientes soluciones:<\/p>\n<ul>\n<li>Los proveedores de atenci\u00f3n a la salud deben redoblar esfuerzos para\u00a0<strong>proporcionar acceso a los servicios de emergencia<\/strong>\u00a0en las zonas m\u00e1s desatendidas de las ciudades; as\u00ed como para ayudar a los que necesiten ponerse en cuarentena.<\/li>\n<li>Los gobiernos municipales deben trabajar estrechamente con los l\u00edderes comunitarios y las Organizaciones No Gubernamentales (ONGs) que trabajan en los asentamientos informales y otras comunidades de riesgo; tanto para\u00a0<strong>comprender mejor lo que est\u00e1 sucediendo<\/strong>\u00a0sobre el terreno como para\u00a0<strong>comunicar mensajes sanitarios clave.<\/strong><\/li>\n<\/ul>\n<h4><strong>Acceso a viviendas asequibles y espacios p\u00fablicos<\/strong><\/h4>\n<p>Actualmente, m\u00e1s de mil millones de personas viven en\u00a0<strong>barrios marginales y asentamientos informales<\/strong>\u00a0en todo el mundo. Adem\u00e1s, en las ciudades en desarrollo,\u00a0<strong>entre el 50 y el 80% del empleo es informal;<\/strong>\u00a0por lo que muchas familias viven al d\u00eda y no tienen cuentas bancarias, contratos laborales o alg\u00fan tipo de seguro.<\/p>\n<p>En resumen, en el mundo hay miles de millones de personas que carecen de los recursos para obedecer las \u00f3rdenes de confinamiento y sobrevivir.<\/p>\n<p>Por esta raz\u00f3n, es esencial que los gobiernos adopten medidas para que las personas tengan\u00a0<strong>acceso a viviendas asequibles y a espacios p\u00fablicos<\/strong>; y que garanticen un\u00a0<strong>crecimiento urbano planificado<\/strong>\u00a0que mejore las condiciones de vida de los residentes de asentamientos informales.<\/p>\n<h4><strong>Acceso a agua potable, saneamiento e higiene<\/strong><\/h4>\n<p>Invertir en\u00a0<strong>servicios de saneamiento y en garantizar el acceso universal al agua potable<\/strong>\u00a0es esencial para la salud p\u00fablica. Por ello, el\u00a0<strong>WRI<\/strong>\u00a0propone a los gobiernos priorizar tres estrategias; las cuales ayudar\u00e1n a que las comunidades est\u00e9n listas para afrontar futuras crisis h\u00eddricas y de salud:<\/p>\n<ul>\n<li>Invertir en el\u00a0<strong>acceso al agua potable y en saneamiento<\/strong>; para hacer el agua m\u00e1s asequible y garantizar el suministro para todos.<\/li>\n<li><strong>Gestionar los recursos h\u00eddricos<\/strong>; para que todos dispongan de acceso a agua potable.<\/li>\n<li>Impulsar la inversi\u00f3n en\u00a0<strong>infraestructuras naturales<\/strong>; como cuencas hidrogr\u00e1ficas boscosas y llanuras aluviales, que son suministros abundantes de agua potable.<\/li>\n<\/ul>\n<h4><strong>Paralizaci\u00f3n del transporte<\/strong><\/h4>\n<p>En estos momentos, donde la gente evita las multitudes para evitar contagios de Covid-19 y el movimiento est\u00e1 restringido, la\u00a0<strong>demanda del transporte p\u00fablico<\/strong>\u00a0ha disminuido dr\u00e1sticamente; y lo mismo sucede con los viajes, tanto locales como internacionales.<\/p>\n<p>Hasta el momento, se estima una\u00a0<a href=\"https:\/\/centrourbano.com\/2020\/04\/17\/covid-19-reduce-transporte-publico\/\" target=\"_blank\" rel=\"noopener noreferrer nofollow\"><strong>reducci\u00f3n del 60% en la demanda<\/strong><\/a>; lo que se traduce en menores ingresos para el sector y en el deterioro de la oferta y cobertura del servicio.<\/p>\n<p>Por ello, el\u00a0<strong>WRI M\u00e9xico<\/strong>\u00a0propone la adopci\u00f3n de las siguientes medidas:<\/p>\n<ul>\n<li>Adoptar una\u00a0<strong>visi\u00f3n de Estado<\/strong>; una intervenci\u00f3n conjunta con el liderazgo del gobierno federal, en coordinaci\u00f3n con los gobiernos locales.<\/li>\n<li>Priorizar el dise\u00f1o y la implementaci\u00f3n de medidas que brinden\u00a0<strong>seguridad laboral<\/strong>\u00a0a las personas trabajadoras del sector.<\/li>\n<li>Asignar\u00a0<strong>fondos de emergencia<\/strong>\u00a0entregados a trav\u00e9s de mecanismos transparentes y eficientes; que aporten a la sostenibilidad financiera y operativa de largo plazo.<\/li>\n<li>Dise\u00f1ar esquemas de apoyo federal que contribuyan a la\u00a0<strong>reactivaci\u00f3n financiera, econ\u00f3mica y social<\/strong>\u00a0del transporte p\u00fablico.<\/li>\n<li>Priorizar la\u00a0<strong>aplicaci\u00f3n de recursos<\/strong>\u00a0en sistemas que cuenten con mecanismos de ejecuci\u00f3n transparentes y eficientes.<\/li>\n<li>Prever la\u00a0<strong>recuperaci\u00f3n del sector<\/strong>, tomando en cuenta no s\u00f3lo la compensaci\u00f3n de las p\u00e9rdidas sino la inversi\u00f3n que reactive su transformaci\u00f3n y mejora.<\/li>\n<li>Establecer esquemas legales e institucionales futuros que prevean la ocurrencia de\u00a0<strong>contingencias y otras emergencias.<\/strong><\/li>\n<\/ul>\n","protected":false},"excerpt":{"rendered":"<p>Por Fernanda Hern\u00e1ndez Gobiernos de todo el mundo han dado \u00f3rdenes de\u00a0confinamiento en casa\u00a0y establecido pautas de\u00a0distanciamiento social\u00a0como medidas para\u00a0frenar la l\u00ednea de contagios de Covid-19.\u00a0Sin embargo, para millones de personas que viven en situaci\u00f3n de pobreza en las ciudades, estas medidas son imposibles de llevar a cabo. Si bien hay ciudadanos que cuentan con [&hellip;]<\/p>\n","protected":false},"author":1,"featured_media":7294,"comment_status":"closed","ping_status":"closed","sticky":false,"template":"","format":"standard","meta":{"site-sidebar-layout":"default","site-content-layout":"","ast-site-content-layout":"default","site-content-style":"default","site-sidebar-style":"default","ast-global-header-display":"","ast-banner-title-visibility":"","ast-main-header-display":"","ast-hfb-above-header-display":"","ast-hfb-below-header-display":"","ast-hfb-mobile-header-display":"","site-post-title":"","ast-breadcrumbs-content":"","ast-featured-img":"","footer-sml-layout":"","ast-disable-related-posts":"","theme-transparent-header-meta":"","adv-header-id-meta":"","stick-header-meta":"","header-above-stick-meta":"","header-main-stick-meta":"","header-below-stick-meta":"","astra-migrate-meta-layouts":"default","ast-page-background-enabled":"default","ast-page-background-meta":{"desktop":{"background-color":"var(--ast-global-color-4)","background-image":"","background-repeat":"repeat","background-position":"center center","background-size":"auto","background-attachment":"scroll","background-type":"","background-media":"","overlay-type":"","overlay-color":"","overlay-opacity":"","overlay-gradient":""},"tablet":{"background-color":"","background-image":"","background-repeat":"repeat","background-position":"center center","background-size":"auto","background-attachment":"scroll","background-type":"","background-media":"","overlay-type":"","overlay-color":"","overlay-opacity":"","overlay-gradient":""},"mobile":{"background-color":"","background-image":"","background-repeat":"repeat","background-position":"center center","background-size":"auto","background-attachment":"scroll","background-type":"","background-media":"","overlay-type":"","overlay-color":"","overlay-opacity":"","overlay-gradient":""}},"ast-content-background-meta":{"desktop":{"background-color":"var(--ast-global-color-5)","background-image":"","background-repeat":"repeat","background-position":"center center","background-size":"auto","background-attachment":"scroll","background-type":"","background-media":"","overlay-type":"","overlay-color":"","overlay-opacity":"","overlay-gradient":""},"tablet":{"background-color":"var(--ast-global-color-5)","background-image":"","background-repeat":"repeat","background-position":"center center","background-size":"auto","background-attachment":"scroll","background-type":"","background-media":"","overlay-type":"","overlay-color":"","overlay-opacity":"","overlay-gradient":""},"mobile":{"background-color":"var(--ast-global-color-5)","background-image":"","background-repeat":"repeat","background-position":"center center","background-size":"auto","background-attachment":"scroll","background-type":"","background-media":"","overlay-type":"","overlay-color":"","overlay-opacity":"","overlay-gradient":""}},"footnotes":""},"categories":[4],"tags":[2541,2124,46,2540,2532,2034,1977,1975,2537,2533,2536,2534,2539,2538,2022,2542,2380,1980,181,2535],"class_list":["post-7293","post","type-post","status-publish","format-standard","has-post-thumbnail","hentry","category-noticias","tag-agua-potable","tag-barrios-marginales","tag-ciudades","tag-ciudades-en-desarrollo","tag-contagios","tag-contingencia","tag-coronavirus","tag-covid-19","tag-desigualdad-social","tag-fase-3","tag-hacia-una-ciudad-mas-igualitaria","tag-instituto-de-recursos-mundiales","tag-ongs","tag-organizaciones-no-gubernamentales","tag-pandemia","tag-saneamiento","tag-seguridad-social","tag-virus","tag-viviendas","tag-wri-mexico"],"_links":{"self":[{"href":"https:\/\/hombresymujeresdelacasa.com\/home\/wp-json\/wp\/v2\/posts\/7293","targetHints":{"allow":["GET"]}}],"collection":[{"href":"https:\/\/hombresymujeresdelacasa.com\/home\/wp-json\/wp\/v2\/posts"}],"about":[{"href":"https:\/\/hombresymujeresdelacasa.com\/home\/wp-json\/wp\/v2\/types\/post"}],"author":[{"embeddable":true,"href":"https:\/\/hombresymujeresdelacasa.com\/home\/wp-json\/wp\/v2\/users\/1"}],"replies":[{"embeddable":true,"href":"https:\/\/hombresymujeresdelacasa.com\/home\/wp-json\/wp\/v2\/comments?post=7293"}],"version-history":[{"count":1,"href":"https:\/\/hombresymujeresdelacasa.com\/home\/wp-json\/wp\/v2\/posts\/7293\/revisions"}],"predecessor-version":[{"id":7295,"href":"https:\/\/hombresymujeresdelacasa.com\/home\/wp-json\/wp\/v2\/posts\/7293\/revisions\/7295"}],"wp:featuredmedia":[{"embeddable":true,"href":"https:\/\/hombresymujeresdelacasa.com\/home\/wp-json\/wp\/v2\/media\/7294"}],"wp:attachment":[{"href":"https:\/\/hombresymujeresdelacasa.com\/home\/wp-json\/wp\/v2\/media?parent=7293"}],"wp:term":[{"taxonomy":"category","embeddable":true,"href":"https:\/\/hombresymujeresdelacasa.com\/home\/wp-json\/wp\/v2\/categories?post=7293"},{"taxonomy":"post_tag","embeddable":true,"href":"https:\/\/hombresymujeresdelacasa.com\/home\/wp-json\/wp\/v2\/tags?post=7293"}],"curies":[{"name":"wp","href":"https:\/\/api.w.org\/{rel}","templated":true}]}}