{"id":7248,"date":"2020-04-15T09:38:38","date_gmt":"2020-04-15T15:38:38","guid":{"rendered":"http:\/\/hombresymujeresdelacasa.com\/home\/?p=7248"},"modified":"2021-09-29T11:40:25","modified_gmt":"2021-09-29T17:40:25","slug":"infonavit-otorgara-prorrogas-en-pago-de-creditos","status":"publish","type":"post","link":"https:\/\/hombresymujeresdelacasa.com\/home\/infonavit-otorgara-prorrogas-en-pago-de-creditos\/","title":{"rendered":"Infonavit otorgar\u00e1 pr\u00f3rrogas en pago de cr\u00e9ditos"},"content":{"rendered":"<p>Por Edgar Rosas<\/p>\n<p>Este 15 de abril, da inicio el programa especial del Infonavit para apoyar a los trabajadores que resulten afectados por la contingencia derivada del\u00a0<a href=\"https:\/\/centrourbano.com\/cobertura-covid-19\/\" target=\"_blank\" rel=\"noopener noreferrer nofollow\">Covid19<\/a>. Con ello, a partir de ma\u00f1ana, los derechohabientes que lo requieran podr\u00e1n solicitar su ingreso al esquema y ser beneficiarios de alguna de las medidas impulsadas por el organismo para ayudar a los derechohabientes que vean sus finanzas afectadas por la pandemia.<\/p>\n<h4>De manera especifica, el organism<a href=\"https:\/\/twitter.com\/CentroUrbano\" target=\"_blank\" rel=\"noopener noreferrer nofollow\">o<\/a>\u00a0pondr\u00e1 al alcance de los acreditados tres medidas de apoyo.<\/h4>\n<p>La primera tiene que ver con la implementaci\u00f3n de un\u00a0<strong>Fondo Universal de P\u00e9rdida de Empleo. Con esta acci\u00f3n, el organismo beneficiar\u00e1 a los trabajadores que pierdan su relaci\u00f3n laboral como consecuencia de la pande<\/strong>mia. Concretamente, el organismo cubrir\u00e1 hasta por 3 meses el pago del cr\u00e9dito, sin la necesidad de que el acreditado realice un copago.<\/p>\n<p>Por otro lado, el organismo implemenetar\u00e1 una\u00a0<strong>Tolerancia al Pago<\/strong>. Bajo esta medida, el organismo otorgar\u00e1 hasta seis meses de pr\u00f3rroga en el pago de los cr\u00e9ditos. El beneficio se aplicar\u00e1 a trabajadores que vean afectada su continuidad laboral o ingresos durante la contingencia.<\/p>\n<p>Espec\u00edficamente, con esta tolerancia al pago, el trabajador no tendr\u00e1 que preocuparse por realizar la aportaci\u00f3n, pues se diferir\u00e1 tanto el pago de capital como de intereses. De forma inicial se otorgar\u00e1\u00a0<strong>un periodo de tres meses para retomar<\/strong>\u00a0el pago de la hipoteca. Sin embargo, el periodo se podr\u00e1 ampliar otros tres meses m\u00e1s.<\/p>\n<p>Sumado a lo anterior, en el caso de trabajadores cuya empresa entre en paro t\u00e9cnico, el Infonavit otorgar\u00e1 el beneficio de 25% de descuento en el factor de pago. Con ello, se otorga un\u00a0<strong>descuento en la amortizaci\u00f3n<\/strong>, es decir, el pago mensual, por un periodo de hasta 12 meses.<\/p>\n<p>Es importante decir que los acreditados interesados deber\u00e1n realizar el tramite para solicitar el beneficio desde \u00ab<strong>Mi Cuenta Infonavit<\/strong>\u00ab.<\/p>\n<h4>Acciones para empresas<\/h4>\n<p>Dentro del plan de contingencia presentado por el Infonavit, se incluyen medidas para apoyar a\u00a0<strong>Peque\u00f1as y Medianas Empresas<\/strong>\u00a0(Pymes). Al respecto, el Infonavit ofrecer\u00e1 flexibilidad para el pago de aportaciones y amortizaciones. La medida aplicar\u00e1 en caso de suspensi\u00f3n laboral decretada por parte de la autoridad.<\/p>\n<p>Adem\u00e1s, en aras de mantener la oferta de vivienda, se pondr\u00e1n en marcha una serie de medidas para\u00a0<strong>flexibilizar tramites como el registro de unidades<\/strong>. Y para mantener la originaci\u00f3n de cr\u00e9dito, se facilitar\u00e1 tr\u00e1mites como el aviso de la retenci\u00f3n de descuentos y se har\u00e1 excepci\u00f3n en el aviso de otorgamiento de cr\u00e9dito.<\/p>\n<p><img decoding=\"async\" class=\"aligncenter\" src=\"https:\/\/centrourbano.com\/revista\/wp-content\/uploads\/Infonavit-Covid19-606x1024.jpeg\" alt=\"Infonavit-Covid19\" \/><\/p>\n","protected":false},"excerpt":{"rendered":"<p>Por Edgar Rosas Este 15 de abril, da inicio el programa especial del Infonavit para apoyar a los trabajadores que resulten afectados por la contingencia derivada del\u00a0Covid19. Con ello, a partir de ma\u00f1ana, los derechohabientes que lo requieran podr\u00e1n solicitar su ingreso al esquema y ser beneficiarios de alguna de las medidas impulsadas por el [&hellip;]<\/p>\n","protected":false},"author":1,"featured_media":7249,"comment_status":"closed","ping_status":"closed","sticky":false,"template":"","format":"standard","meta":{"site-sidebar-layout":"default","site-content-layout":"","ast-site-content-layout":"default","site-content-style":"default","site-sidebar-style":"default","ast-global-header-display":"","ast-banner-title-visibility":"","ast-main-header-display":"","ast-hfb-above-header-display":"","ast-hfb-below-header-display":"","ast-hfb-mobile-header-display":"","site-post-title":"","ast-breadcrumbs-content":"","ast-featured-img":"","footer-sml-layout":"","ast-disable-related-posts":"","theme-transparent-header-meta":"","adv-header-id-meta":"","stick-header-meta":"","header-above-stick-meta":"","header-main-stick-meta":"","header-below-stick-meta":"","astra-migrate-meta-layouts":"default","ast-page-background-enabled":"default","ast-page-background-meta":{"desktop":{"background-color":"var(--ast-global-color-4)","background-image":"","background-repeat":"repeat","background-position":"center center","background-size":"auto","background-attachment":"scroll","background-type":"","background-media":"","overlay-type":"","overlay-color":"","overlay-opacity":"","overlay-gradient":""},"tablet":{"background-color":"","background-image":"","background-repeat":"repeat","background-position":"center center","background-size":"auto","background-attachment":"scroll","background-type":"","background-media":"","overlay-type":"","overlay-color":"","overlay-opacity":"","overlay-gradient":""},"mobile":{"background-color":"","background-image":"","background-repeat":"repeat","background-position":"center center","background-size":"auto","background-attachment":"scroll","background-type":"","background-media":"","overlay-type":"","overlay-color":"","overlay-opacity":"","overlay-gradient":""}},"ast-content-background-meta":{"desktop":{"background-color":"var(--ast-global-color-5)","background-image":"","background-repeat":"repeat","background-position":"center center","background-size":"auto","background-attachment":"scroll","background-type":"","background-media":"","overlay-type":"","overlay-color":"","overlay-opacity":"","overlay-gradient":""},"tablet":{"background-color":"var(--ast-global-color-5)","background-image":"","background-repeat":"repeat","background-position":"center center","background-size":"auto","background-attachment":"scroll","background-type":"","background-media":"","overlay-type":"","overlay-color":"","overlay-opacity":"","overlay-gradient":""},"mobile":{"background-color":"var(--ast-global-color-5)","background-image":"","background-repeat":"repeat","background-position":"center center","background-size":"auto","background-attachment":"scroll","background-type":"","background-media":"","overlay-type":"","overlay-color":"","overlay-opacity":"","overlay-gradient":""}},"footnotes":""},"categories":[4],"tags":[1850,1025,2034,2014,57,618,2276,96,102,826,2476,2022,2038,2475,2274],"class_list":["post-7248","post","type-post","status-publish","format-standard","has-post-thumbnail","hentry","category-noticias","tag-abril","tag-acreditados","tag-contingencia","tag-covid19","tag-creditos","tag-derechohabientes","tag-fondo-universal-de-perdida-de-empleo","tag-hipoteca","tag-infonavit","tag-mi-cuenta-infonavit","tag-otorgamiento-de-credito","tag-pandemia","tag-pymes","tag-tolerancia","tag-tolerancia-de-pago"],"_links":{"self":[{"href":"https:\/\/hombresymujeresdelacasa.com\/home\/wp-json\/wp\/v2\/posts\/7248","targetHints":{"allow":["GET"]}}],"collection":[{"href":"https:\/\/hombresymujeresdelacasa.com\/home\/wp-json\/wp\/v2\/posts"}],"about":[{"href":"https:\/\/hombresymujeresdelacasa.com\/home\/wp-json\/wp\/v2\/types\/post"}],"author":[{"embeddable":true,"href":"https:\/\/hombresymujeresdelacasa.com\/home\/wp-json\/wp\/v2\/users\/1"}],"replies":[{"embeddable":true,"href":"https:\/\/hombresymujeresdelacasa.com\/home\/wp-json\/wp\/v2\/comments?post=7248"}],"version-history":[{"count":1,"href":"https:\/\/hombresymujeresdelacasa.com\/home\/wp-json\/wp\/v2\/posts\/7248\/revisions"}],"predecessor-version":[{"id":7250,"href":"https:\/\/hombresymujeresdelacasa.com\/home\/wp-json\/wp\/v2\/posts\/7248\/revisions\/7250"}],"wp:featuredmedia":[{"embeddable":true,"href":"https:\/\/hombresymujeresdelacasa.com\/home\/wp-json\/wp\/v2\/media\/7249"}],"wp:attachment":[{"href":"https:\/\/hombresymujeresdelacasa.com\/home\/wp-json\/wp\/v2\/media?parent=7248"}],"wp:term":[{"taxonomy":"category","embeddable":true,"href":"https:\/\/hombresymujeresdelacasa.com\/home\/wp-json\/wp\/v2\/categories?post=7248"},{"taxonomy":"post_tag","embeddable":true,"href":"https:\/\/hombresymujeresdelacasa.com\/home\/wp-json\/wp\/v2\/tags?post=7248"}],"curies":[{"name":"wp","href":"https:\/\/api.w.org\/{rel}","templated":true}]}}