{"id":7242,"date":"2020-04-14T09:46:11","date_gmt":"2020-04-14T15:46:11","guid":{"rendered":"http:\/\/hombresymujeresdelacasa.com\/home\/?p=7242"},"modified":"2021-09-29T11:40:25","modified_gmt":"2021-09-29T17:40:25","slug":"vivienda-primera-linea-de-defensa-contra-covid-19-onu","status":"publish","type":"post","link":"https:\/\/hombresymujeresdelacasa.com\/home\/vivienda-primera-linea-de-defensa-contra-covid-19-onu\/","title":{"rendered":"Vivienda, primera l\u00ednea de defensa contra Covid-19: ONU"},"content":{"rendered":"<p>Por Fernanda Hern\u00e1ndez<\/p>\n<p><strong>Leilani Farha, relatora especial de la Organizaci\u00f3n de las Naciones Unidas (ONU),<\/strong>\u00a0apunt\u00f3 que la\u00a0<strong>vivienda<\/strong>\u00a0es un derecho humano fundamental; y es central en la batalla contra el virus\u00a0<strong>Covid-19.<\/strong><\/p>\n<p>Sin embargo, sin una\u00a0<strong>vivienda adecuada<\/strong>, resulta imposible seguir las medidas preventivas de salud p\u00fablica; como la cuarentena, el distanciamiento social y las buenas pr\u00e1cticas de higiene. Por ello, la\u00a0<strong>vivienda<\/strong>\u00a0se ha convertido en la\u00a0<strong>primera l\u00ednea de defensa contra el coronavirus<\/strong>; \u201cla vivienda nunca hab\u00eda sido tanto, como en este momento, una condici\u00f3n de vida o muerte\u201d.<\/p>\n<p>Se estima que alrededor de\u00a0<strong>1,800 millones de personas<\/strong>, o m\u00e1s del 20% de la poblaci\u00f3n mundial,\u00a0<strong>carecen de una vivienda adecuada<\/strong>. Esto incluye a las personas que viven en las calles o en viviendas inseguras o superpobladas en asentamientos informales o barrios marginales.<\/p>\n<p>La\u00a0<strong>ausencia de servicios b\u00e1sicos<\/strong>, el\u00a0<strong>estr\u00e9s<\/strong>\u00a0y las\u00a0<strong>condiciones de vida poco saludables<\/strong>\u00a0tambi\u00e9n contribuyen a una precaria salud. Las\u00a0<strong>personas sin hogar<\/strong>, por ejemplo, a menudo experimentan problemas respiratorios graves; los cuales podr\u00edan ser agravados por el\u00a0<strong>Covid-19<\/strong>.<\/p>\n<p>Por otro lado, las medidas de control del virus en las ciudades y \u00e1reas urbanas, aunado a la falta de acceso a espacios exteriores, pueden tener un\u00a0<strong>efecto perjudicial en la salud<\/strong>\u00a0mental y f\u00edsica de los residentes.<\/p>\n<p>Adem\u00e1s. el ambiente estresante de la estad\u00eda en el hogar, especialmente en\u00a0<strong>viviendas peque\u00f1as y abarrotadas en asentamientos informales<\/strong>, la interrupci\u00f3n de las redes sociales y de protecci\u00f3n y la disminuci\u00f3n del acceso a los servicios pueden agravar el riesgo de\u00a0<strong>violencia para mujeres y ni\u00f1os<\/strong>.<\/p>\n<p>La r\u00e1pida propagaci\u00f3n del\u00a0<strong>Covid-19<\/strong>\u00a0agudiza la\u00a0<strong>crisis de vivienda<\/strong>\u00a0que ya exist\u00eda en el mundo y afecta a miles de millones de personas. Por ello,\u00a0<strong>ONU-H\u00e1bitat<\/strong>\u00a0se\u00f1ala que las acciones inmediatas a corto plazo deben centrarse en frenar la\u00a0<strong>expansi\u00f3n de la pandemia<\/strong>; mientras que las intervenciones a largo plazo deben incluir una revisi\u00f3n de los enfoques actuales de la\u00a0<strong>gobernanza de la vivienda y la tierra<\/strong>.<\/p>\n<p>\u201cLas decisiones y medidas tomadas ahora podr\u00edan moldear significativamente el \u00e9xito o el fracaso de la recuperaci\u00f3n futura posterior al desastre\u201d, indica.<\/p>\n<p><img decoding=\"async\" src=\"https:\/\/centrourbano.com\/revista\/wp-content\/uploads\/asentamientos-informales.jpg\" \/><\/p>\n","protected":false},"excerpt":{"rendered":"<p>Por Fernanda Hern\u00e1ndez Leilani Farha, relatora especial de la Organizaci\u00f3n de las Naciones Unidas (ONU),\u00a0apunt\u00f3 que la\u00a0vivienda\u00a0es un derecho humano fundamental; y es central en la batalla contra el virus\u00a0Covid-19. Sin embargo, sin una\u00a0vivienda adecuada, resulta imposible seguir las medidas preventivas de salud p\u00fablica; como la cuarentena, el distanciamiento social y las buenas pr\u00e1cticas de [&hellip;]<\/p>\n","protected":false},"author":1,"featured_media":7243,"comment_status":"closed","ping_status":"closed","sticky":false,"template":"","format":"standard","meta":{"site-sidebar-layout":"default","site-content-layout":"","ast-site-content-layout":"default","site-content-style":"default","site-sidebar-style":"default","ast-global-header-display":"","ast-banner-title-visibility":"","ast-main-header-display":"","ast-hfb-above-header-display":"","ast-hfb-below-header-display":"","ast-hfb-mobile-header-display":"","site-post-title":"","ast-breadcrumbs-content":"","ast-featured-img":"","footer-sml-layout":"","ast-disable-related-posts":"","theme-transparent-header-meta":"","adv-header-id-meta":"","stick-header-meta":"","header-above-stick-meta":"","header-main-stick-meta":"","header-below-stick-meta":"","astra-migrate-meta-layouts":"default","ast-page-background-enabled":"default","ast-page-background-meta":{"desktop":{"background-color":"var(--ast-global-color-4)","background-image":"","background-repeat":"repeat","background-position":"center center","background-size":"auto","background-attachment":"scroll","background-type":"","background-media":"","overlay-type":"","overlay-color":"","overlay-opacity":"","overlay-gradient":""},"tablet":{"background-color":"","background-image":"","background-repeat":"repeat","background-position":"center center","background-size":"auto","background-attachment":"scroll","background-type":"","background-media":"","overlay-type":"","overlay-color":"","overlay-opacity":"","overlay-gradient":""},"mobile":{"background-color":"","background-image":"","background-repeat":"repeat","background-position":"center center","background-size":"auto","background-attachment":"scroll","background-type":"","background-media":"","overlay-type":"","overlay-color":"","overlay-opacity":"","overlay-gradient":""}},"ast-content-background-meta":{"desktop":{"background-color":"var(--ast-global-color-5)","background-image":"","background-repeat":"repeat","background-position":"center center","background-size":"auto","background-attachment":"scroll","background-type":"","background-media":"","overlay-type":"","overlay-color":"","overlay-opacity":"","overlay-gradient":""},"tablet":{"background-color":"var(--ast-global-color-5)","background-image":"","background-repeat":"repeat","background-position":"center center","background-size":"auto","background-attachment":"scroll","background-type":"","background-media":"","overlay-type":"","overlay-color":"","overlay-opacity":"","overlay-gradient":""},"mobile":{"background-color":"var(--ast-global-color-5)","background-image":"","background-repeat":"repeat","background-position":"center center","background-size":"auto","background-attachment":"scroll","background-type":"","background-media":"","overlay-type":"","overlay-color":"","overlay-opacity":"","overlay-gradient":""}},"footnotes":""},"categories":[4],"tags":[2466,2124,2464,46,1977,1975,2031,2191,2461,1326,522,2462,2022,2463,1980,177,1469,2465],"class_list":["post-7242","post","type-post","status-publish","format-standard","has-post-thumbnail","hentry","category-noticias","tag-areas-urbanas","tag-barrios-marginales","tag-calles","tag-ciudades","tag-coronavirus","tag-covid-19","tag-cuarentena","tag-higiene","tag-lelani-fartha","tag-onu","tag-onu-habitat","tag-organizacion-de-las-naciones-unidas","tag-pandemia","tag-salud-publica","tag-virus","tag-vivienda","tag-vivienda-adecuada","tag-viviendas-inseguras"],"_links":{"self":[{"href":"https:\/\/hombresymujeresdelacasa.com\/home\/wp-json\/wp\/v2\/posts\/7242","targetHints":{"allow":["GET"]}}],"collection":[{"href":"https:\/\/hombresymujeresdelacasa.com\/home\/wp-json\/wp\/v2\/posts"}],"about":[{"href":"https:\/\/hombresymujeresdelacasa.com\/home\/wp-json\/wp\/v2\/types\/post"}],"author":[{"embeddable":true,"href":"https:\/\/hombresymujeresdelacasa.com\/home\/wp-json\/wp\/v2\/users\/1"}],"replies":[{"embeddable":true,"href":"https:\/\/hombresymujeresdelacasa.com\/home\/wp-json\/wp\/v2\/comments?post=7242"}],"version-history":[{"count":1,"href":"https:\/\/hombresymujeresdelacasa.com\/home\/wp-json\/wp\/v2\/posts\/7242\/revisions"}],"predecessor-version":[{"id":7244,"href":"https:\/\/hombresymujeresdelacasa.com\/home\/wp-json\/wp\/v2\/posts\/7242\/revisions\/7244"}],"wp:featuredmedia":[{"embeddable":true,"href":"https:\/\/hombresymujeresdelacasa.com\/home\/wp-json\/wp\/v2\/media\/7243"}],"wp:attachment":[{"href":"https:\/\/hombresymujeresdelacasa.com\/home\/wp-json\/wp\/v2\/media?parent=7242"}],"wp:term":[{"taxonomy":"category","embeddable":true,"href":"https:\/\/hombresymujeresdelacasa.com\/home\/wp-json\/wp\/v2\/categories?post=7242"},{"taxonomy":"post_tag","embeddable":true,"href":"https:\/\/hombresymujeresdelacasa.com\/home\/wp-json\/wp\/v2\/tags?post=7242"}],"curies":[{"name":"wp","href":"https:\/\/api.w.org\/{rel}","templated":true}]}}