{"id":6953,"date":"2020-02-25T10:00:21","date_gmt":"2020-02-25T16:00:21","guid":{"rendered":"http:\/\/hombresymujeresdelacasa.com\/home\/?p=6953"},"modified":"2021-10-19T11:23:33","modified_gmt":"2021-10-19T17:23:33","slug":"infonavit-reporta-400-financiamientos-con-unamos-creditos","status":"publish","type":"post","link":"https:\/\/hombresymujeresdelacasa.com\/home\/infonavit-reporta-400-financiamientos-con-unamos-creditos\/","title":{"rendered":"Infonavit reporta 400 financiamientos con Unamos Cr\u00e9ditos"},"content":{"rendered":"<p>A poco m\u00e1s de una semana de su lanzamiento oficial, el Instituto del Fondo Nacional de la Vivienda para los Trabajadores (Infonavit) ha otorgado 400 financiamientos en el marco del programa Unamos Cr\u00e9ditos.<\/p>\n<p>As\u00ed lo dio a conocer Carlos Mart\u00ednez Vel\u00e1zquez, director general del Instituto. En gira por Yucat\u00e1n, destac\u00f3 que el organismo impulsar\u00e1 el programa Unamos Cr\u00e9ditos de manera importante en el sur-sureste del pa\u00eds.<\/p>\n<p>\u201cUno de los programas que dar\u00e1n mayor acceso a una vivienda en la regi\u00f3n sur-sureste y en todo el pa\u00eds es Unamos Cr\u00e9ditos, que por primera vez en la historia permitir\u00e1 a dos personas, sin una relaci\u00f3n jur\u00eddica, unir sus cr\u00e9ditos e incrementar su capacidad de compra. A s\u00f3lo una semana de haberse lanzado este esquema de financiamiento, se tienen colocados casi 400 cr\u00e9ditos en todo el pa\u00eds\u201d, dijo.<\/p>\n<p>Cr\u00e9ditos en Yucat\u00e1n<\/p>\n<p>De acuerdo con Carlos Mart\u00ednez, en lo que va de 2020, el Infonavit ha colocado 12,771 cr\u00e9ditos en Yucat\u00e1n. Estas acciones han representado beneficiar a 49,000 trabajadores, de los cuales 68% perciben ingresos por debajo de los 4 UMAS, menos de 10 mil pesos mensuales.<\/p>\n<p>Al respecto, el funcionario asegur\u00f3 que, en esta administraci\u00f3n, una de los objetivos ser\u00e1 atender el sur-sureste. Por ello, asegur\u00f3, el organismo colocar\u00e1 m\u00e1s cr\u00e9ditos en esta regi\u00f3n.<br \/>\n\u201cEstamos trayendo m\u00e1s cr\u00e9ditos al sur-sureste y presionando duro para que los desarrolladores construyan inmuebles de calidad apegados a los siete criterios de vivienda adecuada\u201d, indic\u00f3.<\/p>\n","protected":false},"excerpt":{"rendered":"<p>A poco m\u00e1s de una semana de su lanzamiento oficial, el Instituto del Fondo Nacional de la Vivienda para los Trabajadores (Infonavit) ha otorgado 400 financiamientos en el marco del programa Unamos Cr\u00e9ditos. As\u00ed lo dio a conocer Carlos Mart\u00ednez Vel\u00e1zquez, director general del Instituto. En gira por Yucat\u00e1n, destac\u00f3 que el organismo impulsar\u00e1 el [&hellip;]<\/p>\n","protected":false},"author":1,"featured_media":6954,"comment_status":"closed","ping_status":"open","sticky":false,"template":"","format":"standard","meta":{"site-sidebar-layout":"default","site-content-layout":"","ast-site-content-layout":"default","site-content-style":"default","site-sidebar-style":"default","ast-global-header-display":"","ast-banner-title-visibility":"","ast-main-header-display":"","ast-hfb-above-header-display":"","ast-hfb-below-header-display":"","ast-hfb-mobile-header-display":"","site-post-title":"","ast-breadcrumbs-content":"","ast-featured-img":"","footer-sml-layout":"","ast-disable-related-posts":"","theme-transparent-header-meta":"","adv-header-id-meta":"","stick-header-meta":"","header-above-stick-meta":"","header-main-stick-meta":"","header-below-stick-meta":"","astra-migrate-meta-layouts":"default","ast-page-background-enabled":"default","ast-page-background-meta":{"desktop":{"background-color":"var(--ast-global-color-4)","background-image":"","background-repeat":"repeat","background-position":"center center","background-size":"auto","background-attachment":"scroll","background-type":"","background-media":"","overlay-type":"","overlay-color":"","overlay-opacity":"","overlay-gradient":""},"tablet":{"background-color":"","background-image":"","background-repeat":"repeat","background-position":"center center","background-size":"auto","background-attachment":"scroll","background-type":"","background-media":"","overlay-type":"","overlay-color":"","overlay-opacity":"","overlay-gradient":""},"mobile":{"background-color":"","background-image":"","background-repeat":"repeat","background-position":"center center","background-size":"auto","background-attachment":"scroll","background-type":"","background-media":"","overlay-type":"","overlay-color":"","overlay-opacity":"","overlay-gradient":""}},"ast-content-background-meta":{"desktop":{"background-color":"var(--ast-global-color-5)","background-image":"","background-repeat":"repeat","background-position":"center center","background-size":"auto","background-attachment":"scroll","background-type":"","background-media":"","overlay-type":"","overlay-color":"","overlay-opacity":"","overlay-gradient":""},"tablet":{"background-color":"var(--ast-global-color-5)","background-image":"","background-repeat":"repeat","background-position":"center center","background-size":"auto","background-attachment":"scroll","background-type":"","background-media":"","overlay-type":"","overlay-color":"","overlay-opacity":"","overlay-gradient":""},"mobile":{"background-color":"var(--ast-global-color-5)","background-image":"","background-repeat":"repeat","background-position":"center center","background-size":"auto","background-attachment":"scroll","background-type":"","background-media":"","overlay-type":"","overlay-color":"","overlay-opacity":"","overlay-gradient":""}},"footnotes":""},"categories":[4],"tags":[1440,1034,1165,1759,55,57,1758,83,1757,102,1713,1487,1491,177,184],"class_list":["post-6953","post","type-post","status-publish","format-standard","has-post-thumbnail","hentry","category-noticias","tag-1440","tag-carlos-martinez","tag-carlos-martinez-velazquez","tag-construir","tag-credito","tag-creditos","tag-desarrollador","tag-financiamiento","tag-fondo-nacional-de-la-vivienda-para-los-trabajadores","tag-infonavit","tag-inmuebles","tag-umas","tag-unamos-creditos","tag-vivienda","tag-yucatan"],"_links":{"self":[{"href":"https:\/\/hombresymujeresdelacasa.com\/home\/wp-json\/wp\/v2\/posts\/6953","targetHints":{"allow":["GET"]}}],"collection":[{"href":"https:\/\/hombresymujeresdelacasa.com\/home\/wp-json\/wp\/v2\/posts"}],"about":[{"href":"https:\/\/hombresymujeresdelacasa.com\/home\/wp-json\/wp\/v2\/types\/post"}],"author":[{"embeddable":true,"href":"https:\/\/hombresymujeresdelacasa.com\/home\/wp-json\/wp\/v2\/users\/1"}],"replies":[{"embeddable":true,"href":"https:\/\/hombresymujeresdelacasa.com\/home\/wp-json\/wp\/v2\/comments?post=6953"}],"version-history":[{"count":1,"href":"https:\/\/hombresymujeresdelacasa.com\/home\/wp-json\/wp\/v2\/posts\/6953\/revisions"}],"predecessor-version":[{"id":6955,"href":"https:\/\/hombresymujeresdelacasa.com\/home\/wp-json\/wp\/v2\/posts\/6953\/revisions\/6955"}],"wp:featuredmedia":[{"embeddable":true,"href":"https:\/\/hombresymujeresdelacasa.com\/home\/wp-json\/wp\/v2\/media\/6954"}],"wp:attachment":[{"href":"https:\/\/hombresymujeresdelacasa.com\/home\/wp-json\/wp\/v2\/media?parent=6953"}],"wp:term":[{"taxonomy":"category","embeddable":true,"href":"https:\/\/hombresymujeresdelacasa.com\/home\/wp-json\/wp\/v2\/categories?post=6953"},{"taxonomy":"post_tag","embeddable":true,"href":"https:\/\/hombresymujeresdelacasa.com\/home\/wp-json\/wp\/v2\/tags?post=6953"}],"curies":[{"name":"wp","href":"https:\/\/api.w.org\/{rel}","templated":true}]}}