{"id":6950,"date":"2020-02-24T14:15:49","date_gmt":"2020-02-24T20:15:49","guid":{"rendered":"http:\/\/hombresymujeresdelacasa.com\/home\/?p=6950"},"modified":"2021-10-19T11:23:34","modified_gmt":"2021-10-19T17:23:34","slug":"infonavit-y-sedatu-buscan-recuperar-171000-viviendas-abandonadas","status":"publish","type":"post","link":"https:\/\/hombresymujeresdelacasa.com\/home\/infonavit-y-sedatu-buscan-recuperar-171000-viviendas-abandonadas\/","title":{"rendered":"Infonavit y Sedatu buscan recuperar 171,000 viviendas abandonadas"},"content":{"rendered":"<p>Por Fernanda Hern\u00e1ndez<\/p>\n<p>De acuerdo con un an\u00e1lisis realizado por el\u00a0<strong>Instituto del Fondo Nacional de la Vivienda para los Trabajadores (Infonavit)\u00a0<\/strong>y la\u00a0<strong>Secretar\u00eda de Desarrollo Agrario, Territorial y Urbano (Sedatu),<\/strong>\u00a0en M\u00e9xico existen\u00a0<strong>650,000 viviendas en condiciones de abandono.<\/strong><\/p>\n<p>A trav\u00e9s del\u00a0<strong>Programa de Regeneraci\u00f3n de Vivienda Abandonada<\/strong>, ambas dependencias buscar\u00e1n recuperar\u00a0<strong>171,000\u00a0<\/strong>casas durante la presente administraci\u00f3n. Dicho programa comenz\u00f3 a operar el 22 de enero de 2020; con la firma del primer convenio de colaboraci\u00f3n con el municipio de\u00a0<strong><a href=\"https:\/\/centrourbano.com\/2020\/01\/24\/recuperadas-viviendas-tlajomulco\/\" target=\"_blank\" rel=\"noopener noreferrer nofollow\">Tlajomulco de Z\u00fa\u00f1iga<\/a>, Jalisco<\/strong>.<\/p>\n<p>Ahora, ambas dependencias firmaron convenios con autoridades de los municipios de\u00a0<strong>Mexicali<\/strong>\u00a0y\u00a0<strong>Tijuana<\/strong>, en Baja California; a fin de recuperar viviendas abandonadas y el entorno en el que se ubican.<\/p>\n<p>\u201cLo que queremos no solo es\u00a0<strong>recuperar un buen n\u00famero de viviendas<\/strong>\u00a0para que puedan comprarlas quienes menos tienen y m\u00e1s lo necesitan; sino\u00a0<strong>regenerar el entorno donde est\u00e1n ubicadas<\/strong>\u00a0para que se conviertan en un verdadero patrimonio de las familia. Y evitar, as\u00ed, que el tema se convierta en lucro de unos cuantos mercaderes\u201d, precis\u00f3\u00a0<strong>Carlos Mart\u00ednez Vel\u00e1zquez, director general del Infonavit.<\/strong><\/p>\n<p>El directivo explic\u00f3 que en\u00a0<strong>Baja California<\/strong>\u00a0existen 38,475 viviendas en situaci\u00f3n de abandono; 90% de las cuales se encuentran ubicadas en los municipios de\u00a0<strong>Mexicali<\/strong>\u00a0y\u00a0<strong>Tijuana<\/strong>, con 18,191 y 16,640, respectivamente; que podr\u00edan ser el hogar de 83,000 personas.<\/p>\n<p>Por su parte,\u00a0<strong>Carina Arvizu Machado, subsecretaria de la Sedatu,<\/strong>\u00a0destac\u00f3 que la firma del convenio facilitar\u00e1 la coordinaci\u00f3n entre los diferentes \u00f3rdenes de gobierno; para as\u00ed corregir los errores del pasado y devolver el futuro a las ciudades mexicanas.<\/p>\n<p>Record\u00f3, adem\u00e1s, que los municipios se atienden a trav\u00e9s del\u00a0<strong>Programa de Mejoramiento Urbano (PMU)<\/strong>; el cual incluye acciones de vivienda y de recuperaci\u00f3n de espacios p\u00fablicos.<\/p>\n<p>\u201cA trav\u00e9s del\u00a0<strong>ordenamiento territorial<\/strong>\u00a0podemos lograr la pacificaci\u00f3n del pa\u00eds; por eso estamos dise\u00f1ando instrumentos que puedan ayudar a los municipios a renovar sus\u00a0<strong>programas municipales de ordenamiento territorial y desarrollo urbano<\/strong>. Queremos que estos nuevos instrumentos sean flexibles, adaptables. Tienen que ser planes con reglas claras y entendiendo que las personas deben de ser los transformadores de su entorno\u201d, finaliz\u00f3.<\/p>\n","protected":false},"excerpt":{"rendered":"<p>Por Fernanda Hern\u00e1ndez De acuerdo con un an\u00e1lisis realizado por el\u00a0Instituto del Fondo Nacional de la Vivienda para los Trabajadores (Infonavit)\u00a0y la\u00a0Secretar\u00eda de Desarrollo Agrario, Territorial y Urbano (Sedatu),\u00a0en M\u00e9xico existen\u00a0650,000 viviendas en condiciones de abandono. A trav\u00e9s del\u00a0Programa de Regeneraci\u00f3n de Vivienda Abandonada, ambas dependencias buscar\u00e1n recuperar\u00a0171,000\u00a0casas durante la presente administraci\u00f3n. Dicho programa comenz\u00f3 [&hellip;]<\/p>\n","protected":false},"author":1,"featured_media":6951,"comment_status":"closed","ping_status":"open","sticky":false,"template":"","format":"standard","meta":{"site-sidebar-layout":"default","site-content-layout":"","ast-site-content-layout":"default","site-content-style":"default","site-sidebar-style":"default","ast-global-header-display":"","ast-banner-title-visibility":"","ast-main-header-display":"","ast-hfb-above-header-display":"","ast-hfb-below-header-display":"","ast-hfb-mobile-header-display":"","site-post-title":"","ast-breadcrumbs-content":"","ast-featured-img":"","footer-sml-layout":"","ast-disable-related-posts":"","theme-transparent-header-meta":"","adv-header-id-meta":"","stick-header-meta":"","header-above-stick-meta":"","header-main-stick-meta":"","header-below-stick-meta":"","astra-migrate-meta-layouts":"default","ast-page-background-enabled":"default","ast-page-background-meta":{"desktop":{"background-color":"var(--ast-global-color-4)","background-image":"","background-repeat":"repeat","background-position":"center center","background-size":"auto","background-attachment":"scroll","background-type":"","background-media":"","overlay-type":"","overlay-color":"","overlay-opacity":"","overlay-gradient":""},"tablet":{"background-color":"","background-image":"","background-repeat":"repeat","background-position":"center center","background-size":"auto","background-attachment":"scroll","background-type":"","background-media":"","overlay-type":"","overlay-color":"","overlay-opacity":"","overlay-gradient":""},"mobile":{"background-color":"","background-image":"","background-repeat":"repeat","background-position":"center center","background-size":"auto","background-attachment":"scroll","background-type":"","background-media":"","overlay-type":"","overlay-color":"","overlay-opacity":"","overlay-gradient":""}},"ast-content-background-meta":{"desktop":{"background-color":"var(--ast-global-color-5)","background-image":"","background-repeat":"repeat","background-position":"center center","background-size":"auto","background-attachment":"scroll","background-type":"","background-media":"","overlay-type":"","overlay-color":"","overlay-opacity":"","overlay-gradient":""},"tablet":{"background-color":"var(--ast-global-color-5)","background-image":"","background-repeat":"repeat","background-position":"center center","background-size":"auto","background-attachment":"scroll","background-type":"","background-media":"","overlay-type":"","overlay-color":"","overlay-opacity":"","overlay-gradient":""},"mobile":{"background-color":"var(--ast-global-color-5)","background-image":"","background-repeat":"repeat","background-position":"center center","background-size":"auto","background-attachment":"scroll","background-type":"","background-media":"","overlay-type":"","overlay-color":"","overlay-opacity":"","overlay-gradient":""}},"footnotes":""},"categories":[4],"tags":[1745,1744,1749,1752,1165,46,1754,304,1750,102,1148,108,1748,1751,1451,1223,1222,1746,1755,1756,1219,154,1753,703,1747,177,1743],"class_list":["post-6950","post","type-post","status-publish","format-standard","has-post-thumbnail","hentry","category-noticias","tag-000-viviendas","tag-1744","tag-baja-california","tag-carina-arvizu-machado","tag-carlos-martinez-velazquez","tag-ciudades","tag-ciudades-mexicanas","tag-desarrollo-urbano","tag-director-general-del-infonavit","tag-infonavit","tag-instituto-del-fondo-nacional-de-la-vivienda-para-los-trabajadores","tag-jalisco","tag-mexicali","tag-omu","tag-ordenamiento-territorial","tag-pmu","tag-programa-de-mejoramiento-urbano","tag-programa-de-regeneracion-de-vivienda-abandonada","tag-programas-municipales","tag-programas-municipales-de-ordenamiento-territorial-y-desarrollo-urbano","tag-secretaria-de-desarrollo-agrario-territorial-y-urbano","tag-sedatu","tag-subsecretaria-de-la-sedatu","tag-tijuana","tag-tlajomulco-de-zuniga","tag-vivienda","tag-viviendas-abandonadas"],"_links":{"self":[{"href":"https:\/\/hombresymujeresdelacasa.com\/home\/wp-json\/wp\/v2\/posts\/6950","targetHints":{"allow":["GET"]}}],"collection":[{"href":"https:\/\/hombresymujeresdelacasa.com\/home\/wp-json\/wp\/v2\/posts"}],"about":[{"href":"https:\/\/hombresymujeresdelacasa.com\/home\/wp-json\/wp\/v2\/types\/post"}],"author":[{"embeddable":true,"href":"https:\/\/hombresymujeresdelacasa.com\/home\/wp-json\/wp\/v2\/users\/1"}],"replies":[{"embeddable":true,"href":"https:\/\/hombresymujeresdelacasa.com\/home\/wp-json\/wp\/v2\/comments?post=6950"}],"version-history":[{"count":1,"href":"https:\/\/hombresymujeresdelacasa.com\/home\/wp-json\/wp\/v2\/posts\/6950\/revisions"}],"predecessor-version":[{"id":6952,"href":"https:\/\/hombresymujeresdelacasa.com\/home\/wp-json\/wp\/v2\/posts\/6950\/revisions\/6952"}],"wp:featuredmedia":[{"embeddable":true,"href":"https:\/\/hombresymujeresdelacasa.com\/home\/wp-json\/wp\/v2\/media\/6951"}],"wp:attachment":[{"href":"https:\/\/hombresymujeresdelacasa.com\/home\/wp-json\/wp\/v2\/media?parent=6950"}],"wp:term":[{"taxonomy":"category","embeddable":true,"href":"https:\/\/hombresymujeresdelacasa.com\/home\/wp-json\/wp\/v2\/categories?post=6950"},{"taxonomy":"post_tag","embeddable":true,"href":"https:\/\/hombresymujeresdelacasa.com\/home\/wp-json\/wp\/v2\/tags?post=6950"}],"curies":[{"name":"wp","href":"https:\/\/api.w.org\/{rel}","templated":true}]}}