{"id":6329,"date":"2019-10-08T14:07:49","date_gmt":"2019-10-08T20:07:49","guid":{"rendered":"http:\/\/hombresymujeresdelacasa.com\/home\/?p=6329"},"modified":"2021-10-19T11:25:23","modified_gmt":"2021-10-19T17:25:23","slug":"infonavit-impulsara-borron-y-cuenta-nueva","status":"publish","type":"post","link":"https:\/\/hombresymujeresdelacasa.com\/home\/infonavit-impulsara-borron-y-cuenta-nueva\/","title":{"rendered":"Infonavit impulsar\u00e1 \u2018Borr\u00f3n y cuenta nueva\u2019"},"content":{"rendered":"<p>Por Edgar Rosas<\/p>\n<p><em>El directivo se\u00f1al\u00f3 que hay un cambio de enfoque en la cobranza del Instituto, en donde se priorizar\u00e1 la mediaci\u00f3n y se ampliar\u00e1n las opciones de apoyo para los acreditados para evitar que los trabajadores pierdan su casa\u00a0<\/em><span id=\"more-97052\"><\/span><\/p>\n<p>El\u00a0<strong>Instituto del Fondo Nacional de la Vivienda para los Trabajadores<\/strong>\u00a0(Infonavit) impulsar\u00e1 un nuevo\u00a0<strong>modelo de cobranza social<\/strong>, con el cual, plantear\u00e1 una serie de opciones para que el trabajador que haya ca\u00eddo en\u00a0<strong>mora<\/strong>\u00a0o tenga\u00a0<strong>dificultades<\/strong>\u00a0en el pago de su cr\u00e9dito, pueda ponerse al corriente y as\u00ed evitar\u00a0<strong>perder su vivienda<\/strong>.<\/p>\n<p>El modelo fue presentado esta ma\u00f1ana por\u00a0<strong>Carlos Mart\u00ednez<\/strong>, director general del Instituto. El directivo destac\u00f3 que no s\u00f3lo se ampliar\u00e1n los\u00a0<strong>esquemas de mediaci\u00f3n<\/strong>, sino que se\u00a0<strong>vigilar\u00e1 la actuaci\u00f3n<\/strong>\u00a0de los despachos encargados de la cobranza, en aras de vigilar su proceder y evitar abusos en contra de los trabajadores. A\u00f1adi\u00f3 que adem\u00e1s, en esta nueva etapa, se acabaron los juicios masivos.<\/p>\n<p>En conferencia de prensa, Mart\u00ednez precis\u00f3 que entre los esquemas se contemplan reestructuras para evitar mayores afectaciones a los cr\u00e9ditos en mora, as\u00ed como el privilegiar la mediaci\u00f3n por sobre los juicios para recuperar las viviendas. En tal sentido, dijo, el \u00faltimo recurso del organismo ser\u00e1 el quitar las casas a los trabajadores.<\/p>\n<p>Al respecto, el Director del Infonavit mencion\u00f3 que las siete nuevas opciones de mediaci\u00f3n se dividen en dos grupos, las relacionados con el apoyo en caso de desempleo o imposibilidad de pago, y otra terna encaminada a esquemas de apoyo a la liquidaci\u00f3n.<\/p>\n<p>En tal sentido, entre los mecanismos contemplados para trabajadores que pierdan el empleo o se ven en la dificultad de pagar el cr\u00e9dito, el organismo podr\u00e1 ofrece como esquemas de mediaci\u00f3n como el llamado \u2018<strong>Soluci\u00f3n a tu medida<\/strong>\u2018, el \u2018<strong>Dictamen de Capacidad de Pago<\/strong>\u2018, as\u00ed como el modelo de \u2018<strong>Borr\u00f3n y Cuenta Nueva<\/strong>\u2018. Del mismo modo, dentro de los esquemas de apoyo a la liquidaci\u00f3n, el organismo podr\u00e1 ejecutar un mecanismo que contempla un\u00a0<strong>descuento para la liquidaci\u00f3n anticipada<\/strong>\u00a0del cr\u00e9dito, as\u00ed como la opci\u00f3n de liquidar a\u00a0<strong>75% del valor aval\u00fao<\/strong>.<\/p>\n<p>En lo referente,<strong>\u00a0Bernardo Rodr\u00edguez<\/strong>, subdirector general de Cartera, dijo que, bajo este nuevo enfoque, los despachos de cobranza actuar\u00e1n como Agencias de soluciones, las cuales se acercar\u00e1n con los trabajadores emproblemados para ofrecer alguna salida viable tanto para el Instituto como para el trabajador.<\/p>\n<p>En lo referente, enfatiz\u00f3 que el nuevo modelo buscar\u00e1 entender la l\u00f3gica del impago del trabajador y a partir de ah\u00ed, ofrecer alguna soluci\u00f3n a la medida.<\/p>\n<p>El directivo destac\u00f3 que incluso financieramente, para el organismo resulta m\u00e1s viable apostar en los modelos de mediaci\u00f3n que recurrir a los procesos judiciales para retirar la vivienda. Explic\u00f3 que por cada peso que el Infonavit invierte en el tema de mediaci\u00f3n, el organismo recupera 19 pesos; mientras que por cada peso que se invierte para el proceso judicial, el organismo apenas recupera 1.22 pesos.<\/p>\n","protected":false},"excerpt":{"rendered":"<p>Por Edgar Rosas El directivo se\u00f1al\u00f3 que hay un cambio de enfoque en la cobranza del Instituto, en donde se priorizar\u00e1 la mediaci\u00f3n y se ampliar\u00e1n las opciones de apoyo para los acreditados para evitar que los trabajadores pierdan su casa\u00a0 El\u00a0Instituto del Fondo Nacional de la Vivienda para los Trabajadores\u00a0(Infonavit) impulsar\u00e1 un nuevo\u00a0modelo de [&hellip;]<\/p>\n","protected":false},"author":1,"featured_media":6330,"comment_status":"closed","ping_status":"open","sticky":false,"template":"","format":"standard","meta":{"site-sidebar-layout":"default","site-content-layout":"","ast-site-content-layout":"default","site-content-style":"default","site-sidebar-style":"default","ast-global-header-display":"","ast-banner-title-visibility":"","ast-main-header-display":"","ast-hfb-above-header-display":"","ast-hfb-below-header-display":"","ast-hfb-mobile-header-display":"","site-post-title":"","ast-breadcrumbs-content":"","ast-featured-img":"","footer-sml-layout":"","ast-disable-related-posts":"","theme-transparent-header-meta":"","adv-header-id-meta":"","stick-header-meta":"","header-above-stick-meta":"","header-main-stick-meta":"","header-below-stick-meta":"","astra-migrate-meta-layouts":"default","ast-page-background-enabled":"default","ast-page-background-meta":{"desktop":{"background-color":"var(--ast-global-color-4)","background-image":"","background-repeat":"repeat","background-position":"center center","background-size":"auto","background-attachment":"scroll","background-type":"","background-media":"","overlay-type":"","overlay-color":"","overlay-opacity":"","overlay-gradient":""},"tablet":{"background-color":"","background-image":"","background-repeat":"repeat","background-position":"center center","background-size":"auto","background-attachment":"scroll","background-type":"","background-media":"","overlay-type":"","overlay-color":"","overlay-opacity":"","overlay-gradient":""},"mobile":{"background-color":"","background-image":"","background-repeat":"repeat","background-position":"center center","background-size":"auto","background-attachment":"scroll","background-type":"","background-media":"","overlay-type":"","overlay-color":"","overlay-opacity":"","overlay-gradient":""}},"ast-content-background-meta":{"desktop":{"background-color":"var(--ast-global-color-5)","background-image":"","background-repeat":"repeat","background-position":"center center","background-size":"auto","background-attachment":"scroll","background-type":"","background-media":"","overlay-type":"","overlay-color":"","overlay-opacity":"","overlay-gradient":""},"tablet":{"background-color":"var(--ast-global-color-5)","background-image":"","background-repeat":"repeat","background-position":"center center","background-size":"auto","background-attachment":"scroll","background-type":"","background-media":"","overlay-type":"","overlay-color":"","overlay-opacity":"","overlay-gradient":""},"mobile":{"background-color":"var(--ast-global-color-5)","background-image":"","background-repeat":"repeat","background-position":"center center","background-size":"auto","background-attachment":"scroll","background-type":"","background-media":"","overlay-type":"","overlay-color":"","overlay-opacity":"","overlay-gradient":""}},"footnotes":""},"categories":[4],"tags":[1165,1352,102,177],"class_list":["post-6329","post","type-post","status-publish","format-standard","has-post-thumbnail","hentry","category-noticias","tag-carlos-martinez-velazquez","tag-cobranza-social","tag-infonavit","tag-vivienda"],"_links":{"self":[{"href":"https:\/\/hombresymujeresdelacasa.com\/home\/wp-json\/wp\/v2\/posts\/6329","targetHints":{"allow":["GET"]}}],"collection":[{"href":"https:\/\/hombresymujeresdelacasa.com\/home\/wp-json\/wp\/v2\/posts"}],"about":[{"href":"https:\/\/hombresymujeresdelacasa.com\/home\/wp-json\/wp\/v2\/types\/post"}],"author":[{"embeddable":true,"href":"https:\/\/hombresymujeresdelacasa.com\/home\/wp-json\/wp\/v2\/users\/1"}],"replies":[{"embeddable":true,"href":"https:\/\/hombresymujeresdelacasa.com\/home\/wp-json\/wp\/v2\/comments?post=6329"}],"version-history":[{"count":1,"href":"https:\/\/hombresymujeresdelacasa.com\/home\/wp-json\/wp\/v2\/posts\/6329\/revisions"}],"predecessor-version":[{"id":6331,"href":"https:\/\/hombresymujeresdelacasa.com\/home\/wp-json\/wp\/v2\/posts\/6329\/revisions\/6331"}],"wp:featuredmedia":[{"embeddable":true,"href":"https:\/\/hombresymujeresdelacasa.com\/home\/wp-json\/wp\/v2\/media\/6330"}],"wp:attachment":[{"href":"https:\/\/hombresymujeresdelacasa.com\/home\/wp-json\/wp\/v2\/media?parent=6329"}],"wp:term":[{"taxonomy":"category","embeddable":true,"href":"https:\/\/hombresymujeresdelacasa.com\/home\/wp-json\/wp\/v2\/categories?post=6329"},{"taxonomy":"post_tag","embeddable":true,"href":"https:\/\/hombresymujeresdelacasa.com\/home\/wp-json\/wp\/v2\/tags?post=6329"}],"curies":[{"name":"wp","href":"https:\/\/api.w.org\/{rel}","templated":true}]}}