{"id":6326,"date":"2019-10-07T15:02:58","date_gmt":"2019-10-07T21:02:58","guid":{"rendered":"http:\/\/hombresymujeresdelacasa.com\/home\/?p=6326"},"modified":"2021-10-19T11:25:23","modified_gmt":"2021-10-19T17:25:23","slug":"critica-martinez-condonacion-de-impuestos-a-desarrolladores","status":"publish","type":"post","link":"https:\/\/hombresymujeresdelacasa.com\/home\/critica-martinez-condonacion-de-impuestos-a-desarrolladores\/","title":{"rendered":"Critica Mart\u00ednez condonaci\u00f3n de impuestos a desarrolladores"},"content":{"rendered":"<p><em>El director general del Infonavit destac\u00f3 que en M\u00e9xico hay un \u201cnuevo comienzo\u201d en materia de vivienda y desarrollo urbano<\/em><span id=\"more-97018\"><\/span><\/p>\n<p>En el marco de la ceremonia por el\u00a0<strong>D\u00eda Mundial del H\u00e1bitat<\/strong>,\u00a0<a href=\"https:\/\/twitter.com\/carlosmartinezv\" target=\"_blank\" rel=\"noopener noreferrer nofollow\">Carlos Mart\u00ednez<\/a>, director general del Infonavit, expres\u00f3 su rechazo a las\u00a0<strong>condonaciones fiscales<\/strong>\u00a0que la administraci\u00f3n anterior realiz\u00f3 a desarrolladoras de vivienda por 7,000 millones de pesos. Este hecho, dijo el directivo, demuestra \u201cla magnitud del contubernio del gobierno con los grandes desarrolladores\u201d.<\/p>\n<p>En su mensaje ante funcionarios del gobierno federal, y con la presencia de Maimunah Mohd Sharif, Directora ejecutiva de ONU H\u00e1bitat, el Director del Infonavit se\u00f1al\u00f3 que este contubernio entre el gobierno y desarrollados \u201crepresent\u00f3 la claudicaci\u00f3n del Estado mexicano en la conducci\u00f3n de la\u00a0<strong>Pol\u00edtica Nacional de Vivienda<\/strong>\u201d, lo que devino en \u201cun desastre en el desarrollo urbano\u201d.<\/p>\n<blockquote class=\"quote_content\"><p>\u201cA ese monto ascienden las condonaciones fiscales que Homex y Corporaci\u00f3n Geo y sus filiales recibieron entre 2007 y 2015. De esa magnitud era el contubernio del gobierno con los grandes desarrolladores, e implic\u00f3 la claudicaci\u00f3n del Estado mexicano en la conducci\u00f3n de la Pol\u00edtica Nacional de Vivienda.\u201cUna din\u00e1mica que culmin\u00f3 en un desastre en el desarrollo urbano y el manejo de desechos s\u00f3lidos en nuestras ciudades\u201d.<\/p><\/blockquote>\n<p>Carlos Mart\u00ednez asegur\u00f3 que la entrada del nuevo gobierno represent\u00f3 \u201c<strong>un nuevo comienzo<\/strong>\u201d en materia de vivienda y desarrollo urbano. En este, indic\u00f3, hay un nuevo trato con empresarios, en donde el Estado tiene como prioritaria recuperar la rector\u00eda en materia de tierra y vivienda.<\/p>\n<p>\u201cLes comparto tres principios que, en mi opini\u00f3n, son la base de este acuerdo y de este Nuevo Comienzo: 1. El Estado est\u00e1 al servicio del pueblo y de la demanda de vivienda; 2. El programa nacional de vivienda que dicta la Sedatu es la \u00fanica fuente normativa que regir\u00e1 la pol\u00edtica de otorgamiento de cr\u00e9ditos por parte de las instituciones de Estado; y 3.- El Programa Nacional de Vivienda tendr\u00e1 como objetivo principal el fomento de la vivienda adecuada.<\/p>\n<p>\u201cPara que nunca m\u00e1s el Estado mexicano condone 350 millones de d\u00f3lares en impuestos a empresas que desarrollan vivienda, mucho menos si es vivienda de mala calidad, lejana a los centros urbanos y de trabajo y sin una adecuaci\u00f3n cultural apropiada\u201d.<\/p>\n<blockquote class=\"twitter-tweet\" data-width=\"500\" data-dnt=\"true\">\n<p lang=\"es\" dir=\"ltr\">7,000 mdp fue la condonaci\u00f3n de impuestos del gobierno anterior a algunas desarrolladoras, de esa magnitud fue el tama\u00f1o del contubernio en administraciones pasadas:<a href=\"https:\/\/twitter.com\/carlosmartinezv?ref_src=twsrc%5Etfw\" rel=\"nofollow noopener\" target=\"_blank\">@carlosmartinezv<\/a>, director general del <a href=\"https:\/\/twitter.com\/Infonavit?ref_src=twsrc%5Etfw\" rel=\"nofollow noopener\" target=\"_blank\">@Infonavit<\/a>.<a href=\"https:\/\/twitter.com\/hashtag\/CoberturaCU?src=hash&amp;ref_src=twsrc%5Etfw\" rel=\"nofollow noopener\" target=\"_blank\">#CoberturaCU<\/a> <a href=\"https:\/\/t.co\/hBYBUPj9vX\" rel=\"nofollow\">pic.twitter.com\/hBYBUPj9vX<\/a><\/p>\n<p>&mdash; Centro Urbano (@CentroUrbano) <a href=\"https:\/\/twitter.com\/CentroUrbano\/status\/1181240606611296257?ref_src=twsrc%5Etfw\" rel=\"nofollow noopener\" target=\"_blank\">October 7, 2019<\/a><\/p><\/blockquote>\n<p><script async src=\"https:\/\/platform.twitter.com\/widgets.js\" charset=\"utf-8\"><\/script><\/p>\n<div class=\"SandboxRoot env-bp-350\" data-twitter-event-id=\"0\"><\/div>\n","protected":false},"excerpt":{"rendered":"<p>El director general del Infonavit destac\u00f3 que en M\u00e9xico hay un \u201cnuevo comienzo\u201d en materia de vivienda y desarrollo urbano En el marco de la ceremonia por el\u00a0D\u00eda Mundial del H\u00e1bitat,\u00a0Carlos Mart\u00ednez, director general del Infonavit, expres\u00f3 su rechazo a las\u00a0condonaciones fiscales\u00a0que la administraci\u00f3n anterior realiz\u00f3 a desarrolladoras de vivienda por 7,000 millones de pesos. [&hellip;]<\/p>\n","protected":false},"author":1,"featured_media":6327,"comment_status":"closed","ping_status":"open","sticky":false,"template":"","format":"standard","meta":{"site-sidebar-layout":"default","site-content-layout":"","ast-site-content-layout":"default","site-content-style":"default","site-sidebar-style":"default","ast-global-header-display":"","ast-banner-title-visibility":"","ast-main-header-display":"","ast-hfb-above-header-display":"","ast-hfb-below-header-display":"","ast-hfb-mobile-header-display":"","site-post-title":"","ast-breadcrumbs-content":"","ast-featured-img":"","footer-sml-layout":"","ast-disable-related-posts":"","theme-transparent-header-meta":"","adv-header-id-meta":"","stick-header-meta":"","header-above-stick-meta":"","header-main-stick-meta":"","header-below-stick-meta":"","astra-migrate-meta-layouts":"default","ast-page-background-enabled":"default","ast-page-background-meta":{"desktop":{"background-color":"var(--ast-global-color-4)","background-image":"","background-repeat":"repeat","background-position":"center center","background-size":"auto","background-attachment":"scroll","background-type":"","background-media":"","overlay-type":"","overlay-color":"","overlay-opacity":"","overlay-gradient":""},"tablet":{"background-color":"","background-image":"","background-repeat":"repeat","background-position":"center center","background-size":"auto","background-attachment":"scroll","background-type":"","background-media":"","overlay-type":"","overlay-color":"","overlay-opacity":"","overlay-gradient":""},"mobile":{"background-color":"","background-image":"","background-repeat":"repeat","background-position":"center center","background-size":"auto","background-attachment":"scroll","background-type":"","background-media":"","overlay-type":"","overlay-color":"","overlay-opacity":"","overlay-gradient":""}},"ast-content-background-meta":{"desktop":{"background-color":"var(--ast-global-color-5)","background-image":"","background-repeat":"repeat","background-position":"center center","background-size":"auto","background-attachment":"scroll","background-type":"","background-media":"","overlay-type":"","overlay-color":"","overlay-opacity":"","overlay-gradient":""},"tablet":{"background-color":"var(--ast-global-color-5)","background-image":"","background-repeat":"repeat","background-position":"center center","background-size":"auto","background-attachment":"scroll","background-type":"","background-media":"","overlay-type":"","overlay-color":"","overlay-opacity":"","overlay-gradient":""},"mobile":{"background-color":"var(--ast-global-color-5)","background-image":"","background-repeat":"repeat","background-position":"center center","background-size":"auto","background-attachment":"scroll","background-type":"","background-media":"","overlay-type":"","overlay-color":"","overlay-opacity":"","overlay-gradient":""}},"footnotes":""},"categories":[4],"tags":[1453,102,522],"class_list":["post-6326","post","type-post","status-publish","format-standard","has-post-thumbnail","hentry","category-noticias","tag-carlos-martinezdia-mundial-del-habitat","tag-infonavit","tag-onu-habitat"],"_links":{"self":[{"href":"https:\/\/hombresymujeresdelacasa.com\/home\/wp-json\/wp\/v2\/posts\/6326","targetHints":{"allow":["GET"]}}],"collection":[{"href":"https:\/\/hombresymujeresdelacasa.com\/home\/wp-json\/wp\/v2\/posts"}],"about":[{"href":"https:\/\/hombresymujeresdelacasa.com\/home\/wp-json\/wp\/v2\/types\/post"}],"author":[{"embeddable":true,"href":"https:\/\/hombresymujeresdelacasa.com\/home\/wp-json\/wp\/v2\/users\/1"}],"replies":[{"embeddable":true,"href":"https:\/\/hombresymujeresdelacasa.com\/home\/wp-json\/wp\/v2\/comments?post=6326"}],"version-history":[{"count":1,"href":"https:\/\/hombresymujeresdelacasa.com\/home\/wp-json\/wp\/v2\/posts\/6326\/revisions"}],"predecessor-version":[{"id":6328,"href":"https:\/\/hombresymujeresdelacasa.com\/home\/wp-json\/wp\/v2\/posts\/6326\/revisions\/6328"}],"wp:featuredmedia":[{"embeddable":true,"href":"https:\/\/hombresymujeresdelacasa.com\/home\/wp-json\/wp\/v2\/media\/6327"}],"wp:attachment":[{"href":"https:\/\/hombresymujeresdelacasa.com\/home\/wp-json\/wp\/v2\/media?parent=6326"}],"wp:term":[{"taxonomy":"category","embeddable":true,"href":"https:\/\/hombresymujeresdelacasa.com\/home\/wp-json\/wp\/v2\/categories?post=6326"},{"taxonomy":"post_tag","embeddable":true,"href":"https:\/\/hombresymujeresdelacasa.com\/home\/wp-json\/wp\/v2\/tags?post=6326"}],"curies":[{"name":"wp","href":"https:\/\/api.w.org\/{rel}","templated":true}]}}