{"id":6156,"date":"2019-08-22T12:55:42","date_gmt":"2019-08-22T18:55:42","guid":{"rendered":"http:\/\/hombresymujeresdelacasa.com\/home\/?p=6156"},"modified":"2021-10-19T11:26:20","modified_gmt":"2021-10-19T17:26:20","slug":"lanzara-infonavit-5-nuevos-esquemas-de-reestructura","status":"publish","type":"post","link":"https:\/\/hombresymujeresdelacasa.com\/home\/lanzara-infonavit-5-nuevos-esquemas-de-reestructura\/","title":{"rendered":"Lanzar\u00e1 Infonavit 5 nuevos esquemas de reestructura"},"content":{"rendered":"<p>Por Edgar Rosas<\/p>\n<p><em>La intenci\u00f3n del organismo es ofrecer oportunidades para que los trabajadores en mora puedan ponerse al corriente y no perder su vivienda<\/em><span id=\"more-95112\"><\/span><\/p>\n<p>Para septiembre, el\u00a0<strong>Instituto del Fondo Nacional de la Vivienda para los Trabajadores<\/strong>\u00a0(Infonavit) pondr\u00e1 en marcha\u00a0<strong>cinco nuevos esquemas<\/strong>\u00a0de reestructura, los cuales, ayudar\u00e1n a los derechohabientes a ponerse al corriente con el pago de su cr\u00e9dito.<\/p>\n<p>As\u00ed lo inform\u00f3 el director general del Infonavit,\u00a0<strong>Carlos Mart\u00ednez<\/strong>, quien se\u00f1al\u00f3 que la actual administraci\u00f3n busca dar un giro en el tema de la cobranza, y ofrecer esquemas que permitan al trabajador que caiga en mora, ponerse al corriente y evitar as\u00ed\u00a0<strong>perder su casa<\/strong>. Se\u00f1al\u00f3 que la intenci\u00f3n es poner a la mediaci\u00f3n al centro.<\/p>\n<p>El directivo destac\u00f3 que ente los instrumentos que se anunciar\u00e1n en pr\u00f3ximas fechas se encuentra el ofrecer a los derechohabientes el poder liquidar la vivienda a precio de aval\u00fao, o el esquema de pago al 75 por ciento del costo de aval\u00fao.<\/p>\n<blockquote class=\"quote_content\"><p>\u201cVamos a hacer un anuncio espec\u00edfico, y obviamente ser\u00e1 el foco de la comunicaci\u00f3n. Pero una de las que te puedo adelantar que ya se hac\u00eda y que no s\u00e9 por qu\u00e9 se cancel\u00f3 dentro del instituto es la liquidaci\u00f3n a precio aval\u00fao; o sea, simplemente se ve cu\u00e1nto se ha pagado y cu\u00e1nto es el aval\u00fao actual de la casa y si ya acabaste de pagar, ya se liquida el cr\u00e9dito.\u201cLa otra es el pago al 75 por ciento (\u2026 ) esas dos son muy f\u00e1ciles de entender, es liquidar a valor de aval\u00fao, y ah\u00ed se ve cu\u00e1nto se ha pagado y cu\u00e1nto vale la casa y se liquida el cr\u00e9dito. Y la otra son liquidaciones al 75 por ciento tomando como referencia tambi\u00e9n el aval\u00fao\u201d, dijo.<\/p><\/blockquote>\n<p>El Director General insisti\u00f3 que la meta es poder dar facilidades a los trabajadores con intenci\u00f3n de pago y as\u00ed cambiar el modelo que hab\u00eda empleado el organismo. Y es que, asegur\u00f3, el Infonavit se hab\u00eda convertido en un organismo que no otorgaba ning\u00fan tipo de posibilidad al trabajador en mora.<\/p>\n<p>\u201cLa realidad es que nos encontramos que el Infonavit ten\u00eda una maquinaria, donde casi a la primera que dejaras de pagar te mandaban a judicial, eso ya no; o sea, desde que llegamos ya no hemos hecho ning\u00fan tipo de procesos masivos (\u2026)<\/p>\n<p>\u201cY, sobre todo, lo que estamos buscando es que la mediaci\u00f3n sea el centro de todo el proceso. Entonces la idea es que el trabajador se acoja a un programa de mediaci\u00f3n, que va a iniciar en septiembre\u201d, indic\u00f3.<\/p>\n<p>Cabe se\u00f1alar que, en junio pasado, dentro de la carta que el\u00a0<strong>Consejo de Administraci\u00f3n<\/strong>\u00a0envi\u00f3 al\u00a0<strong>Presidente L\u00f3pez Obrador<\/strong>, se detallaron siete nuevos esquemas de cobranza, con el que se busca ampliar las opciones para que los trabajadores se pusieran al corriente.<\/p>\n<p>Entre estos se mencionaban:<\/p>\n<p>\u2022 Fondo de protecci\u00f3n de pago.<br \/>\n\u2022 Estudios socioecon\u00f3micos.<br \/>\n\u2022 Dictamen de capacidad de pago.<br \/>\n\u2022 Borr\u00f3n y cuenta nueva.<br \/>\n\u2022 Descuento por liquidaci\u00f3n anticipada.<br \/>\n\u2022 Liquidaci\u00f3n al 75% del valor aval\u00fao.<br \/>\n\u2022 Daci\u00f3n en pago.<\/p>\n","protected":false},"excerpt":{"rendered":"<p>Por Edgar Rosas La intenci\u00f3n del organismo es ofrecer oportunidades para que los trabajadores en mora puedan ponerse al corriente y no perder su vivienda Para septiembre, el\u00a0Instituto del Fondo Nacional de la Vivienda para los Trabajadores\u00a0(Infonavit) pondr\u00e1 en marcha\u00a0cinco nuevos esquemas\u00a0de reestructura, los cuales, ayudar\u00e1n a los derechohabientes a ponerse al corriente con el [&hellip;]<\/p>\n","protected":false},"author":1,"featured_media":6061,"comment_status":"closed","ping_status":"open","sticky":false,"template":"","format":"standard","meta":{"site-sidebar-layout":"default","site-content-layout":"","ast-site-content-layout":"default","site-content-style":"default","site-sidebar-style":"default","ast-global-header-display":"","ast-banner-title-visibility":"","ast-main-header-display":"","ast-hfb-above-header-display":"","ast-hfb-below-header-display":"","ast-hfb-mobile-header-display":"","site-post-title":"","ast-breadcrumbs-content":"","ast-featured-img":"","footer-sml-layout":"","ast-disable-related-posts":"","theme-transparent-header-meta":"","adv-header-id-meta":"","stick-header-meta":"","header-above-stick-meta":"","header-main-stick-meta":"","header-below-stick-meta":"","astra-migrate-meta-layouts":"default","ast-page-background-enabled":"default","ast-page-background-meta":{"desktop":{"background-color":"var(--ast-global-color-4)","background-image":"","background-repeat":"repeat","background-position":"center center","background-size":"auto","background-attachment":"scroll","background-type":"","background-media":"","overlay-type":"","overlay-color":"","overlay-opacity":"","overlay-gradient":""},"tablet":{"background-color":"","background-image":"","background-repeat":"repeat","background-position":"center center","background-size":"auto","background-attachment":"scroll","background-type":"","background-media":"","overlay-type":"","overlay-color":"","overlay-opacity":"","overlay-gradient":""},"mobile":{"background-color":"","background-image":"","background-repeat":"repeat","background-position":"center center","background-size":"auto","background-attachment":"scroll","background-type":"","background-media":"","overlay-type":"","overlay-color":"","overlay-opacity":"","overlay-gradient":""}},"ast-content-background-meta":{"desktop":{"background-color":"var(--ast-global-color-5)","background-image":"","background-repeat":"repeat","background-position":"center center","background-size":"auto","background-attachment":"scroll","background-type":"","background-media":"","overlay-type":"","overlay-color":"","overlay-opacity":"","overlay-gradient":""},"tablet":{"background-color":"var(--ast-global-color-5)","background-image":"","background-repeat":"repeat","background-position":"center center","background-size":"auto","background-attachment":"scroll","background-type":"","background-media":"","overlay-type":"","overlay-color":"","overlay-opacity":"","overlay-gradient":""},"mobile":{"background-color":"var(--ast-global-color-5)","background-image":"","background-repeat":"repeat","background-position":"center center","background-size":"auto","background-attachment":"scroll","background-type":"","background-media":"","overlay-type":"","overlay-color":"","overlay-opacity":"","overlay-gradient":""}},"footnotes":""},"categories":[4],"tags":[1034,102,1345,1146,177],"class_list":["post-6156","post","type-post","status-publish","format-standard","has-post-thumbnail","hentry","category-noticias","tag-carlos-martinez","tag-infonavit","tag-mora","tag-reestructura","tag-vivienda"],"_links":{"self":[{"href":"https:\/\/hombresymujeresdelacasa.com\/home\/wp-json\/wp\/v2\/posts\/6156","targetHints":{"allow":["GET"]}}],"collection":[{"href":"https:\/\/hombresymujeresdelacasa.com\/home\/wp-json\/wp\/v2\/posts"}],"about":[{"href":"https:\/\/hombresymujeresdelacasa.com\/home\/wp-json\/wp\/v2\/types\/post"}],"author":[{"embeddable":true,"href":"https:\/\/hombresymujeresdelacasa.com\/home\/wp-json\/wp\/v2\/users\/1"}],"replies":[{"embeddable":true,"href":"https:\/\/hombresymujeresdelacasa.com\/home\/wp-json\/wp\/v2\/comments?post=6156"}],"version-history":[{"count":1,"href":"https:\/\/hombresymujeresdelacasa.com\/home\/wp-json\/wp\/v2\/posts\/6156\/revisions"}],"predecessor-version":[{"id":6157,"href":"https:\/\/hombresymujeresdelacasa.com\/home\/wp-json\/wp\/v2\/posts\/6156\/revisions\/6157"}],"wp:featuredmedia":[{"embeddable":true,"href":"https:\/\/hombresymujeresdelacasa.com\/home\/wp-json\/wp\/v2\/media\/6061"}],"wp:attachment":[{"href":"https:\/\/hombresymujeresdelacasa.com\/home\/wp-json\/wp\/v2\/media?parent=6156"}],"wp:term":[{"taxonomy":"category","embeddable":true,"href":"https:\/\/hombresymujeresdelacasa.com\/home\/wp-json\/wp\/v2\/categories?post=6156"},{"taxonomy":"post_tag","embeddable":true,"href":"https:\/\/hombresymujeresdelacasa.com\/home\/wp-json\/wp\/v2\/tags?post=6156"}],"curies":[{"name":"wp","href":"https:\/\/api.w.org\/{rel}","templated":true}]}}