{"id":6151,"date":"2019-08-22T12:49:35","date_gmt":"2019-08-22T18:49:35","guid":{"rendered":"http:\/\/hombresymujeresdelacasa.com\/home\/?p=6151"},"modified":"2021-10-19T11:26:40","modified_gmt":"2021-10-19T17:26:40","slug":"quiere-infonavit-aumentar-el-tamano-promedio-de-viviendas","status":"publish","type":"post","link":"https:\/\/hombresymujeresdelacasa.com\/home\/quiere-infonavit-aumentar-el-tamano-promedio-de-viviendas\/","title":{"rendered":"Quiere Infonavit aumentar el tama\u00f1o promedio de viviendas"},"content":{"rendered":"<p>Por Edgar Rosas<\/p>\n<p><em>El aumento en las dimensiones se puede dar sin afectar el precio de las vivienda, asegur\u00f3 Carlos Mart\u00ednez<\/em><span id=\"more-95082\"><\/span><\/p>\n<p>En el marco de la construcci\u00f3n del nuevo\u00a0<strong>Programa Nacional de Vivienda<\/strong>, el\u00a0<strong>Instituto del Fondo Nacional de la Vivienda para los Trabajadores<\/strong>\u00a0(Infonavit) buscar\u00e1 elevar el\u00a0<strong>tama\u00f1o promedio<\/strong>\u00a0de las viviendas que se producen en el pa\u00eds. As\u00ed, de pasar de un promedio de 40 metros cuadrados (m2), establecer como m\u00ednimo una dimensi\u00f3n de\u00a0<strong>48 metros cuadrados<\/strong>.<\/p>\n<p>As\u00ed lo se\u00f1al\u00f3\u00a0<strong>Carlos Mart\u00ednez<\/strong>, director general del organismo, quien expuso que una de las prioridades es aumentar el tama\u00f1o de las viviendas, pero sin que impacte en el costo total de las unidades.<\/p>\n<p>En gira por Ciudad Ju\u00e1rez, el Director General apunt\u00f3 que ya hay trabajo en el tema. Incluso, dijo, se ha trabajado con integrantes de la\u00a0<strong>C\u00e1mara Mexicana de la Industria de la Construcci\u00f3n<\/strong>\u00a0(CMIC).<\/p>\n<blockquote class=\"quote_content\"><p>\u201cLo est\u00e1bamos platicando hace poco con gente de la C\u00e1mara de la Industria de la Construcci\u00f3n, c\u00f3mo se puede aumentar el tama\u00f1o de la vivienda sin encarecerla, de tal manera que sea impagable, porque tambi\u00e9n es un intercambio en eso.\u201cHoy las viviendas del Infonavit, o al menos lo que qued\u00f3 del a\u00f1o pasado en lo que se llama est\u00e1ndar Infonavit, est\u00e1n sobre los 40 metros (\u2026) nosotros creemos que, sin aumentar los costos, se podr\u00eda llegar hasta 48 sin afectar demasiado el tema de los costos\u201d, dijo.<\/p><\/blockquote>\n<p>Carlos Mart\u00ednez critic\u00f3 que en administraciones pasadas se impuls\u00f3 un\u00a0<strong>modelo expansivo de vivienda<\/strong>, que no procur\u00f3 el tema de la<strong>\u00a0calidad<\/strong>. Al respecto, lament\u00f3 que\u00a0en la etapa de\u00a0<strong>Felipe Calder\u00f3n<\/strong>, se llegaron a construir viviendas de\u00a0<strong>27 metros cuadrados<\/strong>.<\/p>\n<p>\u201cEn la \u00e9poca de vivienda entre 2005 y 2010, por ejemplo, el Infonavit ni siquiera ten\u00eda un est\u00e1ndar de tama\u00f1o. Y en esa \u00e9poca en los sexenios de Fox y Calder\u00f3n, y eso lo he visto en todo el pa\u00eds ahora en los recorridos, se hicieron casas de 27 metros cuadrados que no ten\u00edan ning\u00fan tipo de adecuaci\u00f3n cultural ni adecuaci\u00f3n al entorno, realmente fue un modelo expansivo que, si lo vi\u00e9ramos como un cuerpo, un sistema, que es la ciudad, son cicatrices que dej\u00f3 ese mal sistema\u201d, indic\u00f3.<\/p>\n<p>En tal sentido, Mart\u00ednez se\u00f1al\u00f3 que en las administraciones pasadas la vivienda fue vista como un negocio, en donde los empresarios s\u00f3lo buscaron la utilidad.<\/p>\n<blockquote class=\"quote_content\"><p>\u201cFue verdaderamente desastroso lo que hizo esta \u00e9poca donde ve\u00edan a la casa como un negocio, s\u00f3lo quer\u00edan expandir, expandir, las manchas urbanas, vender, vender, vender cr\u00e9ditos, pues tiene consecuencias grav\u00edsimas.Ya les dec\u00eda: 650,000 viviendas abandonadas en todo el pa\u00eds. Ah\u00ed caben 2 millones y medio de personas; o sea, no puede ser que los que impulsaban ese modelo sientan que estaba bien, genera una serie de procesos urbanos dist\u00f3picos verdaderamente que no son sostenibles en el tiempo\u201d, apunt\u00f3.<\/p><\/blockquote>\n","protected":false},"excerpt":{"rendered":"<p>Por Edgar Rosas El aumento en las dimensiones se puede dar sin afectar el precio de las vivienda, asegur\u00f3 Carlos Mart\u00ednez En el marco de la construcci\u00f3n del nuevo\u00a0Programa Nacional de Vivienda, el\u00a0Instituto del Fondo Nacional de la Vivienda para los Trabajadores\u00a0(Infonavit) buscar\u00e1 elevar el\u00a0tama\u00f1o promedio\u00a0de las viviendas que se producen en el pa\u00eds. As\u00ed, [&hellip;]<\/p>\n","protected":false},"author":1,"featured_media":6152,"comment_status":"closed","ping_status":"open","sticky":false,"template":"","format":"standard","meta":{"site-sidebar-layout":"default","site-content-layout":"","ast-site-content-layout":"default","site-content-style":"default","site-sidebar-style":"default","ast-global-header-display":"","ast-banner-title-visibility":"","ast-main-header-display":"","ast-hfb-above-header-display":"","ast-hfb-below-header-display":"","ast-hfb-mobile-header-display":"","site-post-title":"","ast-breadcrumbs-content":"","ast-featured-img":"","footer-sml-layout":"","ast-disable-related-posts":"","theme-transparent-header-meta":"","adv-header-id-meta":"","stick-header-meta":"","header-above-stick-meta":"","header-main-stick-meta":"","header-below-stick-meta":"","astra-migrate-meta-layouts":"default","ast-page-background-enabled":"default","ast-page-background-meta":{"desktop":{"background-color":"var(--ast-global-color-4)","background-image":"","background-repeat":"repeat","background-position":"center center","background-size":"auto","background-attachment":"scroll","background-type":"","background-media":"","overlay-type":"","overlay-color":"","overlay-opacity":"","overlay-gradient":""},"tablet":{"background-color":"","background-image":"","background-repeat":"repeat","background-position":"center center","background-size":"auto","background-attachment":"scroll","background-type":"","background-media":"","overlay-type":"","overlay-color":"","overlay-opacity":"","overlay-gradient":""},"mobile":{"background-color":"","background-image":"","background-repeat":"repeat","background-position":"center center","background-size":"auto","background-attachment":"scroll","background-type":"","background-media":"","overlay-type":"","overlay-color":"","overlay-opacity":"","overlay-gradient":""}},"ast-content-background-meta":{"desktop":{"background-color":"var(--ast-global-color-5)","background-image":"","background-repeat":"repeat","background-position":"center center","background-size":"auto","background-attachment":"scroll","background-type":"","background-media":"","overlay-type":"","overlay-color":"","overlay-opacity":"","overlay-gradient":""},"tablet":{"background-color":"var(--ast-global-color-5)","background-image":"","background-repeat":"repeat","background-position":"center center","background-size":"auto","background-attachment":"scroll","background-type":"","background-media":"","overlay-type":"","overlay-color":"","overlay-opacity":"","overlay-gradient":""},"mobile":{"background-color":"var(--ast-global-color-5)","background-image":"","background-repeat":"repeat","background-position":"center center","background-size":"auto","background-attachment":"scroll","background-type":"","background-media":"","overlay-type":"","overlay-color":"","overlay-opacity":"","overlay-gradient":""}},"footnotes":""},"categories":[4],"tags":[1034,102,1384,1404,177],"class_list":["post-6151","post","type-post","status-publish","format-standard","has-post-thumbnail","hentry","category-noticias","tag-carlos-martinez","tag-infonavit","tag-programa-nacional-de-vivienda","tag-tamano-vivienda","tag-vivienda"],"_links":{"self":[{"href":"https:\/\/hombresymujeresdelacasa.com\/home\/wp-json\/wp\/v2\/posts\/6151","targetHints":{"allow":["GET"]}}],"collection":[{"href":"https:\/\/hombresymujeresdelacasa.com\/home\/wp-json\/wp\/v2\/posts"}],"about":[{"href":"https:\/\/hombresymujeresdelacasa.com\/home\/wp-json\/wp\/v2\/types\/post"}],"author":[{"embeddable":true,"href":"https:\/\/hombresymujeresdelacasa.com\/home\/wp-json\/wp\/v2\/users\/1"}],"replies":[{"embeddable":true,"href":"https:\/\/hombresymujeresdelacasa.com\/home\/wp-json\/wp\/v2\/comments?post=6151"}],"version-history":[{"count":1,"href":"https:\/\/hombresymujeresdelacasa.com\/home\/wp-json\/wp\/v2\/posts\/6151\/revisions"}],"predecessor-version":[{"id":6153,"href":"https:\/\/hombresymujeresdelacasa.com\/home\/wp-json\/wp\/v2\/posts\/6151\/revisions\/6153"}],"wp:featuredmedia":[{"embeddable":true,"href":"https:\/\/hombresymujeresdelacasa.com\/home\/wp-json\/wp\/v2\/media\/6152"}],"wp:attachment":[{"href":"https:\/\/hombresymujeresdelacasa.com\/home\/wp-json\/wp\/v2\/media?parent=6151"}],"wp:term":[{"taxonomy":"category","embeddable":true,"href":"https:\/\/hombresymujeresdelacasa.com\/home\/wp-json\/wp\/v2\/categories?post=6151"},{"taxonomy":"post_tag","embeddable":true,"href":"https:\/\/hombresymujeresdelacasa.com\/home\/wp-json\/wp\/v2\/tags?post=6151"}],"curies":[{"name":"wp","href":"https:\/\/api.w.org\/{rel}","templated":true}]}}