{"id":5426,"date":"2019-02-19T11:56:41","date_gmt":"2019-02-19T17:56:41","guid":{"rendered":"http:\/\/hombresymujeresdelacasa.com\/home\/?p=5426"},"modified":"2019-02-19T11:56:41","modified_gmt":"2019-02-19T17:56:41","slug":"en-junio-arrancaria-el-programa-de-mejoramiento-urbano","status":"publish","type":"post","link":"https:\/\/hombresymujeresdelacasa.com\/home\/en-junio-arrancaria-el-programa-de-mejoramiento-urbano\/","title":{"rendered":"En junio arrancar\u00eda el Programa de Mejoramiento Urbano"},"content":{"rendered":"<p>Por Edgar Rosas<\/p>\n<p><em>La Sedatu cuenta ya con 349 proyectos identificados para impulsar en las 15 ciudades elegidas a intervenir<\/em><span id=\"more-86496\"><\/span><!--more--><\/p>\n<p>El\u00a0<strong>Programa de Mejoramiento Urbano<\/strong>\u00a0(PMU) comenzar\u00eda a operar al final de la primera parte del 2019, una vez que se determinen cu\u00e1les ser\u00e1n los proyectos a impulsar, se\u00f1al\u00f3\u00a0<strong>Rom\u00e1n Meyer Falc\u00f3n<\/strong>, titular de la Secretar\u00eda de Desarrollo Agrario, Territorial y Urbano (Sedatu).<\/p>\n<p>Entrevistado luego de recibir del Instituto Polit\u00e9cnico Nacional (IPN) los diagn\u00f3sticos de las ciudades por atender en el marco del PMU, Rom\u00e1n Meyer detall\u00f3 que en total se tienen en el radar 349 proyectos que pueden impulsarse. Indic\u00f3 que el siguiente paso ser\u00e1 definir con las entidades qu\u00e9 proyectos son prioridad para echarlos a andar desde Sedatu.<\/p>\n<p>El funcionario detall\u00f3 que en primera instancia se arrancar\u00e1n con las acciones que tienen que ver con la mejora, ampliaci\u00f3n o sustituci\u00f3n de vivienda, para luego comenzar con los proyectos de equipamiento e infraestructura urbana.<\/p>\n<p>Cabe recordar que en diciembre, el IPN y Sedatu firmaron un convenio de colaboraci\u00f3n con el que esta casa de estudios trabajar\u00eda en la realizaci\u00f3n de diagn\u00f3sticos de las ciudades a intervenir con el PMU y a partir de ah\u00ed elaborar propuestas de proyectos prioritarios por ciudad.<\/p>\n<p>En este sentido, Rom\u00e1n Meyer se\u00f1al\u00f3 que el trabajo realizado por el IPN se coloca como la hoja de ruta a seguir en el Programa de Mejoramiento Urbana. Asegur\u00f3 que la informaci\u00f3n recabada por el Instituto muestra una radiograf\u00eda sobre las deficiencias de los 15 municipios por atender.<\/p>\n<p>\u201cLas carpetas que nos entrega el IPN son una radiograf\u00eda muy puntual para conocer qu\u00e9 tipo de intervenciones tendremos que hacer. Son trajes a la medida pr\u00e1cticamente\u201d, apunt\u00f3.<\/p>\n","protected":false},"excerpt":{"rendered":"<p>Por Edgar Rosas La Sedatu cuenta ya con 349 proyectos identificados para impulsar en las 15 ciudades elegidas a intervenir<\/p>\n","protected":false},"author":1,"featured_media":5427,"comment_status":"open","ping_status":"open","sticky":false,"template":"","format":"standard","meta":{"site-sidebar-layout":"default","site-content-layout":"","ast-site-content-layout":"default","site-content-style":"default","site-sidebar-style":"default","ast-global-header-display":"","ast-banner-title-visibility":"","ast-main-header-display":"","ast-hfb-above-header-display":"","ast-hfb-below-header-display":"","ast-hfb-mobile-header-display":"","site-post-title":"","ast-breadcrumbs-content":"","ast-featured-img":"","footer-sml-layout":"","ast-disable-related-posts":"","theme-transparent-header-meta":"","adv-header-id-meta":"","stick-header-meta":"","header-above-stick-meta":"","header-main-stick-meta":"","header-below-stick-meta":"","astra-migrate-meta-layouts":"default","ast-page-background-enabled":"default","ast-page-background-meta":{"desktop":{"background-color":"var(--ast-global-color-4)","background-image":"","background-repeat":"repeat","background-position":"center center","background-size":"auto","background-attachment":"scroll","background-type":"","background-media":"","overlay-type":"","overlay-color":"","overlay-opacity":"","overlay-gradient":""},"tablet":{"background-color":"","background-image":"","background-repeat":"repeat","background-position":"center center","background-size":"auto","background-attachment":"scroll","background-type":"","background-media":"","overlay-type":"","overlay-color":"","overlay-opacity":"","overlay-gradient":""},"mobile":{"background-color":"","background-image":"","background-repeat":"repeat","background-position":"center center","background-size":"auto","background-attachment":"scroll","background-type":"","background-media":"","overlay-type":"","overlay-color":"","overlay-opacity":"","overlay-gradient":""}},"ast-content-background-meta":{"desktop":{"background-color":"var(--ast-global-color-5)","background-image":"","background-repeat":"repeat","background-position":"center center","background-size":"auto","background-attachment":"scroll","background-type":"","background-media":"","overlay-type":"","overlay-color":"","overlay-opacity":"","overlay-gradient":""},"tablet":{"background-color":"var(--ast-global-color-5)","background-image":"","background-repeat":"repeat","background-position":"center center","background-size":"auto","background-attachment":"scroll","background-type":"","background-media":"","overlay-type":"","overlay-color":"","overlay-opacity":"","overlay-gradient":""},"mobile":{"background-color":"var(--ast-global-color-5)","background-image":"","background-repeat":"repeat","background-position":"center center","background-size":"auto","background-attachment":"scroll","background-type":"","background-media":"","overlay-type":"","overlay-color":"","overlay-opacity":"","overlay-gradient":""}},"footnotes":""},"categories":[4],"tags":[113,1222,1138,177],"class_list":["post-5426","post","type-post","status-publish","format-standard","has-post-thumbnail","hentry","category-noticias","tag-mejoramiento","tag-programa-de-mejoramiento-urbano","tag-roman-meyer-falcon","tag-vivienda"],"_links":{"self":[{"href":"https:\/\/hombresymujeresdelacasa.com\/home\/wp-json\/wp\/v2\/posts\/5426","targetHints":{"allow":["GET"]}}],"collection":[{"href":"https:\/\/hombresymujeresdelacasa.com\/home\/wp-json\/wp\/v2\/posts"}],"about":[{"href":"https:\/\/hombresymujeresdelacasa.com\/home\/wp-json\/wp\/v2\/types\/post"}],"author":[{"embeddable":true,"href":"https:\/\/hombresymujeresdelacasa.com\/home\/wp-json\/wp\/v2\/users\/1"}],"replies":[{"embeddable":true,"href":"https:\/\/hombresymujeresdelacasa.com\/home\/wp-json\/wp\/v2\/comments?post=5426"}],"version-history":[{"count":1,"href":"https:\/\/hombresymujeresdelacasa.com\/home\/wp-json\/wp\/v2\/posts\/5426\/revisions"}],"predecessor-version":[{"id":5428,"href":"https:\/\/hombresymujeresdelacasa.com\/home\/wp-json\/wp\/v2\/posts\/5426\/revisions\/5428"}],"wp:featuredmedia":[{"embeddable":true,"href":"https:\/\/hombresymujeresdelacasa.com\/home\/wp-json\/wp\/v2\/media\/5427"}],"wp:attachment":[{"href":"https:\/\/hombresymujeresdelacasa.com\/home\/wp-json\/wp\/v2\/media?parent=5426"}],"wp:term":[{"taxonomy":"category","embeddable":true,"href":"https:\/\/hombresymujeresdelacasa.com\/home\/wp-json\/wp\/v2\/categories?post=5426"},{"taxonomy":"post_tag","embeddable":true,"href":"https:\/\/hombresymujeresdelacasa.com\/home\/wp-json\/wp\/v2\/tags?post=5426"}],"curies":[{"name":"wp","href":"https:\/\/api.w.org\/{rel}","templated":true}]}}