{"id":4833,"date":"2018-11-22T11:42:50","date_gmt":"2018-11-22T17:42:50","guid":{"rendered":"http:\/\/hombresymujeresdelacasa.com\/home\/?p=4833"},"modified":"2018-11-22T11:50:36","modified_gmt":"2018-11-22T17:50:36","slug":"nuevo-infonavit-presenta-sus-ejes-prioritarios","status":"publish","type":"post","link":"https:\/\/hombresymujeresdelacasa.com\/home\/nuevo-infonavit-presenta-sus-ejes-prioritarios\/","title":{"rendered":"Nuevo Infonavit presenta sus ejes prioritarios"},"content":{"rendered":"<p><em>Por Fernando Navarrete<\/em><\/p>\n<p><em>Carlos Mart\u00ednez Vel\u00e1zquez, pr\u00f3ximo titular de la instituci\u00f3n, reconoci\u00f3 la apertura de la administraci\u00f3n saliente para hacer la transici\u00f3n\u00a0<\/em><span id=\"more-81970\"><\/span><\/p>\n<p>Al concluir las diecisiete\u00a0mesas de trabajo de transici\u00f3n en el Instituto Nacional de Vivienda para los Trabajadores (Infonavit), Carlos Mart\u00ednez Vel\u00e1zquez, director general propuesto por el presidente electo Andr\u00e9s Manuel L\u00f3pez Obrador para dirigir a la instituci\u00f3n, dio a conocer los\u00a0cinco principios transformadores para su gesti\u00f3n en el periodo 2018-2024.<\/p>\n<p>Entre \u00e9stos, el pr\u00f3ximo funcionario al frente del Infonavit destac\u00f3 el tema de la\u00a0<strong>austeridad<\/strong>\u00a0y la transparencia como puntos prioritarios del pr\u00f3ximo gobierno, que se implementar\u00e1\u00a0en congruencia con los principios de austeridad republicana planteados por la administraci\u00f3n entrante.<\/p>\n<p>Mientras que en materia de\u00a0<strong>transparencia<\/strong>\u00a0dijo se trabajar\u00e1 con la instituci\u00f3n y sus \u00f3rganos colegiados para apegarse a lo dispuesto en las Leyes General de Transparencia y Acceso a la Informaci\u00f3n P\u00fablica y General del Sistema Nacional Anticorrupci\u00f3n, as\u00ed como a est\u00e1ndares y mejores pr\u00e1cticas corporativas internacionales.<\/p>\n<p>Por su parte, el<strong>\u00a0enfoque institucional en los derechohabientes<\/strong>\u00a0con menores ingresos implicar\u00e1 la b\u00fasqueda de nuevas y mejores l\u00edneas de financiamiento para garantizar el derecho de los trabajadores a una vivienda adecuada.<\/p>\n<p>Adem\u00e1s, se buscar\u00e1 maximizar el\u00a0<strong>ahorro de los trabajadores<\/strong>\u00a0a partir de la rentabilidad del portafolio hipotecario, y de un marco de gesti\u00f3n que tendr\u00e1 como principio el manejo eficiente de la\u00a0<strong>subcuenta de vivienda.<\/strong><\/p>\n<p>El futuro funcionario dijo que se impulsar\u00e1 una\u00a0<strong>pol\u00edtica institucional<\/strong>\u00a0de buenas pr\u00e1cticas y atenci\u00f3n ciudadana de calidez para que todos los procesos de atenci\u00f3n y servicio a derechohabientes, as\u00ed como a p\u00fablico en general.<\/p>\n<p>\u201cTambi\u00e9n se trabajar\u00e1 en estrecha coordinaci\u00f3n con la\u00a0<strong>Secretar\u00eda de Desarrollo, Agrario, Territorial y Urbano<\/strong>\u00a0(Sedatu) y los distintos organismos de vivienda para dar respuesta \u00e1gil e informaci\u00f3n fehaciente del sector\u201d, agreg\u00f3.<\/p>\n<p>A la par de estas mesas de trabajo, la nueva administraci\u00f3n ha sostenido reuniones con los<strong>\u00a0sectores patronal y de los trabajadores<\/strong>, que integran el tripartismo del Infonavit, para allegarse de sus necesidades y experiencias, as\u00ed como compartir esta nueva visi\u00f3n.<\/p>\n<p>Mart\u00ednez Vel\u00e1zquez\u00a0reconoci\u00f3 la apertura y facilidades de la administraci\u00f3n saliente para llevar a cabo las reuniones y establecer mecanismos para el intercambio de informaci\u00f3n, en un hecho sin precedente para este Instituto.<\/p>\n<p>Actualmente, el\u00a0<strong>Infonavit<\/strong>\u00a0es la cuarta hipotecaria m\u00e1s grande del mundo y la primera en Am\u00e9rica Latina; aporta cerca de\u00a0<strong>246,000 millones de pesos<\/strong>\u00a0anuales a la econom\u00eda del pa\u00eds y entreg\u00f3 el cr\u00e9dito 10 millones de su historia. Tan solo en lo que va del 2018 el instituto ha entregado m\u00e1s de\u00a0<strong>480,000 cr\u00e9ditos<\/strong>.<\/p>\n","protected":false},"excerpt":{"rendered":"<p>Por Fernando Navarrete Carlos Mart\u00ednez Vel\u00e1zquez, pr\u00f3ximo titular de la instituci\u00f3n, reconoci\u00f3 la apertura de la administraci\u00f3n saliente para hacer la transici\u00f3n\u00a0 Al concluir las diecisiete\u00a0mesas de trabajo de transici\u00f3n en el Instituto Nacional de Vivienda para los Trabajadores (Infonavit), Carlos Mart\u00ednez Vel\u00e1zquez, director general propuesto por el presidente electo Andr\u00e9s Manuel L\u00f3pez Obrador para [&hellip;]<\/p>\n","protected":false},"author":1,"featured_media":4834,"comment_status":"open","ping_status":"open","sticky":false,"template":"","format":"standard","meta":{"site-sidebar-layout":"default","site-content-layout":"","ast-site-content-layout":"default","site-content-style":"default","site-sidebar-style":"default","ast-global-header-display":"","ast-banner-title-visibility":"","ast-main-header-display":"","ast-hfb-above-header-display":"","ast-hfb-below-header-display":"","ast-hfb-mobile-header-display":"","site-post-title":"","ast-breadcrumbs-content":"","ast-featured-img":"","footer-sml-layout":"","ast-disable-related-posts":"","theme-transparent-header-meta":"","adv-header-id-meta":"","stick-header-meta":"","header-above-stick-meta":"","header-main-stick-meta":"","header-below-stick-meta":"","astra-migrate-meta-layouts":"default","ast-page-background-enabled":"default","ast-page-background-meta":{"desktop":{"background-color":"var(--ast-global-color-4)","background-image":"","background-repeat":"repeat","background-position":"center center","background-size":"auto","background-attachment":"scroll","background-type":"","background-media":"","overlay-type":"","overlay-color":"","overlay-opacity":"","overlay-gradient":""},"tablet":{"background-color":"","background-image":"","background-repeat":"repeat","background-position":"center center","background-size":"auto","background-attachment":"scroll","background-type":"","background-media":"","overlay-type":"","overlay-color":"","overlay-opacity":"","overlay-gradient":""},"mobile":{"background-color":"","background-image":"","background-repeat":"repeat","background-position":"center center","background-size":"auto","background-attachment":"scroll","background-type":"","background-media":"","overlay-type":"","overlay-color":"","overlay-opacity":"","overlay-gradient":""}},"ast-content-background-meta":{"desktop":{"background-color":"var(--ast-global-color-5)","background-image":"","background-repeat":"repeat","background-position":"center center","background-size":"auto","background-attachment":"scroll","background-type":"","background-media":"","overlay-type":"","overlay-color":"","overlay-opacity":"","overlay-gradient":""},"tablet":{"background-color":"var(--ast-global-color-5)","background-image":"","background-repeat":"repeat","background-position":"center center","background-size":"auto","background-attachment":"scroll","background-type":"","background-media":"","overlay-type":"","overlay-color":"","overlay-opacity":"","overlay-gradient":""},"mobile":{"background-color":"var(--ast-global-color-5)","background-image":"","background-repeat":"repeat","background-position":"center center","background-size":"auto","background-attachment":"scroll","background-type":"","background-media":"","overlay-type":"","overlay-color":"","overlay-opacity":"","overlay-gradient":""}},"footnotes":""},"categories":[4],"tags":[102],"class_list":["post-4833","post","type-post","status-publish","format-standard","has-post-thumbnail","hentry","category-noticias","tag-infonavit"],"_links":{"self":[{"href":"https:\/\/hombresymujeresdelacasa.com\/home\/wp-json\/wp\/v2\/posts\/4833","targetHints":{"allow":["GET"]}}],"collection":[{"href":"https:\/\/hombresymujeresdelacasa.com\/home\/wp-json\/wp\/v2\/posts"}],"about":[{"href":"https:\/\/hombresymujeresdelacasa.com\/home\/wp-json\/wp\/v2\/types\/post"}],"author":[{"embeddable":true,"href":"https:\/\/hombresymujeresdelacasa.com\/home\/wp-json\/wp\/v2\/users\/1"}],"replies":[{"embeddable":true,"href":"https:\/\/hombresymujeresdelacasa.com\/home\/wp-json\/wp\/v2\/comments?post=4833"}],"version-history":[{"count":2,"href":"https:\/\/hombresymujeresdelacasa.com\/home\/wp-json\/wp\/v2\/posts\/4833\/revisions"}],"predecessor-version":[{"id":4840,"href":"https:\/\/hombresymujeresdelacasa.com\/home\/wp-json\/wp\/v2\/posts\/4833\/revisions\/4840"}],"wp:featuredmedia":[{"embeddable":true,"href":"https:\/\/hombresymujeresdelacasa.com\/home\/wp-json\/wp\/v2\/media\/4834"}],"wp:attachment":[{"href":"https:\/\/hombresymujeresdelacasa.com\/home\/wp-json\/wp\/v2\/media?parent=4833"}],"wp:term":[{"taxonomy":"category","embeddable":true,"href":"https:\/\/hombresymujeresdelacasa.com\/home\/wp-json\/wp\/v2\/categories?post=4833"},{"taxonomy":"post_tag","embeddable":true,"href":"https:\/\/hombresymujeresdelacasa.com\/home\/wp-json\/wp\/v2\/tags?post=4833"}],"curies":[{"name":"wp","href":"https:\/\/api.w.org\/{rel}","templated":true}]}}