{"id":4816,"date":"2018-11-21T11:14:14","date_gmt":"2018-11-21T17:14:14","guid":{"rendered":"http:\/\/hombresymujeresdelacasa.com\/home\/?p=4816"},"modified":"2018-11-21T11:36:29","modified_gmt":"2018-11-21T17:36:29","slug":"recibe-rasa-certificacion-iso-90012015","status":"publish","type":"post","link":"https:\/\/hombresymujeresdelacasa.com\/home\/recibe-rasa-certificacion-iso-90012015\/","title":{"rendered":"Recibe RASA certificaci\u00f3n ISO 9001:2015"},"content":{"rendered":"<p>Por Edgar Rosas<\/p>\n<p>El certificado avala los procesos de auditor\u00edas de aval\u00faos y la emisi\u00f3n de opiniones de valor<\/p>\n<p>Revisora de Aval\u00faos (RASA), empresa dirigida por Jorge McLoughlin, obtuvo la Certificaci\u00f3n ISO 9001:2015, con lo que se reconoce la calidad en el servicio que ofrece esta compa\u00f1\u00eda que interviene en el sector de la vivienda.<\/p>\n<p>De manera particular, el certificado avala los altos est\u00e1ndares aplicados para el desempe\u00f1o de la labor de RASA, es decir, en los procesos de auditor\u00edas de aval\u00faos y en la emisi\u00f3n de opiniones de valor.<\/p>\n<p>Seg\u00fan la informaci\u00f3n proporcionada a este medio, el certificado fue entregado de manera oficial el pasado 13 de noviembre y tiene una vigencia de tres a\u00f1os, por lo que vence el pr\u00f3ximo 12 de noviembre de 2021.<\/p>\n<p>A decir de Jorge McLoughlin, la certificaci\u00f3n representa un compromiso para la empresa. Dijo que este reconocimiento permitir\u00e1 dar un valor agregado a los clientes de RASA.<\/p>\n<p>\u201cEsta noticia nos llena de orgullo. Luego de iniciar el camino de la certificaci\u00f3n desde hace m\u00e1s de un a\u00f1o, hoy nos fue entregado. Somos la \u00fanica empresa prestadora de este servicio en el pa\u00eds y hemos competido contra nosotros mismos para hoy sumar este importante galard\u00f3n\u201d, dijo a Centro Urbano.<\/p>\n","protected":false},"excerpt":{"rendered":"<p>Por Edgar Rosas El certificado avala los procesos de auditor\u00edas de aval\u00faos y la emisi\u00f3n de opiniones de valor Revisora de Aval\u00faos (RASA), empresa dirigida por Jorge McLoughlin, obtuvo la Certificaci\u00f3n ISO 9001:2015, con lo que se reconoce la calidad en el servicio que ofrece esta compa\u00f1\u00eda que interviene en el sector de la vivienda. [&hellip;]<\/p>\n","protected":false},"author":1,"featured_media":4817,"comment_status":"open","ping_status":"open","sticky":false,"template":"","format":"standard","meta":{"site-sidebar-layout":"default","site-content-layout":"","ast-site-content-layout":"default","site-content-style":"default","site-sidebar-style":"default","ast-global-header-display":"","ast-banner-title-visibility":"","ast-main-header-display":"","ast-hfb-above-header-display":"","ast-hfb-below-header-display":"","ast-hfb-mobile-header-display":"","site-post-title":"","ast-breadcrumbs-content":"","ast-featured-img":"","footer-sml-layout":"","ast-disable-related-posts":"","theme-transparent-header-meta":"","adv-header-id-meta":"","stick-header-meta":"","header-above-stick-meta":"","header-main-stick-meta":"","header-below-stick-meta":"","astra-migrate-meta-layouts":"default","ast-page-background-enabled":"default","ast-page-background-meta":{"desktop":{"background-color":"var(--ast-global-color-4)","background-image":"","background-repeat":"repeat","background-position":"center center","background-size":"auto","background-attachment":"scroll","background-type":"","background-media":"","overlay-type":"","overlay-color":"","overlay-opacity":"","overlay-gradient":""},"tablet":{"background-color":"","background-image":"","background-repeat":"repeat","background-position":"center center","background-size":"auto","background-attachment":"scroll","background-type":"","background-media":"","overlay-type":"","overlay-color":"","overlay-opacity":"","overlay-gradient":""},"mobile":{"background-color":"","background-image":"","background-repeat":"repeat","background-position":"center center","background-size":"auto","background-attachment":"scroll","background-type":"","background-media":"","overlay-type":"","overlay-color":"","overlay-opacity":"","overlay-gradient":""}},"ast-content-background-meta":{"desktop":{"background-color":"var(--ast-global-color-5)","background-image":"","background-repeat":"repeat","background-position":"center center","background-size":"auto","background-attachment":"scroll","background-type":"","background-media":"","overlay-type":"","overlay-color":"","overlay-opacity":"","overlay-gradient":""},"tablet":{"background-color":"var(--ast-global-color-5)","background-image":"","background-repeat":"repeat","background-position":"center center","background-size":"auto","background-attachment":"scroll","background-type":"","background-media":"","overlay-type":"","overlay-color":"","overlay-opacity":"","overlay-gradient":""},"mobile":{"background-color":"var(--ast-global-color-5)","background-image":"","background-repeat":"repeat","background-position":"center center","background-size":"auto","background-attachment":"scroll","background-type":"","background-media":"","overlay-type":"","overlay-color":"","overlay-opacity":"","overlay-gradient":""}},"footnotes":""},"categories":[4],"tags":[1098,816,817],"class_list":["post-4816","post","type-post","status-publish","format-standard","has-post-thumbnail","hentry","category-noticias","tag-jorge-mcloughlin","tag-rasa","tag-revisora-de-avaluos"],"_links":{"self":[{"href":"https:\/\/hombresymujeresdelacasa.com\/home\/wp-json\/wp\/v2\/posts\/4816","targetHints":{"allow":["GET"]}}],"collection":[{"href":"https:\/\/hombresymujeresdelacasa.com\/home\/wp-json\/wp\/v2\/posts"}],"about":[{"href":"https:\/\/hombresymujeresdelacasa.com\/home\/wp-json\/wp\/v2\/types\/post"}],"author":[{"embeddable":true,"href":"https:\/\/hombresymujeresdelacasa.com\/home\/wp-json\/wp\/v2\/users\/1"}],"replies":[{"embeddable":true,"href":"https:\/\/hombresymujeresdelacasa.com\/home\/wp-json\/wp\/v2\/comments?post=4816"}],"version-history":[{"count":1,"href":"https:\/\/hombresymujeresdelacasa.com\/home\/wp-json\/wp\/v2\/posts\/4816\/revisions"}],"predecessor-version":[{"id":4818,"href":"https:\/\/hombresymujeresdelacasa.com\/home\/wp-json\/wp\/v2\/posts\/4816\/revisions\/4818"}],"wp:featuredmedia":[{"embeddable":true,"href":"https:\/\/hombresymujeresdelacasa.com\/home\/wp-json\/wp\/v2\/media\/4817"}],"wp:attachment":[{"href":"https:\/\/hombresymujeresdelacasa.com\/home\/wp-json\/wp\/v2\/media?parent=4816"}],"wp:term":[{"taxonomy":"category","embeddable":true,"href":"https:\/\/hombresymujeresdelacasa.com\/home\/wp-json\/wp\/v2\/categories?post=4816"},{"taxonomy":"post_tag","embeddable":true,"href":"https:\/\/hombresymujeresdelacasa.com\/home\/wp-json\/wp\/v2\/tags?post=4816"}],"curies":[{"name":"wp","href":"https:\/\/api.w.org\/{rel}","templated":true}]}}