{"id":4731,"date":"2018-11-16T11:55:27","date_gmt":"2018-11-16T17:55:27","guid":{"rendered":"http:\/\/hombresymujeresdelacasa.com\/home\/?p=4731"},"modified":"2019-01-07T14:24:09","modified_gmt":"2019-01-07T20:24:09","slug":"oscar-de-la-vivienda-robustece-lazos-en-la-industria","status":"publish","type":"post","link":"https:\/\/hombresymujeresdelacasa.com\/home\/oscar-de-la-vivienda-robustece-lazos-en-la-industria\/","title":{"rendered":"\u2018\u00d3scar de la Vivienda\u2019 robustece lazos en la industria"},"content":{"rendered":"<p><em>Por Dinorah Nava<\/em><\/p>\n<p><em>En un ambiente de camarader\u00eda, las personalidades m\u00e1s destacadas de la industria se reunieron para reconocer la excelencia en la industria<\/em><span id=\"more-81710\"><\/span><\/p>\n<p>La noche del 14 de noviembre, diversas personalidades del sector vivienda se dieron cita en el Ex Convento de San Hip\u00f3lito\u00a0para festejar a grandes profesionales que, con su trabajo y desde sus trincheras, han contribuido a impulsar a esta industria.<\/p>\n<p>La XVII edici\u00f3n del\u00a0Premio Hombres y Mujeres de la Casa comenz\u00f3 minutos despu\u00e9s de las 19:00 horas con un video en donde se\u00a0mostraron las casi dos d\u00e9cadas de este recocimiento, y las personas que han sido galardonadas a\u00f1o con a\u00f1o.<\/p>\n<p>Momentos m\u00e1s tarde, Horacio Urbano, presidente y fundador de Centro Urbano, dict\u00f3\u00a0unas palabras de bienvenida \u00a0y resalt\u00f3 la importancia de este premio para los l\u00edderes de la industria.<\/p>\n<p>\u201cCumplimos 20 a\u00f1os de dar voz al sector de la vivienda y es necesario que todos sumemos en la construcci\u00f3n de ciudades justas y competitivas\u201d, destac\u00f3 el arquitecto.<\/p>\n<p>Por su parte, Roxana Fabris, directora general y fundadora de Centro Urbano\u00a0destac\u00f3 que este premio se hizo para celebrar las aportaciones de personalidades que han hecho mucho por construir un mejor sector vivienda y un mejor pa\u00eds.<\/p>\n<p>Por ello, dijo, era el momento indicado para destacar a una persona que\u00a0supo hacer frente a la adversidad y apoyar a quienes lo necesitaban en un momento en que la tragedia parec\u00eda ser la constante.<\/p>\n<p>De esta manera, se hizo entrega de una Menci\u00f3n Especial al presiente de la Condusef, Mario Di Costanzo, ya que este organismo, a trav\u00e9s de su titular, apoy\u00f3 de manera notable a los usuarios financieros, particularmente hipotecarios, que se vieron afectados por los sismos de septiembre de 2017. El galard\u00f3n le fue entregado por Isaac Cohen Metta y Carlos de la Garza, miembros del Consejo Editorial de\u00a0Centro Urbano.<\/p>\n<p>Despu\u00e9s de esto, se llev\u00f3 a cabo un Homenaje P\u00f3stumo y Carlos Medina, presidente de la Canadevi, hizo entrega de reconocimientos a las familias del arquitecto Jos\u00e9 Mar\u00eda Guti\u00e9rrez Trujillo y del ingeniero \u00d3scar de Buen, quienes a lo largo de su trayectoria pusieron en alto el nombre de M\u00e9xico gracias a las aportaciones\u00a0que cada uno hizo en su rubro.<\/p>\n<p>El presentador de la categor\u00eda Sector P\u00fablico fue el director general del Infonavit, David Penchyna, quien felicit\u00f3 e hizo entrega de la escultura al gobernador del estado de Quintana Roo, Carlos Joaqu\u00edn Gonz\u00e1lez. En tanto, Enrique Vainer fue quien present\u00f3 la categor\u00eda Cimientos y entreg\u00f3 el Premio a la arquitecta Sara Topelson, presidenta de la Fundaci\u00f3n Cidoc.<\/p>\n<p>Por su parte, Reyes Tamez, consejero de la Comisi\u00f3n Estatal de Planaci\u00f3n de la Educaci\u00f3n Superior del Estado de Nuevo Le\u00f3n, present\u00f3 y entreg\u00f3 el Premio Hombres y Mujeres de la Casa en la categor\u00eda Sector Privado al fundador de Casas Javer, Salom\u00f3n Marcuschamer.<\/p>\n<p>Por \u00faltimo, Horacio Urbano agradeci\u00f3 a los presentes e invit\u00f3 a continuar la fiesta con el vino de honor que se ofreci\u00f3 terminada la ceremonia, en donde los\u00a0invitados aprovecharon para convivir y celebrar con sus amigos, familiares y colegas.<\/p>\n<p>&nbsp;<\/p>\n","protected":false},"excerpt":{"rendered":"<p>Por Dinorah Nava En un ambiente de camarader\u00eda, las personalidades m\u00e1s destacadas de la industria se reunieron para reconocer la excelencia en la industria La noche del 14 de noviembre, diversas personalidades del sector vivienda se dieron cita en el Ex Convento de San Hip\u00f3lito\u00a0para festejar a grandes profesionales que, con su trabajo y desde [&hellip;]<\/p>\n","protected":false},"author":1,"featured_media":4732,"comment_status":"open","ping_status":"open","sticky":false,"template":"","format":"standard","meta":{"site-sidebar-layout":"default","site-content-layout":"","ast-site-content-layout":"default","site-content-style":"default","site-sidebar-style":"default","ast-global-header-display":"","ast-banner-title-visibility":"","ast-main-header-display":"","ast-hfb-above-header-display":"","ast-hfb-below-header-display":"","ast-hfb-mobile-header-display":"","site-post-title":"","ast-breadcrumbs-content":"","ast-featured-img":"","footer-sml-layout":"","ast-disable-related-posts":"","theme-transparent-header-meta":"","adv-header-id-meta":"","stick-header-meta":"","header-above-stick-meta":"","header-main-stick-meta":"","header-below-stick-meta":"","astra-migrate-meta-layouts":"default","ast-page-background-enabled":"default","ast-page-background-meta":{"desktop":{"background-color":"var(--ast-global-color-4)","background-image":"","background-repeat":"repeat","background-position":"center center","background-size":"auto","background-attachment":"scroll","background-type":"","background-media":"","overlay-type":"","overlay-color":"","overlay-opacity":"","overlay-gradient":""},"tablet":{"background-color":"","background-image":"","background-repeat":"repeat","background-position":"center center","background-size":"auto","background-attachment":"scroll","background-type":"","background-media":"","overlay-type":"","overlay-color":"","overlay-opacity":"","overlay-gradient":""},"mobile":{"background-color":"","background-image":"","background-repeat":"repeat","background-position":"center center","background-size":"auto","background-attachment":"scroll","background-type":"","background-media":"","overlay-type":"","overlay-color":"","overlay-opacity":"","overlay-gradient":""}},"ast-content-background-meta":{"desktop":{"background-color":"var(--ast-global-color-5)","background-image":"","background-repeat":"repeat","background-position":"center center","background-size":"auto","background-attachment":"scroll","background-type":"","background-media":"","overlay-type":"","overlay-color":"","overlay-opacity":"","overlay-gradient":""},"tablet":{"background-color":"var(--ast-global-color-5)","background-image":"","background-repeat":"repeat","background-position":"center center","background-size":"auto","background-attachment":"scroll","background-type":"","background-media":"","overlay-type":"","overlay-color":"","overlay-opacity":"","overlay-gradient":""},"mobile":{"background-color":"var(--ast-global-color-5)","background-image":"","background-repeat":"repeat","background-position":"center center","background-size":"auto","background-attachment":"scroll","background-type":"","background-media":"","overlay-type":"","overlay-color":"","overlay-opacity":"","overlay-gradient":""}},"footnotes":""},"categories":[4],"tags":[1086,1090,335,1087,1085,1091],"class_list":["post-4731","post","type-post","status-publish","format-standard","has-post-thumbnail","hentry","category-noticias","tag-carlos-joaquin-gonzalez","tag-ex-convento-de-san-hipolito","tag-premio-hombres-y-mujeres-de-la-casa","tag-premio-hym","tag-salomon-marcuschamer","tag-sara-topelson"],"_links":{"self":[{"href":"https:\/\/hombresymujeresdelacasa.com\/home\/wp-json\/wp\/v2\/posts\/4731","targetHints":{"allow":["GET"]}}],"collection":[{"href":"https:\/\/hombresymujeresdelacasa.com\/home\/wp-json\/wp\/v2\/posts"}],"about":[{"href":"https:\/\/hombresymujeresdelacasa.com\/home\/wp-json\/wp\/v2\/types\/post"}],"author":[{"embeddable":true,"href":"https:\/\/hombresymujeresdelacasa.com\/home\/wp-json\/wp\/v2\/users\/1"}],"replies":[{"embeddable":true,"href":"https:\/\/hombresymujeresdelacasa.com\/home\/wp-json\/wp\/v2\/comments?post=4731"}],"version-history":[{"count":1,"href":"https:\/\/hombresymujeresdelacasa.com\/home\/wp-json\/wp\/v2\/posts\/4731\/revisions"}],"predecessor-version":[{"id":4733,"href":"https:\/\/hombresymujeresdelacasa.com\/home\/wp-json\/wp\/v2\/posts\/4731\/revisions\/4733"}],"wp:featuredmedia":[{"embeddable":true,"href":"https:\/\/hombresymujeresdelacasa.com\/home\/wp-json\/wp\/v2\/media\/4732"}],"wp:attachment":[{"href":"https:\/\/hombresymujeresdelacasa.com\/home\/wp-json\/wp\/v2\/media?parent=4731"}],"wp:term":[{"taxonomy":"category","embeddable":true,"href":"https:\/\/hombresymujeresdelacasa.com\/home\/wp-json\/wp\/v2\/categories?post=4731"},{"taxonomy":"post_tag","embeddable":true,"href":"https:\/\/hombresymujeresdelacasa.com\/home\/wp-json\/wp\/v2\/tags?post=4731"}],"curies":[{"name":"wp","href":"https:\/\/api.w.org\/{rel}","templated":true}]}}