{"id":4725,"date":"2018-11-16T11:47:53","date_gmt":"2018-11-16T17:47:53","guid":{"rendered":"http:\/\/hombresymujeresdelacasa.com\/home\/?p=4725"},"modified":"2019-01-07T14:24:18","modified_gmt":"2019-01-07T20:24:18","slug":"galardonan-a-carlos-joaquin-por-impulsar-la-vivienda-en-qroo","status":"publish","type":"post","link":"https:\/\/hombresymujeresdelacasa.com\/home\/galardonan-a-carlos-joaquin-por-impulsar-la-vivienda-en-qroo\/","title":{"rendered":"Galardonan a Carlos Joaqu\u00edn por impulsar la vivienda en QRoo"},"content":{"rendered":"<p><em>Por Edgar Rosas<\/em><\/p>\n<p><em>El mandatario recibi\u00f3 el llamado \u2018\u00d3scar de la vivienda\u2019 que entrega el Consejo Editorial de Centro Urbano por crear las condiciones para generar una oferta de vivienda importante<\/em><span id=\"more-81684\"><\/span><\/p>\n<p>Por haber impulsado las medidas necesarias para detonar el desarrollo de la industria de la vivienda en Quintana Roo, el gobernador\u00a0<strong>Carlos Joaqu\u00edn Gonz\u00e1lez<\/strong>\u00a0recibi\u00f3 de manos de David Penchyna, director general del Infonavit, el\u00a0<strong>Premio Hombres y Mujeres de la Casa 2018<\/strong>\u00a0en la categor\u00eda\u00a0<strong>Sector P\u00fablico<\/strong>. De manera particular, el mandatario quintanarroense fue reconocido con el galard\u00f3n, considerado el\u00a0<strong>\u2018\u00d3scar de la vivienda\u2019<\/strong>, tras impulsar cambios legislativos de gran calado, como la Ley de Asentamientos Humanos y Acciones Urban\u00edsticas de la entidad.<\/p>\n<p>Durante la ceremonia de premiaci\u00f3n, realizada la noche del 14 de noviembre en el\u00a0<strong>Ex Convento de San Hip\u00f3lito<\/strong>, Carlos Joaqu\u00edn Gonz\u00e1lez se\u00f1al\u00f3 que recibir el premio implica una responsabilidad y asumir el compromiso de mantener el trabajo en pro de la vivienda. Indic\u00f3 que en lo que resta de su administraci\u00f3n se trabajar\u00e1 para dotar de vivienda a la ciudadan\u00eda, sobre todo a la poblaci\u00f3n de bajos salarios.<\/p>\n<p>\u201cAgradezco al Consejo Editorial de Centro Urbano por este reconocimiento. Nuestro compromiso ser\u00e1 seguir construyendo viviendas para todos. La vivienda es importante, es el patrimonio familiar, es el lugar donde se da la unidad familiar, donde expresamos amor y cultivamos valores, pero tambi\u00e9n es importante desde el punto de vista econ\u00f3mico\u201d, se\u00f1al\u00f3.<\/p>\n<p>El gobernador expuso que en los m\u00e1s de dos a\u00f1os que lleva al frente de la administraci\u00f3n p\u00fablica estatal, se ha impulsado un trabaja incluyente, que toma como base la coordinaci\u00f3n entre los tres \u00f3rdenes de gobierno, sociedad e iniciativa privada. Insisti\u00f3 que, desde el primer d\u00eda, una de las\u00a0<strong>prioridades\u00a0<\/strong>ha sido impulsar acciones que abonen a la justicia social, lo que implica la vivienda.<\/p>\n<p>\u201cDesde el primer d\u00eda de nuestra administraci\u00f3n se\u00f1alamos que era muy importante trabajar sobre las profundas desigualdades que Quintana Roo presenta. As\u00ed hemos trabajando, junto a la gente, apoyados en los tres \u00f3rdenes de gobierno para cerrar brechas y lograr una Quintana Roo m\u00e1s inclusivo, igualitario.<\/p>\n<p>\u201cHemos puesto especial empe\u00f1o para hacer realidad una permanente necesidad de las familias quintanarroenses como lo es la seguridad, su patrimonio. Bajo esa premisa hemos trabajado para llenar su aspiraci\u00f3n de justicia y dentro de esas mismas condiciones esta la protecci\u00f3n, el abrigar a los que menos tienen, y una de las formas es construyendo vivienda\u201d, apunt\u00f3.<\/p>\n<p>Joaqu\u00edn Gonz\u00e1lez se\u00f1al\u00f3 que uno de los principales retos en la entidad ha sido el\u00a0<strong>crecimiento\u00a0<\/strong>de la poblaci\u00f3n. Explic\u00f3 que algunos municipios de la entidad crecen a dos d\u00edgitos, y algunos hasta 30 por ciento.<\/p>\n<p>\u201cEso nos obliga a definir qu\u00e9 clase de crecimiento queremos y seguro la vivienda es una forma de crecer con orden\u201d.<\/p>\n","protected":false},"excerpt":{"rendered":"<p>Por Edgar Rosas El mandatario recibi\u00f3 el llamado \u2018\u00d3scar de la vivienda\u2019 que entrega el Consejo Editorial de Centro Urbano por crear las condiciones para generar una oferta de vivienda importante Por haber impulsado las medidas necesarias para detonar el desarrollo de la industria de la vivienda en Quintana Roo, el gobernador\u00a0Carlos Joaqu\u00edn Gonz\u00e1lez\u00a0recibi\u00f3 de [&hellip;]<\/p>\n","protected":false},"author":1,"featured_media":4726,"comment_status":"open","ping_status":"open","sticky":false,"template":"","format":"standard","meta":{"site-sidebar-layout":"default","site-content-layout":"","ast-site-content-layout":"default","site-content-style":"default","site-sidebar-style":"default","ast-global-header-display":"","ast-banner-title-visibility":"","ast-main-header-display":"","ast-hfb-above-header-display":"","ast-hfb-below-header-display":"","ast-hfb-mobile-header-display":"","site-post-title":"","ast-breadcrumbs-content":"","ast-featured-img":"","footer-sml-layout":"","ast-disable-related-posts":"","theme-transparent-header-meta":"","adv-header-id-meta":"","stick-header-meta":"","header-above-stick-meta":"","header-main-stick-meta":"","header-below-stick-meta":"","astra-migrate-meta-layouts":"default","ast-page-background-enabled":"default","ast-page-background-meta":{"desktop":{"background-color":"var(--ast-global-color-4)","background-image":"","background-repeat":"repeat","background-position":"center center","background-size":"auto","background-attachment":"scroll","background-type":"","background-media":"","overlay-type":"","overlay-color":"","overlay-opacity":"","overlay-gradient":""},"tablet":{"background-color":"","background-image":"","background-repeat":"repeat","background-position":"center center","background-size":"auto","background-attachment":"scroll","background-type":"","background-media":"","overlay-type":"","overlay-color":"","overlay-opacity":"","overlay-gradient":""},"mobile":{"background-color":"","background-image":"","background-repeat":"repeat","background-position":"center center","background-size":"auto","background-attachment":"scroll","background-type":"","background-media":"","overlay-type":"","overlay-color":"","overlay-opacity":"","overlay-gradient":""}},"ast-content-background-meta":{"desktop":{"background-color":"var(--ast-global-color-5)","background-image":"","background-repeat":"repeat","background-position":"center center","background-size":"auto","background-attachment":"scroll","background-type":"","background-media":"","overlay-type":"","overlay-color":"","overlay-opacity":"","overlay-gradient":""},"tablet":{"background-color":"var(--ast-global-color-5)","background-image":"","background-repeat":"repeat","background-position":"center center","background-size":"auto","background-attachment":"scroll","background-type":"","background-media":"","overlay-type":"","overlay-color":"","overlay-opacity":"","overlay-gradient":""},"mobile":{"background-color":"var(--ast-global-color-5)","background-image":"","background-repeat":"repeat","background-position":"center center","background-size":"auto","background-attachment":"scroll","background-type":"","background-media":"","overlay-type":"","overlay-color":"","overlay-opacity":"","overlay-gradient":""}},"footnotes":""},"categories":[4],"tags":[1086,358,335,1087],"class_list":["post-4725","post","type-post","status-publish","format-standard","has-post-thumbnail","hentry","category-noticias","tag-carlos-joaquin-gonzalez","tag-hombres-y-mujeres-de-la-casa","tag-premio-hombres-y-mujeres-de-la-casa","tag-premio-hym"],"_links":{"self":[{"href":"https:\/\/hombresymujeresdelacasa.com\/home\/wp-json\/wp\/v2\/posts\/4725","targetHints":{"allow":["GET"]}}],"collection":[{"href":"https:\/\/hombresymujeresdelacasa.com\/home\/wp-json\/wp\/v2\/posts"}],"about":[{"href":"https:\/\/hombresymujeresdelacasa.com\/home\/wp-json\/wp\/v2\/types\/post"}],"author":[{"embeddable":true,"href":"https:\/\/hombresymujeresdelacasa.com\/home\/wp-json\/wp\/v2\/users\/1"}],"replies":[{"embeddable":true,"href":"https:\/\/hombresymujeresdelacasa.com\/home\/wp-json\/wp\/v2\/comments?post=4725"}],"version-history":[{"count":1,"href":"https:\/\/hombresymujeresdelacasa.com\/home\/wp-json\/wp\/v2\/posts\/4725\/revisions"}],"predecessor-version":[{"id":4727,"href":"https:\/\/hombresymujeresdelacasa.com\/home\/wp-json\/wp\/v2\/posts\/4725\/revisions\/4727"}],"wp:featuredmedia":[{"embeddable":true,"href":"https:\/\/hombresymujeresdelacasa.com\/home\/wp-json\/wp\/v2\/media\/4726"}],"wp:attachment":[{"href":"https:\/\/hombresymujeresdelacasa.com\/home\/wp-json\/wp\/v2\/media?parent=4725"}],"wp:term":[{"taxonomy":"category","embeddable":true,"href":"https:\/\/hombresymujeresdelacasa.com\/home\/wp-json\/wp\/v2\/categories?post=4725"},{"taxonomy":"post_tag","embeddable":true,"href":"https:\/\/hombresymujeresdelacasa.com\/home\/wp-json\/wp\/v2\/tags?post=4725"}],"curies":[{"name":"wp","href":"https:\/\/api.w.org\/{rel}","templated":true}]}}