{"id":4703,"date":"2018-11-12T11:13:31","date_gmt":"2018-11-12T17:13:31","guid":{"rendered":"http:\/\/hombresymujeresdelacasa.com\/home\/?p=4703"},"modified":"2018-11-12T11:17:22","modified_gmt":"2018-11-12T17:17:22","slug":"infonavit-generara-credito-via-remota-con-la-banca","status":"publish","type":"post","link":"https:\/\/hombresymujeresdelacasa.com\/home\/infonavit-generara-credito-via-remota-con-la-banca\/","title":{"rendered":"Infonavit generar\u00e1 cr\u00e9dito v\u00eda remota con la banca"},"content":{"rendered":"<p><em>Por Edgar Rosas<\/em><\/p>\n<p><em>A trav\u00e9s de las sucursales de los bancos, los trabajadores podr\u00e1n acceder a las soluciones del Infonavit<\/em><span id=\"more-81434\"><\/span><\/p>\n<p>El Instituto del Fondo Nacional de la Vivienda para los Trabajadores (<strong>Infonavit<\/strong>) podr\u00e1 generar cr\u00e9dito v\u00eda remota en coordinaci\u00f3n con la banca, con lo que este organismo fortalecer\u00e1 su complementariedad con las instituciones financieras privadas.<\/p>\n<p>As\u00ed lo dio a conocer\u00a0<strong>David Penchyna Grub<\/strong>, director general del Infonavit, quien destac\u00f3 que el objetivo de la medida ser\u00e1 facilitar el acceso de cr\u00e9dito a los trabajadores de M\u00e9xico. Indic\u00f3 que con esta acci\u00f3n, los derechohabientes podr\u00e1n genera el financiamiento Infonavit en las sucursales de la banca.<\/p>\n<p>\u201cPr\u00f3ximamente vamos a poder originar productos de cr\u00e9dito de forma remota con la banca, desde las sucursales, para darle un acceso m\u00e1s facil a los trabajadores de M\u00e9xico\u201d, dijo.<\/p>\n<p>Al participar en el foro de alcaldes por la Nueva Agenda Urbana, el director general del Instituto hizo referencia al aumento en el tope de cr\u00e9dito y su relaci\u00f3n con la banca. Dijo que esta medida, lejos de buscar confrontaci\u00f3n con este jugador, impuls\u00f3 un escenario para complementar la labor crediticia.<\/p>\n<p>\u201cLejos de una visi\u00f3n de confrontaci\u00f3n con la banca, optamos por encontrar objetivos complementario y logramos bajar la tasa de inter\u00e9s del Mejoravit (\u2026)<\/p>\n<p>\u201cEn alianza con la Asociaci\u00f3n de Bancos de M\u00e9xico (<strong>ABM<\/strong>) se logr\u00f3 aumentar la colocaci\u00f3n en la industria, pasando de 235,000 millones de pesos en 2012, a 308,000 millones de pesos al 2018. Esta derrama conjunta representa ya el 1.75% del PIB al a\u00f1o. Gan\u00f3 el Infonavit, gan\u00f3 la banca, pero sobre todo, ganaron los trabajadores de M\u00e9xico\u201d, dijo.<\/p>\n","protected":false},"excerpt":{"rendered":"<p>Por Edgar Rosas A trav\u00e9s de las sucursales de los bancos, los trabajadores podr\u00e1n acceder a las soluciones del Infonavit El Instituto del Fondo Nacional de la Vivienda para los Trabajadores (Infonavit) podr\u00e1 generar cr\u00e9dito v\u00eda remota en coordinaci\u00f3n con la banca, con lo que este organismo fortalecer\u00e1 su complementariedad con las instituciones financieras privadas. [&hellip;]<\/p>\n","protected":false},"author":1,"featured_media":4706,"comment_status":"open","ping_status":"open","sticky":false,"template":"","format":"standard","meta":{"site-sidebar-layout":"default","site-content-layout":"","ast-site-content-layout":"default","site-content-style":"default","site-sidebar-style":"default","ast-global-header-display":"","ast-banner-title-visibility":"","ast-main-header-display":"","ast-hfb-above-header-display":"","ast-hfb-below-header-display":"","ast-hfb-mobile-header-display":"","site-post-title":"","ast-breadcrumbs-content":"","ast-featured-img":"","footer-sml-layout":"","ast-disable-related-posts":"","theme-transparent-header-meta":"","adv-header-id-meta":"","stick-header-meta":"","header-above-stick-meta":"","header-main-stick-meta":"","header-below-stick-meta":"","astra-migrate-meta-layouts":"default","ast-page-background-enabled":"default","ast-page-background-meta":{"desktop":{"background-color":"var(--ast-global-color-4)","background-image":"","background-repeat":"repeat","background-position":"center center","background-size":"auto","background-attachment":"scroll","background-type":"","background-media":"","overlay-type":"","overlay-color":"","overlay-opacity":"","overlay-gradient":""},"tablet":{"background-color":"","background-image":"","background-repeat":"repeat","background-position":"center center","background-size":"auto","background-attachment":"scroll","background-type":"","background-media":"","overlay-type":"","overlay-color":"","overlay-opacity":"","overlay-gradient":""},"mobile":{"background-color":"","background-image":"","background-repeat":"repeat","background-position":"center center","background-size":"auto","background-attachment":"scroll","background-type":"","background-media":"","overlay-type":"","overlay-color":"","overlay-opacity":"","overlay-gradient":""}},"ast-content-background-meta":{"desktop":{"background-color":"var(--ast-global-color-5)","background-image":"","background-repeat":"repeat","background-position":"center center","background-size":"auto","background-attachment":"scroll","background-type":"","background-media":"","overlay-type":"","overlay-color":"","overlay-opacity":"","overlay-gradient":""},"tablet":{"background-color":"var(--ast-global-color-5)","background-image":"","background-repeat":"repeat","background-position":"center center","background-size":"auto","background-attachment":"scroll","background-type":"","background-media":"","overlay-type":"","overlay-color":"","overlay-opacity":"","overlay-gradient":""},"mobile":{"background-color":"var(--ast-global-color-5)","background-image":"","background-repeat":"repeat","background-position":"center center","background-size":"auto","background-attachment":"scroll","background-type":"","background-media":"","overlay-type":"","overlay-color":"","overlay-opacity":"","overlay-gradient":""}},"footnotes":""},"categories":[4],"tags":[25,55,102,177],"class_list":["post-4703","post","type-post","status-publish","format-standard","has-post-thumbnail","hentry","category-noticias","tag-banca","tag-credito","tag-infonavit","tag-vivienda"],"_links":{"self":[{"href":"https:\/\/hombresymujeresdelacasa.com\/home\/wp-json\/wp\/v2\/posts\/4703","targetHints":{"allow":["GET"]}}],"collection":[{"href":"https:\/\/hombresymujeresdelacasa.com\/home\/wp-json\/wp\/v2\/posts"}],"about":[{"href":"https:\/\/hombresymujeresdelacasa.com\/home\/wp-json\/wp\/v2\/types\/post"}],"author":[{"embeddable":true,"href":"https:\/\/hombresymujeresdelacasa.com\/home\/wp-json\/wp\/v2\/users\/1"}],"replies":[{"embeddable":true,"href":"https:\/\/hombresymujeresdelacasa.com\/home\/wp-json\/wp\/v2\/comments?post=4703"}],"version-history":[{"count":1,"href":"https:\/\/hombresymujeresdelacasa.com\/home\/wp-json\/wp\/v2\/posts\/4703\/revisions"}],"predecessor-version":[{"id":4704,"href":"https:\/\/hombresymujeresdelacasa.com\/home\/wp-json\/wp\/v2\/posts\/4703\/revisions\/4704"}],"wp:featuredmedia":[{"embeddable":true,"href":"https:\/\/hombresymujeresdelacasa.com\/home\/wp-json\/wp\/v2\/media\/4706"}],"wp:attachment":[{"href":"https:\/\/hombresymujeresdelacasa.com\/home\/wp-json\/wp\/v2\/media?parent=4703"}],"wp:term":[{"taxonomy":"category","embeddable":true,"href":"https:\/\/hombresymujeresdelacasa.com\/home\/wp-json\/wp\/v2\/categories?post=4703"},{"taxonomy":"post_tag","embeddable":true,"href":"https:\/\/hombresymujeresdelacasa.com\/home\/wp-json\/wp\/v2\/tags?post=4703"}],"curies":[{"name":"wp","href":"https:\/\/api.w.org\/{rel}","templated":true}]}}