{"id":4690,"date":"2018-11-08T11:32:02","date_gmt":"2018-11-08T17:32:02","guid":{"rendered":"http:\/\/hombresymujeresdelacasa.com\/home\/?p=4690"},"modified":"2018-11-08T11:36:18","modified_gmt":"2018-11-08T17:36:18","slug":"63-16-de-los-creditos-infonavit-han-sido-para-la-base-de-la-piramide","status":"publish","type":"post","link":"https:\/\/hombresymujeresdelacasa.com\/home\/63-16-de-los-creditos-infonavit-han-sido-para-la-base-de-la-piramide\/","title":{"rendered":"63.16% de los cr\u00e9ditos Infonavit han sido para la base de la pir\u00e1mide"},"content":{"rendered":"<p>Por Edgar Rosas<\/p>\n<p>Al cierre de septiembre, 84.93% de la entrega de cr\u00e9dito se enfoc\u00f3 en los segmentos econ\u00f3mico, popular y tradicional<\/p>\n<p>De los 278,447 cr\u00e9ditos colocados por el Infonavit al cierre de septiembre, 63.16% se concentr\u00f3 en trabajadores de bajos salarios. As\u00ed, en los tres trimestres de 2018, el Instituto ha entregado 175,847 cr\u00e9ditos para vivienda en los segmentos econ\u00f3mico y popular.<\/p>\n<p>De acuerdo con datos de la Comisi\u00f3n Nacional de Vivienda (Conavi), del total de financiamiento otorgados, 21.77% ha sido para la adquisici\u00f3n de vivienda en el segmento tradicional, es decir, 60,622 cr\u00e9ditos. De esta manera, el organismo que dirige David Penchyna Grub, lleg\u00f3 al final de septiembre con 84.93% de su colocaci\u00f3n enfocada en trabajadores de los primeros deciles de ingreso.<\/p>\n<p>En este sentido, 11.52% de la actividad del organismo en el a\u00f1o ha sido en el nivel medio, con 32,077 cr\u00e9ditos; mientras que 3.55% se ha enfocado en el segmento residencial, con lo que el organismo alcanz\u00f3 un total de 9,891 financiamientos en este sector.<\/p>\n<p style=\"text-align: center;\">Colocaci\u00f3n del Infonavit por segmento<\/p>\n<p><img decoding=\"async\" class=\"aligncenter\" src=\"https:\/\/centrourbano.com\/revista\/wp-content\/uploads\/Colocaci%C3%B3n-Infonavit-por-segmento-_3T2018.png\" \/><\/p>\n<div id=\"attachment_81342\" class=\"wp-caption aligncenter\">\n<p class=\"wp-caption-text\">Fuente: Conavi, con datos al 30 de septiembre.<\/p>\n<\/div>\n<p>Hasta el 3T2018, la colocaci\u00f3n del Infonavit represent\u00f3 una derrama del orden de los 105,699 millones de pesos, donde\u00a0<strong>junio<\/strong>\u00a0se ubic\u00f3 como el mes de mayor dinamismo, con una inversi\u00f3n de 13,644 millones de pesos; este mes tambi\u00e9n se coloc\u00f3 como el de mayor colocaci\u00f3n de cr\u00e9dito, al alcanzar 35,612 financiamientos.<\/p>\n","protected":false},"excerpt":{"rendered":"<p>Por Edgar Rosas Al cierre de septiembre, 84.93% de la entrega de cr\u00e9dito se enfoc\u00f3 en los segmentos econ\u00f3mico, popular y tradicional De los 278,447 cr\u00e9ditos colocados por el Infonavit al cierre de septiembre, 63.16% se concentr\u00f3 en trabajadores de bajos salarios. As\u00ed, en los tres trimestres de 2018, el Instituto ha entregado 175,847 cr\u00e9ditos [&hellip;]<\/p>\n","protected":false},"author":1,"featured_media":4692,"comment_status":"open","ping_status":"open","sticky":false,"template":"","format":"standard","meta":{"site-sidebar-layout":"default","site-content-layout":"","ast-site-content-layout":"default","site-content-style":"default","site-sidebar-style":"default","ast-global-header-display":"","ast-banner-title-visibility":"","ast-main-header-display":"","ast-hfb-above-header-display":"","ast-hfb-below-header-display":"","ast-hfb-mobile-header-display":"","site-post-title":"","ast-breadcrumbs-content":"","ast-featured-img":"","footer-sml-layout":"","ast-disable-related-posts":"","theme-transparent-header-meta":"","adv-header-id-meta":"","stick-header-meta":"","header-above-stick-meta":"","header-main-stick-meta":"","header-below-stick-meta":"","astra-migrate-meta-layouts":"default","ast-page-background-enabled":"default","ast-page-background-meta":{"desktop":{"background-color":"var(--ast-global-color-4)","background-image":"","background-repeat":"repeat","background-position":"center center","background-size":"auto","background-attachment":"scroll","background-type":"","background-media":"","overlay-type":"","overlay-color":"","overlay-opacity":"","overlay-gradient":""},"tablet":{"background-color":"","background-image":"","background-repeat":"repeat","background-position":"center center","background-size":"auto","background-attachment":"scroll","background-type":"","background-media":"","overlay-type":"","overlay-color":"","overlay-opacity":"","overlay-gradient":""},"mobile":{"background-color":"","background-image":"","background-repeat":"repeat","background-position":"center center","background-size":"auto","background-attachment":"scroll","background-type":"","background-media":"","overlay-type":"","overlay-color":"","overlay-opacity":"","overlay-gradient":""}},"ast-content-background-meta":{"desktop":{"background-color":"var(--ast-global-color-5)","background-image":"","background-repeat":"repeat","background-position":"center center","background-size":"auto","background-attachment":"scroll","background-type":"","background-media":"","overlay-type":"","overlay-color":"","overlay-opacity":"","overlay-gradient":""},"tablet":{"background-color":"var(--ast-global-color-5)","background-image":"","background-repeat":"repeat","background-position":"center center","background-size":"auto","background-attachment":"scroll","background-type":"","background-media":"","overlay-type":"","overlay-color":"","overlay-opacity":"","overlay-gradient":""},"mobile":{"background-color":"var(--ast-global-color-5)","background-image":"","background-repeat":"repeat","background-position":"center center","background-size":"auto","background-attachment":"scroll","background-type":"","background-media":"","overlay-type":"","overlay-color":"","overlay-opacity":"","overlay-gradient":""}},"footnotes":""},"categories":[4],"tags":[1080,1077,102,177],"class_list":["post-4690","post","type-post","status-publish","format-standard","has-post-thumbnail","hentry","category-noticias","tag-base-de-la-piramide","tag-colocacion","tag-infonavit","tag-vivienda"],"_links":{"self":[{"href":"https:\/\/hombresymujeresdelacasa.com\/home\/wp-json\/wp\/v2\/posts\/4690","targetHints":{"allow":["GET"]}}],"collection":[{"href":"https:\/\/hombresymujeresdelacasa.com\/home\/wp-json\/wp\/v2\/posts"}],"about":[{"href":"https:\/\/hombresymujeresdelacasa.com\/home\/wp-json\/wp\/v2\/types\/post"}],"author":[{"embeddable":true,"href":"https:\/\/hombresymujeresdelacasa.com\/home\/wp-json\/wp\/v2\/users\/1"}],"replies":[{"embeddable":true,"href":"https:\/\/hombresymujeresdelacasa.com\/home\/wp-json\/wp\/v2\/comments?post=4690"}],"version-history":[{"count":1,"href":"https:\/\/hombresymujeresdelacasa.com\/home\/wp-json\/wp\/v2\/posts\/4690\/revisions"}],"predecessor-version":[{"id":4691,"href":"https:\/\/hombresymujeresdelacasa.com\/home\/wp-json\/wp\/v2\/posts\/4690\/revisions\/4691"}],"wp:featuredmedia":[{"embeddable":true,"href":"https:\/\/hombresymujeresdelacasa.com\/home\/wp-json\/wp\/v2\/media\/4692"}],"wp:attachment":[{"href":"https:\/\/hombresymujeresdelacasa.com\/home\/wp-json\/wp\/v2\/media?parent=4690"}],"wp:term":[{"taxonomy":"category","embeddable":true,"href":"https:\/\/hombresymujeresdelacasa.com\/home\/wp-json\/wp\/v2\/categories?post=4690"},{"taxonomy":"post_tag","embeddable":true,"href":"https:\/\/hombresymujeresdelacasa.com\/home\/wp-json\/wp\/v2\/tags?post=4690"}],"curies":[{"name":"wp","href":"https:\/\/api.w.org\/{rel}","templated":true}]}}