{"id":4687,"date":"2018-11-08T11:16:52","date_gmt":"2018-11-08T17:16:52","guid":{"rendered":"http:\/\/hombresymujeresdelacasa.com\/home\/?p=4687"},"modified":"2018-11-08T13:12:46","modified_gmt":"2018-11-08T19:12:46","slug":"canadevi-buscara-programa-especial-ante-cierre-en-la-llave-del-subsidio","status":"publish","type":"post","link":"https:\/\/hombresymujeresdelacasa.com\/home\/canadevi-buscara-programa-especial-ante-cierre-en-la-llave-del-subsidio\/","title":{"rendered":"Canadevi buscar\u00e1 programa especial ante cierre en la llave del subsidio"},"content":{"rendered":"<p><em>Por Edgar Rosas<\/em><\/p>\n<p><em>El organismo plantear\u00e1 al equipo del nuevo gobierno emprender medidas extraordinarias para no detener la colocaci\u00f3n de vivienda social en el \u00faltimo mes del a\u00f1o<\/em><span id=\"more-81279\"><\/span><\/p>\n<p>La C\u00e1mara Nacional de la Industria de Desarrollo y Promoci\u00f3n de la Vivienda (<strong>Canadevi<\/strong>) buscar\u00e1 que el nuevo gobierno impulse un\u00a0<strong>programa especial<\/strong>\u00a0en materia de subsidio para dar cauce a la demanda del recurso en el cierre de a\u00f1o. Y es que como se recordar\u00e1, este 31 de octubre la\u00a0<strong>Conavi<\/strong>\u00a0termin\u00f3 con la dispersi\u00f3n del monto contemplado para 2018, por lo que la llave del susidio est\u00e1 cerrada.<\/p>\n<p>As\u00ed lo se\u00f1al\u00f3\u00a0<strong>Carlos Medina Rodr\u00edguez<\/strong>, presidente de Canadevi, quien se\u00f1al\u00f3 que este tema, as\u00ed como la definici\u00f3n del monto de presupuesto para 2019, ser\u00e1 una de las prioridades que los empresarios del sector abordar\u00e1n en el marco del\u00a0<strong>Convenci\u00f3n Nacional<\/strong>\u00a0de Canadevi, evento que comienza este viernes 9 de noviembre. Se\u00f1al\u00f3 que al evento asistir\u00e1 el equipo que estar\u00e1 cargo del tema de vivienda en el pr\u00f3ximo sexenio, por lo que pondr\u00e1n en la mesa estos temas prioritarios en el corto plazo.<\/p>\n<p>\u201cUno de los puntos importantes que contemplamos para la convenci\u00f3n tiene que ver con la claridad sobre c\u00f3mo vamos a cerrar el a\u00f1o. Al nuevo gobierno le toca hacerse cargo del \u00faltimo mes de 2018, por lo que le va a tocar un periodo en el que est\u00e1n cerradas las llaves del subsidio.<\/p>\n<p>\u201cTenemos como propuesta para este tema que se pueda trabajar en un programa especial para poder llevarle vivienda a la gente que hoy necesita de esta capital semilla y que ya no hay; buscamos concretar esto bajo una implementaci\u00f3n especial. Se ha estado trabajando en esto y queremos escuchar qu\u00e9 opinan, qu\u00e9 sienten y qu\u00e9 han avanzado en el tema\u201d, dijo en entrevista con\u00a0<strong>Centro Urbano<\/strong>.<\/p>\n<p>Carlos Medina reiter\u00f3 que la certeza es un valor fundamental para la operaci\u00f3n del sector vivienda. Por ello, dijo, en la Convenci\u00f3n se buscar\u00e1 abundar sobre los programas que contempla el gobierno para el a\u00f1o entrante.<\/p>\n<p>\u201cLos desarrolladores necesitamos certeza, necesitamos\u00a0<strong>confianza<\/strong>\u00a0para poder mantener el crecimiento de la vivienda y esto se logra al conocer c\u00f3mo vienen los programas y tener seguridad que las reglas con las que hoy operamos se mantendr\u00e1n en t\u00e9rminos generales.<\/p>\n<p>\u201cUno de los puntos importantes es trabajar juntos (nuevo gobierno e IP) en las nuevas reglas del 2019, para que a partir del 2020 pudi\u00e9ramos empezar a operar en reglas diferentes, pero mantener la continuidad, porque la vivienda que hoy estamos desarrollando se va a comercializar el pr\u00f3ximo a\u00f1o\u201d, se\u00f1al\u00f3.<\/p>\n<p>Medina Rodr\u00edguez manifest\u00f3 que uno de los puntos importantes a tratar ser\u00e1 el tema de la\u00a0<strong>sobrerregulaci\u00f3n<\/strong>\u00a0que se presenta en municipios, pues, consider\u00f3 que este es uno de los obst\u00e1culos que frenan a la vivienda.<\/p>\n<p>\u201cSabemos que en diciembre entrar\u00e1 a la\u00a0<strong>C\u00e1mara de Diputados<\/strong>\u00a0el nuevo\u00a0<strong>presupuesto<\/strong>\u00a0y tenemos temas que consideramos muy importantes. A mediano plazo uno de los rubros es que tenemos que empezar a estructurar desde ahora lo referente a la capacidad de compra de los derechohabientes del Infonavit, poder trabajar en ver c\u00f3mo se pudiera incrementar a los de bajos ingresos para que puedan tener una vivienda con un cr\u00e9dito propio o con el apoyo de este subsidio, como ya sabes le llamamos capital semilla.<\/p>\n<p>\u201cY necesitamos esa certeza, no cambios en los temas de presupuesto y tambi\u00e9n evitar un poco la sobre regulaci\u00f3n que estamos teniendo tanto en los municipios como en las entidades federativas, que no arrojan valor, pero que s\u00ed encarecen el producto\u201d, apunt\u00f3.<\/p>\n","protected":false},"excerpt":{"rendered":"<p>Por Edgar Rosas El organismo plantear\u00e1 al equipo del nuevo gobierno emprender medidas extraordinarias para no detener la colocaci\u00f3n de vivienda social en el \u00faltimo mes del a\u00f1o La C\u00e1mara Nacional de la Industria de Desarrollo y Promoci\u00f3n de la Vivienda (Canadevi) buscar\u00e1 que el nuevo gobierno impulse un\u00a0programa especial\u00a0en materia de subsidio para dar [&hellip;]<\/p>\n","protected":false},"author":1,"featured_media":4688,"comment_status":"open","ping_status":"open","sticky":false,"template":"","format":"standard","meta":{"site-sidebar-layout":"default","site-content-layout":"","ast-site-content-layout":"default","site-content-style":"default","site-sidebar-style":"default","ast-global-header-display":"","ast-banner-title-visibility":"","ast-main-header-display":"","ast-hfb-above-header-display":"","ast-hfb-below-header-display":"","ast-hfb-mobile-header-display":"","site-post-title":"","ast-breadcrumbs-content":"","ast-featured-img":"","footer-sml-layout":"","ast-disable-related-posts":"","theme-transparent-header-meta":"","adv-header-id-meta":"","stick-header-meta":"","header-above-stick-meta":"","header-main-stick-meta":"","header-below-stick-meta":"","astra-migrate-meta-layouts":"default","ast-page-background-enabled":"default","ast-page-background-meta":{"desktop":{"background-color":"var(--ast-global-color-4)","background-image":"","background-repeat":"repeat","background-position":"center center","background-size":"auto","background-attachment":"scroll","background-type":"","background-media":"","overlay-type":"","overlay-color":"","overlay-opacity":"","overlay-gradient":""},"tablet":{"background-color":"","background-image":"","background-repeat":"repeat","background-position":"center center","background-size":"auto","background-attachment":"scroll","background-type":"","background-media":"","overlay-type":"","overlay-color":"","overlay-opacity":"","overlay-gradient":""},"mobile":{"background-color":"","background-image":"","background-repeat":"repeat","background-position":"center center","background-size":"auto","background-attachment":"scroll","background-type":"","background-media":"","overlay-type":"","overlay-color":"","overlay-opacity":"","overlay-gradient":""}},"ast-content-background-meta":{"desktop":{"background-color":"var(--ast-global-color-5)","background-image":"","background-repeat":"repeat","background-position":"center center","background-size":"auto","background-attachment":"scroll","background-type":"","background-media":"","overlay-type":"","overlay-color":"","overlay-opacity":"","overlay-gradient":""},"tablet":{"background-color":"var(--ast-global-color-5)","background-image":"","background-repeat":"repeat","background-position":"center center","background-size":"auto","background-attachment":"scroll","background-type":"","background-media":"","overlay-type":"","overlay-color":"","overlay-opacity":"","overlay-gradient":""},"mobile":{"background-color":"var(--ast-global-color-5)","background-image":"","background-repeat":"repeat","background-position":"center center","background-size":"auto","background-attachment":"scroll","background-type":"","background-media":"","overlay-type":"","overlay-color":"","overlay-opacity":"","overlay-gradient":""}},"footnotes":""},"categories":[2],"tags":[34,39,760,900,162],"class_list":["post-4687","post","type-post","status-publish","format-standard","has-post-thumbnail","hentry","category-entrevistas","tag-canadevi","tag-carlos-medina-rodriguez","tag-convencion-nacional-de-canadevi","tag-nuevo-gobierno","tag-subsidio"],"_links":{"self":[{"href":"https:\/\/hombresymujeresdelacasa.com\/home\/wp-json\/wp\/v2\/posts\/4687","targetHints":{"allow":["GET"]}}],"collection":[{"href":"https:\/\/hombresymujeresdelacasa.com\/home\/wp-json\/wp\/v2\/posts"}],"about":[{"href":"https:\/\/hombresymujeresdelacasa.com\/home\/wp-json\/wp\/v2\/types\/post"}],"author":[{"embeddable":true,"href":"https:\/\/hombresymujeresdelacasa.com\/home\/wp-json\/wp\/v2\/users\/1"}],"replies":[{"embeddable":true,"href":"https:\/\/hombresymujeresdelacasa.com\/home\/wp-json\/wp\/v2\/comments?post=4687"}],"version-history":[{"count":1,"href":"https:\/\/hombresymujeresdelacasa.com\/home\/wp-json\/wp\/v2\/posts\/4687\/revisions"}],"predecessor-version":[{"id":4689,"href":"https:\/\/hombresymujeresdelacasa.com\/home\/wp-json\/wp\/v2\/posts\/4687\/revisions\/4689"}],"wp:featuredmedia":[{"embeddable":true,"href":"https:\/\/hombresymujeresdelacasa.com\/home\/wp-json\/wp\/v2\/media\/4688"}],"wp:attachment":[{"href":"https:\/\/hombresymujeresdelacasa.com\/home\/wp-json\/wp\/v2\/media?parent=4687"}],"wp:term":[{"taxonomy":"category","embeddable":true,"href":"https:\/\/hombresymujeresdelacasa.com\/home\/wp-json\/wp\/v2\/categories?post=4687"},{"taxonomy":"post_tag","embeddable":true,"href":"https:\/\/hombresymujeresdelacasa.com\/home\/wp-json\/wp\/v2\/tags?post=4687"}],"curies":[{"name":"wp","href":"https:\/\/api.w.org\/{rel}","templated":true}]}}