{"id":4668,"date":"2018-11-01T12:11:29","date_gmt":"2018-11-01T18:11:29","guid":{"rendered":"http:\/\/hombresymujeresdelacasa.com\/home\/?p=4668"},"modified":"2018-11-01T12:29:53","modified_gmt":"2018-11-01T18:29:53","slug":"pide-cmic-mejorar-infraestructura-del-pais","status":"publish","type":"post","link":"https:\/\/hombresymujeresdelacasa.com\/home\/pide-cmic-mejorar-infraestructura-del-pais\/","title":{"rendered":"Pide CMIC mejorar infraestructura del pa\u00eds"},"content":{"rendered":"<p><em>Por Karla Esperanza<\/em><\/p>\n<p><em>El \u00f3rgano busca trabajar con los diferentes gobiernos para impulsar un mejor desarrollo del sector<\/em><span id=\"more-80960\"><\/span><\/p>\n<p>El presidente nacional de la\u00a0<a href=\"http:\/\/www.cmic.org\/\" target=\"_blank\" rel=\"noopener noreferrer nofollow\">C\u00e1mara Mexicana de la Industria de la Construcci\u00f3n<\/a>\u00a0(CMIC), Eduardo Ram\u00edrez Leal, hizo un llamado al nuevo gobierno federal para mejorar la infraestructura nacional a trav\u00e9s de mejores pol\u00edticas p\u00fablicas.<\/p>\n<p>Durante un recorrido por\u00a0<strong>Tamaulipas<\/strong>, se\u00f1al\u00f3 que han mantenido reuniones con el gabinete de Andr\u00e9s Manuel L\u00f3pez Obrador, para poder trabajar en conjunto en funci\u00f3n de mejorar la infraestructura del pa\u00eds, sin embargo, esta es una tarea que corresponde al gobierno federal y municipal.<\/p>\n<p>Ram\u00edrez Leal apunt\u00f3 que ellos como CMIC ayudar\u00e1n desde la parte t\u00e9cnica y la experiencia, ya que los expertos que componen al \u00f3rgano podr\u00edan opinar si los proyectos son necesarios y si hay financiamiento suficiente, as\u00ed como estudios de impacto.<\/p>\n","protected":false},"excerpt":{"rendered":"<p>Por Karla Esperanza El \u00f3rgano busca trabajar con los diferentes gobiernos para impulsar un mejor desarrollo del sector El presidente nacional de la\u00a0C\u00e1mara Mexicana de la Industria de la Construcci\u00f3n\u00a0(CMIC), Eduardo Ram\u00edrez Leal, hizo un llamado al nuevo gobierno federal para mejorar la infraestructura nacional a trav\u00e9s de mejores pol\u00edticas p\u00fablicas. Durante un recorrido por\u00a0Tamaulipas, [&hellip;]<\/p>\n","protected":false},"author":1,"featured_media":4669,"comment_status":"open","ping_status":"open","sticky":false,"template":"","format":"standard","meta":{"site-sidebar-layout":"default","site-content-layout":"","ast-site-content-layout":"default","site-content-style":"default","site-sidebar-style":"default","ast-global-header-display":"","ast-banner-title-visibility":"","ast-main-header-display":"","ast-hfb-above-header-display":"","ast-hfb-below-header-display":"","ast-hfb-mobile-header-display":"","site-post-title":"","ast-breadcrumbs-content":"","ast-featured-img":"","footer-sml-layout":"","ast-disable-related-posts":"","theme-transparent-header-meta":"","adv-header-id-meta":"","stick-header-meta":"","header-above-stick-meta":"","header-main-stick-meta":"","header-below-stick-meta":"","astra-migrate-meta-layouts":"default","ast-page-background-enabled":"default","ast-page-background-meta":{"desktop":{"background-color":"var(--ast-global-color-4)","background-image":"","background-repeat":"repeat","background-position":"center center","background-size":"auto","background-attachment":"scroll","background-type":"","background-media":"","overlay-type":"","overlay-color":"","overlay-opacity":"","overlay-gradient":""},"tablet":{"background-color":"","background-image":"","background-repeat":"repeat","background-position":"center center","background-size":"auto","background-attachment":"scroll","background-type":"","background-media":"","overlay-type":"","overlay-color":"","overlay-opacity":"","overlay-gradient":""},"mobile":{"background-color":"","background-image":"","background-repeat":"repeat","background-position":"center center","background-size":"auto","background-attachment":"scroll","background-type":"","background-media":"","overlay-type":"","overlay-color":"","overlay-opacity":"","overlay-gradient":""}},"ast-content-background-meta":{"desktop":{"background-color":"var(--ast-global-color-5)","background-image":"","background-repeat":"repeat","background-position":"center center","background-size":"auto","background-attachment":"scroll","background-type":"","background-media":"","overlay-type":"","overlay-color":"","overlay-opacity":"","overlay-gradient":""},"tablet":{"background-color":"var(--ast-global-color-5)","background-image":"","background-repeat":"repeat","background-position":"center center","background-size":"auto","background-attachment":"scroll","background-type":"","background-media":"","overlay-type":"","overlay-color":"","overlay-opacity":"","overlay-gradient":""},"mobile":{"background-color":"var(--ast-global-color-5)","background-image":"","background-repeat":"repeat","background-position":"center center","background-size":"auto","background-attachment":"scroll","background-type":"","background-media":"","overlay-type":"","overlay-color":"","overlay-opacity":"","overlay-gradient":""}},"footnotes":""},"categories":[4],"tags":[198,1075,236,83,88,1076,1021],"class_list":["post-4668","post","type-post","status-publish","format-standard","has-post-thumbnail","hentry","category-noticias","tag-cmic","tag-eduardo-ramirez-leal","tag-estructura","tag-financiamiento","tag-gobierno","tag-infra","tag-nacional"],"_links":{"self":[{"href":"https:\/\/hombresymujeresdelacasa.com\/home\/wp-json\/wp\/v2\/posts\/4668","targetHints":{"allow":["GET"]}}],"collection":[{"href":"https:\/\/hombresymujeresdelacasa.com\/home\/wp-json\/wp\/v2\/posts"}],"about":[{"href":"https:\/\/hombresymujeresdelacasa.com\/home\/wp-json\/wp\/v2\/types\/post"}],"author":[{"embeddable":true,"href":"https:\/\/hombresymujeresdelacasa.com\/home\/wp-json\/wp\/v2\/users\/1"}],"replies":[{"embeddable":true,"href":"https:\/\/hombresymujeresdelacasa.com\/home\/wp-json\/wp\/v2\/comments?post=4668"}],"version-history":[{"count":1,"href":"https:\/\/hombresymujeresdelacasa.com\/home\/wp-json\/wp\/v2\/posts\/4668\/revisions"}],"predecessor-version":[{"id":4670,"href":"https:\/\/hombresymujeresdelacasa.com\/home\/wp-json\/wp\/v2\/posts\/4668\/revisions\/4670"}],"wp:featuredmedia":[{"embeddable":true,"href":"https:\/\/hombresymujeresdelacasa.com\/home\/wp-json\/wp\/v2\/media\/4669"}],"wp:attachment":[{"href":"https:\/\/hombresymujeresdelacasa.com\/home\/wp-json\/wp\/v2\/media?parent=4668"}],"wp:term":[{"taxonomy":"category","embeddable":true,"href":"https:\/\/hombresymujeresdelacasa.com\/home\/wp-json\/wp\/v2\/categories?post=4668"},{"taxonomy":"post_tag","embeddable":true,"href":"https:\/\/hombresymujeresdelacasa.com\/home\/wp-json\/wp\/v2\/tags?post=4668"}],"curies":[{"name":"wp","href":"https:\/\/api.w.org\/{rel}","templated":true}]}}