{"id":4585,"date":"2018-10-19T10:07:06","date_gmt":"2018-10-19T16:07:06","guid":{"rendered":"http:\/\/hombresymujeresdelacasa.com\/home\/?p=4585"},"modified":"2018-10-19T10:11:32","modified_gmt":"2018-10-19T16:11:32","slug":"buenas-politicas-deben-tener-continuidad-wolpert","status":"publish","type":"post","link":"https:\/\/hombresymujeresdelacasa.com\/home\/buenas-politicas-deben-tener-continuidad-wolpert\/","title":{"rendered":"Buenas pol\u00edticas deben tener continuidad: Wolpert"},"content":{"rendered":"<p><em>Edagar Rosas<\/em><\/p>\n<p><em>El Director General de la Conavi destac\u00f3 que la industria debe tener tranquilidad, pues se ha llevado un proceso de transici\u00f3n abierto y de mucha comunicaci\u00f3n<\/em><span id=\"more-80143\"><\/span><\/p>\n<p>La industria de la vivienda deber\u00e1 estar muy cerca del nuevo gobierno y ayudar al equipo de la pr\u00f3xima administraci\u00f3n a tomar en cuenta los avances logrados para que sirvan como plataforma e impulsar el desarrollo del sector, se\u00f1al\u00f3\u00a0<a href=\"https:\/\/twitter.com\/JorgeLWolpert\" target=\"_blank\" rel=\"noopener noreferrer nofollow\">Jorge Wolpert Kuri<\/a>, director general de la Comisi\u00f3n Nacional de Vivienda (<strong>Conavi<\/strong>).<\/p>\n<p>Al participar en la presentaci\u00f3n del estudio \u2018<strong>Estado Actual de la Vivienda 2017<\/strong>\u2019, el funcionario destac\u00f3 que ser\u00e1 fundamental sumar esfuerzos para \u201cque le vaya bien a M\u00e9xico\u201d. Por ello, dijo, empresarios, acad\u00e9micos, y especialistas relacionados con la vivienda deber\u00e1n ser agentes activos que impulsen la continuidad de pol\u00edticas que han dado resultado y que cuentan con gran potencial.<\/p>\n<p>\u201cHoy tenemos cosas muy buenas que decir de la vivienda y debemos ayudar al gobierno que entra a tomar en cuenta los avances y estar muy cerca de ellos en la implementaci\u00f3n de la responsabilidad que les va a tocar en nuestro sector (\u2026)<\/p>\n<p>\u201cHay que hacernos escuchar para que estos avances sirvan de plataforma a una pol\u00edtica con una visi\u00f3n que muy claramente va a centrar sus esfuerzos en atender a quienes menos tienen\u201d, dijo.<\/p>\n<p>El Director General de la Conavi destac\u00f3 que en la industria debe mantenerse la premisa del trabajo coordinado. Abund\u00f3 que, as\u00ed como hasta ahora, las reglas que marquen el rumbo del sector deben ser el resultado de un consenso.<\/p>\n<p>\u201cLo que necesitamos, y lo que va a necesitar este gobierno que entra, es que ustedes: arquitectos, estudiantes, empresarios, est\u00e9n cerca del nuevo gobierno para que nos vaya bien.<\/p>\n<p>\u201cNuestro sector ha demostrado que es resiliente, que se adapta a los cambios, que las reglas se siguen porque las hacemos juntos y estas son premisas que deben permanecer y para que permanezcan tenemos que hacer mucho ruido quienes hemos estado involucrado en dise\u00f1arlas\u201d, se\u00f1al\u00f3.<\/p>\n<p><strong>Transici\u00f3n optima<\/strong><\/p>\n<p>En su participaci\u00f3n, Jorge Wolpert asegur\u00f3 que el proceso de transici\u00f3n que se ha llevado a cabo ha sido abierto y con mucha comunicaci\u00f3n. Por ello, expuso, la industria debe estar tranquila.<\/p>\n<p>En tal sentido, manifest\u00f3 que el equipo de nuevo gobierno ha visto con buenos ojos algunas de las pol\u00edticas que se han puesto en marcha, entre ellas, la que tiene que ver con la atenci\u00f3n a\u00a0<strong>no afiliados<\/strong>, as\u00ed como la focalizaci\u00f3n del subsidio en trabajadores de la base de la pir\u00e1mide.<\/p>\n<p>\u201cHe encontrado una recepci\u00f3n adecuada en t\u00e9rminos de las pol\u00edticas que estamos implementando. Y esos programas por supuesto que se pueden mejorar, pero deben permanecer porque atienden a los que menos tienen\u201d, indic\u00f3.<\/p>\n<p>En relaci\u00f3n a las pol\u00edticas de quienes no cuentan con seguridad social, Wolpert asegur\u00f3 que el equipo del nuevo gobierno ha visto con agrado los esquemas de autoproducci\u00f3n, as\u00ed como el reci\u00e9n lanzado para que puedan adquirir vivienda nueva. Por otro lado, el funcionario se\u00f1al\u00f3 que tambi\u00e9n ha sido bien recibido el esquema impulsado con\u00a0<strong>Infonavit\u00a0<\/strong>con el que se otorga una mayor cantidad de subsidio a derechohabientes que ganan menos de 2.2 Umas.<\/p>\n<p>\u201cNos hemos reunido much\u00edsimo con el equipo del nuevo gobierno. Quiero mandar el mensaje de tranquilidad al sector; quiero decirles que llevamos una transici\u00f3n muy abierta, con mucha comunicaci\u00f3n.<\/p>\n<p>\u201cMuy claramente el nuevo gobierno va a centrar sus esfuerzos en quienes menos tienen y desde Conavi nos les va a hacer muy dif\u00edcil hacerlo, porque en los \u00faltimos a\u00f1os, y de la mano con la industria, hemos conseguido cosas importantes: hoy ya tenemos un subsidio de vivienda focalizado y un programa especial como del Infonavit. Y quiero decirles con agrado que la nueva administraci\u00f3n ve este programa como uno que debe continuar\u201d, apunt\u00f3.<\/p>\n<blockquote class=\"twitter-tweet\" data-width=\"500\" data-dnt=\"true\">\n<p lang=\"es\" dir=\"ltr\">Habla <a href=\"https:\/\/twitter.com\/JorgeLWolpert?ref_src=twsrc%5Etfw\" rel=\"nofollow noopener\" target=\"_blank\">@JorgeLWolpert<\/a>, director general de <a href=\"https:\/\/twitter.com\/Conavi_mx?ref_src=twsrc%5Etfw\" rel=\"nofollow noopener\" target=\"_blank\">@Conavi_mx<\/a>. <a href=\"https:\/\/twitter.com\/hashtag\/CoberturaCU?src=hash&amp;ref_src=twsrc%5Etfw\" rel=\"nofollow noopener\" target=\"_blank\">#CoberturaCU<\/a> <a href=\"https:\/\/t.co\/IXJOyckQge\" rel=\"nofollow\">https:\/\/t.co\/IXJOyckQge<\/a><\/p>\n<p>&mdash; Centro Urbano (@CentroUrbano) <a href=\"https:\/\/twitter.com\/CentroUrbano\/status\/1052938000580063232?ref_src=twsrc%5Etfw\" rel=\"nofollow noopener\" target=\"_blank\">October 18, 2018<\/a><\/p><\/blockquote>\n<p><script async src=\"https:\/\/platform.twitter.com\/widgets.js\" charset=\"utf-8\"><\/script><\/p>\n","protected":false},"excerpt":{"rendered":"<p>Edagar Rosas El Director General de la Conavi destac\u00f3 que la industria debe tener tranquilidad, pues se ha llevado un proceso de transici\u00f3n abierto y de mucha comunicaci\u00f3n La industria de la vivienda deber\u00e1 estar muy cerca del nuevo gobierno y ayudar al equipo de la pr\u00f3xima administraci\u00f3n a tomar en cuenta los avances logrados [&hellip;]<\/p>\n","protected":false},"author":1,"featured_media":4586,"comment_status":"open","ping_status":"open","sticky":false,"template":"","format":"standard","meta":{"site-sidebar-layout":"default","site-content-layout":"","ast-site-content-layout":"default","site-content-style":"default","site-sidebar-style":"default","ast-global-header-display":"","ast-banner-title-visibility":"","ast-main-header-display":"","ast-hfb-above-header-display":"","ast-hfb-below-header-display":"","ast-hfb-mobile-header-display":"","site-post-title":"","ast-breadcrumbs-content":"","ast-featured-img":"","footer-sml-layout":"","ast-disable-related-posts":"","theme-transparent-header-meta":"","adv-header-id-meta":"","stick-header-meta":"","header-above-stick-meta":"","header-main-stick-meta":"","header-below-stick-meta":"","astra-migrate-meta-layouts":"default","ast-page-background-enabled":"default","ast-page-background-meta":{"desktop":{"background-color":"var(--ast-global-color-4)","background-image":"","background-repeat":"repeat","background-position":"center center","background-size":"auto","background-attachment":"scroll","background-type":"","background-media":"","overlay-type":"","overlay-color":"","overlay-opacity":"","overlay-gradient":""},"tablet":{"background-color":"","background-image":"","background-repeat":"repeat","background-position":"center center","background-size":"auto","background-attachment":"scroll","background-type":"","background-media":"","overlay-type":"","overlay-color":"","overlay-opacity":"","overlay-gradient":""},"mobile":{"background-color":"","background-image":"","background-repeat":"repeat","background-position":"center center","background-size":"auto","background-attachment":"scroll","background-type":"","background-media":"","overlay-type":"","overlay-color":"","overlay-opacity":"","overlay-gradient":""}},"ast-content-background-meta":{"desktop":{"background-color":"var(--ast-global-color-5)","background-image":"","background-repeat":"repeat","background-position":"center center","background-size":"auto","background-attachment":"scroll","background-type":"","background-media":"","overlay-type":"","overlay-color":"","overlay-opacity":"","overlay-gradient":""},"tablet":{"background-color":"var(--ast-global-color-5)","background-image":"","background-repeat":"repeat","background-position":"center center","background-size":"auto","background-attachment":"scroll","background-type":"","background-media":"","overlay-type":"","overlay-color":"","overlay-opacity":"","overlay-gradient":""},"mobile":{"background-color":"var(--ast-global-color-5)","background-image":"","background-repeat":"repeat","background-position":"center center","background-size":"auto","background-attachment":"scroll","background-type":"","background-media":"","overlay-type":"","overlay-color":"","overlay-opacity":"","overlay-gradient":""}},"footnotes":""},"categories":[4],"tags":[24,49,109,900,177],"class_list":["post-4585","post","type-post","status-publish","format-standard","has-post-thumbnail","hentry","category-noticias","tag-avances","tag-conavi","tag-jorge-wolpert-kuri","tag-nuevo-gobierno","tag-vivienda"],"_links":{"self":[{"href":"https:\/\/hombresymujeresdelacasa.com\/home\/wp-json\/wp\/v2\/posts\/4585","targetHints":{"allow":["GET"]}}],"collection":[{"href":"https:\/\/hombresymujeresdelacasa.com\/home\/wp-json\/wp\/v2\/posts"}],"about":[{"href":"https:\/\/hombresymujeresdelacasa.com\/home\/wp-json\/wp\/v2\/types\/post"}],"author":[{"embeddable":true,"href":"https:\/\/hombresymujeresdelacasa.com\/home\/wp-json\/wp\/v2\/users\/1"}],"replies":[{"embeddable":true,"href":"https:\/\/hombresymujeresdelacasa.com\/home\/wp-json\/wp\/v2\/comments?post=4585"}],"version-history":[{"count":1,"href":"https:\/\/hombresymujeresdelacasa.com\/home\/wp-json\/wp\/v2\/posts\/4585\/revisions"}],"predecessor-version":[{"id":4587,"href":"https:\/\/hombresymujeresdelacasa.com\/home\/wp-json\/wp\/v2\/posts\/4585\/revisions\/4587"}],"wp:featuredmedia":[{"embeddable":true,"href":"https:\/\/hombresymujeresdelacasa.com\/home\/wp-json\/wp\/v2\/media\/4586"}],"wp:attachment":[{"href":"https:\/\/hombresymujeresdelacasa.com\/home\/wp-json\/wp\/v2\/media?parent=4585"}],"wp:term":[{"taxonomy":"category","embeddable":true,"href":"https:\/\/hombresymujeresdelacasa.com\/home\/wp-json\/wp\/v2\/categories?post=4585"},{"taxonomy":"post_tag","embeddable":true,"href":"https:\/\/hombresymujeresdelacasa.com\/home\/wp-json\/wp\/v2\/tags?post=4585"}],"curies":[{"name":"wp","href":"https:\/\/api.w.org\/{rel}","templated":true}]}}