{"id":4523,"date":"2018-10-08T11:47:59","date_gmt":"2018-10-08T17:47:59","guid":{"rendered":"http:\/\/hombresymujeresdelacasa.com\/home\/?p=4523"},"modified":"2018-10-08T11:54:38","modified_gmt":"2018-10-08T17:54:38","slug":"infonavit-va-5-por-arriba-de-sus-metas-2018","status":"publish","type":"post","link":"https:\/\/hombresymujeresdelacasa.com\/home\/infonavit-va-5-por-arriba-de-sus-metas-2018\/","title":{"rendered":"Infonavit va 5% por arriba de sus metas 2018"},"content":{"rendered":"<p><em>Por Edgar Rosas<\/em><\/p>\n<p><em>El organismo hipotecario cerrar\u00e1 con 3.5 millones de cr\u00e9ditos, asegur\u00f3 su Director General<\/em><span id=\"more-79499\"><\/span><\/p>\n<p>A poco m\u00e1s de dos meses de concluir el 2018, el Instituto del Fondo Nacional de la Vivienda para los Trabajadores (<a href=\"http:\/\/infonavit.org.mx\/\" target=\"_blank\" rel=\"noopener nofollow\">Infonavit<\/a>) va 5% por arriba de la meta, asegur\u00f3\u00a0<a href=\"https:\/\/twitter.com\/davidpenchyna\" target=\"_blank\" rel=\"noopener nofollow\">David Penchyna Grub<\/a>, director general del organismo.<\/p>\n<p>Al participar en la ceremonia inaugural de la Novena Reuni\u00f3n Nacional del\u00a0<a href=\"https:\/\/twitter.com\/DSTInfonavit\" target=\"_blank\" rel=\"noopener nofollow\">Sector de los Trabajadores<\/a>, el directivo destac\u00f3 que el Instituto cerrar\u00e1 con fuerza el 2018. A\u00f1adi\u00f3 que el organismo cumplir\u00e1 la meta establecida en colocaci\u00f3n y derrama crediticia definida para el a\u00f1o.<\/p>\n<p>\u201cQuienes integramos Infonavit estamos muy orgullosos de la Instituci\u00f3n que entregaremos. Estamos cinco por ciento arriba de nuestra meta, vamos a cerrar el 2018 a tambor batiente cumpliendo objetivos crediticios y la derrama econ\u00f3mica consecuente\u201d, dijo.<\/p>\n<p>Penchyna Grub record\u00f3 que Infonavit cerrar\u00e1 el sexenio con una colocaci\u00f3n de financiamiento que alcanza los 3.5 millones de cr\u00e9ditos. Aunado a lo anterior, enfatiz\u00f3 que la actual administraci\u00f3n entregar\u00e1 un organismo s\u00f3lido.<\/p>\n<p>\u201cLa historia nos ha hecho grandes y el presente nos hace m\u00e1s fuertes, entregaremos un sano equilibrio entre el patrimonio m\u00e1s alto de los \u00faltimos 46 a\u00f1os, con el mejor rendimiento de la subcuenta en d\u00e9cadas; en 2017 otorgamos el 8.32 por ciento de rendimiento a la Subcuenta de Vivienda, y quiero adelantarles que este a\u00f1o superaremos en t\u00e9rminos reales la tasa de rendimiento a todos los trabajadores de la familia Infonavit\u201d, dijo.<\/p>\n","protected":false},"excerpt":{"rendered":"<p>Por Edgar Rosas El organismo hipotecario cerrar\u00e1 con 3.5 millones de cr\u00e9ditos, asegur\u00f3 su Director General A poco m\u00e1s de dos meses de concluir el 2018, el Instituto del Fondo Nacional de la Vivienda para los Trabajadores (Infonavit) va 5% por arriba de la meta, asegur\u00f3\u00a0David Penchyna Grub, director general del organismo. Al participar en [&hellip;]<\/p>\n","protected":false},"author":1,"featured_media":4524,"comment_status":"open","ping_status":"open","sticky":false,"template":"","format":"standard","meta":{"site-sidebar-layout":"default","site-content-layout":"","ast-site-content-layout":"default","site-content-style":"default","site-sidebar-style":"default","ast-global-header-display":"","ast-banner-title-visibility":"","ast-main-header-display":"","ast-hfb-above-header-display":"","ast-hfb-below-header-display":"","ast-hfb-mobile-header-display":"","site-post-title":"","ast-breadcrumbs-content":"","ast-featured-img":"","footer-sml-layout":"","ast-disable-related-posts":"","theme-transparent-header-meta":"","adv-header-id-meta":"","stick-header-meta":"","header-above-stick-meta":"","header-main-stick-meta":"","header-below-stick-meta":"","astra-migrate-meta-layouts":"default","ast-page-background-enabled":"default","ast-page-background-meta":{"desktop":{"background-color":"var(--ast-global-color-4)","background-image":"","background-repeat":"repeat","background-position":"center center","background-size":"auto","background-attachment":"scroll","background-type":"","background-media":"","overlay-type":"","overlay-color":"","overlay-opacity":"","overlay-gradient":""},"tablet":{"background-color":"","background-image":"","background-repeat":"repeat","background-position":"center center","background-size":"auto","background-attachment":"scroll","background-type":"","background-media":"","overlay-type":"","overlay-color":"","overlay-opacity":"","overlay-gradient":""},"mobile":{"background-color":"","background-image":"","background-repeat":"repeat","background-position":"center center","background-size":"auto","background-attachment":"scroll","background-type":"","background-media":"","overlay-type":"","overlay-color":"","overlay-opacity":"","overlay-gradient":""}},"ast-content-background-meta":{"desktop":{"background-color":"var(--ast-global-color-5)","background-image":"","background-repeat":"repeat","background-position":"center center","background-size":"auto","background-attachment":"scroll","background-type":"","background-media":"","overlay-type":"","overlay-color":"","overlay-opacity":"","overlay-gradient":""},"tablet":{"background-color":"var(--ast-global-color-5)","background-image":"","background-repeat":"repeat","background-position":"center center","background-size":"auto","background-attachment":"scroll","background-type":"","background-media":"","overlay-type":"","overlay-color":"","overlay-opacity":"","overlay-gradient":""},"mobile":{"background-color":"var(--ast-global-color-5)","background-image":"","background-repeat":"repeat","background-position":"center center","background-size":"auto","background-attachment":"scroll","background-type":"","background-media":"","overlay-type":"","overlay-color":"","overlay-opacity":"","overlay-gradient":""}},"footnotes":""},"categories":[4],"tags":[60,102,1022,177],"class_list":["post-4523","post","type-post","status-publish","format-standard","has-post-thumbnail","hentry","category-noticias","tag-david-penchyna-grub","tag-infonavit","tag-reunion-nacional-del-sector-de-los-trabajadores","tag-vivienda"],"_links":{"self":[{"href":"https:\/\/hombresymujeresdelacasa.com\/home\/wp-json\/wp\/v2\/posts\/4523","targetHints":{"allow":["GET"]}}],"collection":[{"href":"https:\/\/hombresymujeresdelacasa.com\/home\/wp-json\/wp\/v2\/posts"}],"about":[{"href":"https:\/\/hombresymujeresdelacasa.com\/home\/wp-json\/wp\/v2\/types\/post"}],"author":[{"embeddable":true,"href":"https:\/\/hombresymujeresdelacasa.com\/home\/wp-json\/wp\/v2\/users\/1"}],"replies":[{"embeddable":true,"href":"https:\/\/hombresymujeresdelacasa.com\/home\/wp-json\/wp\/v2\/comments?post=4523"}],"version-history":[{"count":1,"href":"https:\/\/hombresymujeresdelacasa.com\/home\/wp-json\/wp\/v2\/posts\/4523\/revisions"}],"predecessor-version":[{"id":4525,"href":"https:\/\/hombresymujeresdelacasa.com\/home\/wp-json\/wp\/v2\/posts\/4523\/revisions\/4525"}],"wp:featuredmedia":[{"embeddable":true,"href":"https:\/\/hombresymujeresdelacasa.com\/home\/wp-json\/wp\/v2\/media\/4524"}],"wp:attachment":[{"href":"https:\/\/hombresymujeresdelacasa.com\/home\/wp-json\/wp\/v2\/media?parent=4523"}],"wp:term":[{"taxonomy":"category","embeddable":true,"href":"https:\/\/hombresymujeresdelacasa.com\/home\/wp-json\/wp\/v2\/categories?post=4523"},{"taxonomy":"post_tag","embeddable":true,"href":"https:\/\/hombresymujeresdelacasa.com\/home\/wp-json\/wp\/v2\/tags?post=4523"}],"curies":[{"name":"wp","href":"https:\/\/api.w.org\/{rel}","templated":true}]}}