{"id":4495,"date":"2018-10-07T12:25:33","date_gmt":"2018-10-07T18:25:33","guid":{"rendered":"http:\/\/hombresymujeresdelacasa.com\/home\/?p=4495"},"modified":"2018-10-10T12:02:35","modified_gmt":"2018-10-10T18:02:35","slug":"tasvaluo-empresa-con-mayor-valor-tasado","status":"publish","type":"post","link":"https:\/\/hombresymujeresdelacasa.com\/home\/tasvaluo-empresa-con-mayor-valor-tasado\/","title":{"rendered":"Tasval\u00fao, empresa con mayor valor tasado"},"content":{"rendered":"<p class=\"s4\"><em><span class=\"s5\">Refleja\u00a0<\/span><span class=\"s5\">gran\u00a0<\/span><span class=\"s5\">experiencia en el sector\u00a0<\/span><span class=\"s5\">au<\/span><span class=\"s5\">tomotriz, maquinaria e instalaciones complejas\u00a0<\/span><\/em><\/p>\n<p><!--more--><\/p>\n<p>Por Karen Maqueda<\/p>\n<p class=\"s4\"><span class=\"s3\">Con\u00a0<\/span><span class=\"s3\">ocho<\/span><span class=\"s3\">\u00a0a\u00f1os<\/span><span class=\"s3\">\u00a0en el mercado<\/span><span class=\"s3\">, Tasval\u00fao es la empresa del sector con mayor valor tasado en los tipos de bienes valorados. Esto, gracias a que cuen<\/span><span class=\"s3\">ta con una gran presencia\u00a0<\/span><span class=\"s3\">con institutos p\u00fablicos (Infonavit y Fovissste) como en mercados hipotecarios abiertos.\u00a0<\/span><\/p>\n<p class=\"s4\"><span class=\"s3\">R<\/span><span class=\"s3\">espaldado por un equipo de 100 personas que forman \u00a0una<\/span><span class=\"s3\">\u00a0s\u00f3lida estructura empresarial; dando as\u00ed soporte de proximidad y profundo conocimiento con el apoyo de 450 peritos en el mercado.\u00a0<\/span><\/p>\n<p class=\"s4\"><span class=\"s3\">Su experiencia\u00a0<\/span><span class=\"s3\">se\u00a0<\/span><span class=\"s3\">ve reflejada en los sectores de automotriz, maquinarias singulares<\/span><span class=\"s3\">\u00a0e instalaciones complejas.<\/span><\/p>\n<p class=\"s4\"><span class=\"s3\">Adem\u00e1s,\u00a0<\/span><span class=\"s3\">valora una cifra elevada de bienes y explotaciones industr<\/span><span class=\"s3\">iales o \u00e1mbitos agropecuarios\u00a0<\/span><span class=\"s3\">en conj<\/span><span class=\"s3\">untos aeroportuarios, navales,\u00a0<\/span><span class=\"s3\">energ\u00eda e\u00f3lica o termosolar.<\/span><span class=\"s3\">Tambi\u00e9n,\u00a0<\/span><span class=\"s3\">se encarga de valorar hoteles, centros comerciales, carteras<\/span><span class=\"s3\">\u00a0de Fondo de Inversi\u00f3n y FIBRAS<\/span><span class=\"s3\">\u00a0o inmuebles adjudicados a entidades de cr\u00e9dito.\u00a0<\/span><\/p>\n<p class=\"s4\"><span class=\"s3\">Cabe resaltar que esta compa\u00f1\u00eda nace de una gran fortaleza inversora\u00a0<\/span><a name=\"_GoBack\"><\/a><span class=\"s3\">mexicana Promecap asociada a la gran especializaci\u00f3n t\u00e9cnica espa\u00f1ola de Tecnitasa.<\/span><\/p>\n","protected":false},"excerpt":{"rendered":"<p>Refleja\u00a0gran\u00a0experiencia en el sector\u00a0automotriz, maquinaria e instalaciones complejas\u00a0<\/p>\n","protected":false},"author":1,"featured_media":4496,"comment_status":"open","ping_status":"open","sticky":false,"template":"","format":"standard","meta":{"site-sidebar-layout":"default","site-content-layout":"","ast-site-content-layout":"default","site-content-style":"default","site-sidebar-style":"default","ast-global-header-display":"","ast-banner-title-visibility":"","ast-main-header-display":"","ast-hfb-above-header-display":"","ast-hfb-below-header-display":"","ast-hfb-mobile-header-display":"","site-post-title":"","ast-breadcrumbs-content":"","ast-featured-img":"","footer-sml-layout":"","ast-disable-related-posts":"","theme-transparent-header-meta":"","adv-header-id-meta":"","stick-header-meta":"","header-above-stick-meta":"","header-main-stick-meta":"","header-below-stick-meta":"","astra-migrate-meta-layouts":"default","ast-page-background-enabled":"default","ast-page-background-meta":{"desktop":{"background-color":"var(--ast-global-color-4)","background-image":"","background-repeat":"repeat","background-position":"center center","background-size":"auto","background-attachment":"scroll","background-type":"","background-media":"","overlay-type":"","overlay-color":"","overlay-opacity":"","overlay-gradient":""},"tablet":{"background-color":"","background-image":"","background-repeat":"repeat","background-position":"center center","background-size":"auto","background-attachment":"scroll","background-type":"","background-media":"","overlay-type":"","overlay-color":"","overlay-opacity":"","overlay-gradient":""},"mobile":{"background-color":"","background-image":"","background-repeat":"repeat","background-position":"center center","background-size":"auto","background-attachment":"scroll","background-type":"","background-media":"","overlay-type":"","overlay-color":"","overlay-opacity":"","overlay-gradient":""}},"ast-content-background-meta":{"desktop":{"background-color":"var(--ast-global-color-5)","background-image":"","background-repeat":"repeat","background-position":"center center","background-size":"auto","background-attachment":"scroll","background-type":"","background-media":"","overlay-type":"","overlay-color":"","overlay-opacity":"","overlay-gradient":""},"tablet":{"background-color":"var(--ast-global-color-5)","background-image":"","background-repeat":"repeat","background-position":"center center","background-size":"auto","background-attachment":"scroll","background-type":"","background-media":"","overlay-type":"","overlay-color":"","overlay-opacity":"","overlay-gradient":""},"mobile":{"background-color":"var(--ast-global-color-5)","background-image":"","background-repeat":"repeat","background-position":"center center","background-size":"auto","background-attachment":"scroll","background-type":"","background-media":"","overlay-type":"","overlay-color":"","overlay-opacity":"","overlay-gradient":""}},"footnotes":""},"categories":[4],"tags":[1031,1011,258],"class_list":["post-4495","post","type-post","status-publish","format-standard","has-post-thumbnail","hentry","category-noticias","tag-8-aniversario","tag-luis-leirado","tag-tasvaluo"],"_links":{"self":[{"href":"https:\/\/hombresymujeresdelacasa.com\/home\/wp-json\/wp\/v2\/posts\/4495","targetHints":{"allow":["GET"]}}],"collection":[{"href":"https:\/\/hombresymujeresdelacasa.com\/home\/wp-json\/wp\/v2\/posts"}],"about":[{"href":"https:\/\/hombresymujeresdelacasa.com\/home\/wp-json\/wp\/v2\/types\/post"}],"author":[{"embeddable":true,"href":"https:\/\/hombresymujeresdelacasa.com\/home\/wp-json\/wp\/v2\/users\/1"}],"replies":[{"embeddable":true,"href":"https:\/\/hombresymujeresdelacasa.com\/home\/wp-json\/wp\/v2\/comments?post=4495"}],"version-history":[{"count":1,"href":"https:\/\/hombresymujeresdelacasa.com\/home\/wp-json\/wp\/v2\/posts\/4495\/revisions"}],"predecessor-version":[{"id":4497,"href":"https:\/\/hombresymujeresdelacasa.com\/home\/wp-json\/wp\/v2\/posts\/4495\/revisions\/4497"}],"wp:featuredmedia":[{"embeddable":true,"href":"https:\/\/hombresymujeresdelacasa.com\/home\/wp-json\/wp\/v2\/media\/4496"}],"wp:attachment":[{"href":"https:\/\/hombresymujeresdelacasa.com\/home\/wp-json\/wp\/v2\/media?parent=4495"}],"wp:term":[{"taxonomy":"category","embeddable":true,"href":"https:\/\/hombresymujeresdelacasa.com\/home\/wp-json\/wp\/v2\/categories?post=4495"},{"taxonomy":"post_tag","embeddable":true,"href":"https:\/\/hombresymujeresdelacasa.com\/home\/wp-json\/wp\/v2\/tags?post=4495"}],"curies":[{"name":"wp","href":"https:\/\/api.w.org\/{rel}","templated":true}]}}