{"id":4310,"date":"2018-08-31T08:00:13","date_gmt":"2018-08-31T14:00:13","guid":{"rendered":"http:\/\/hombresymujeresdelacasa.com\/home\/?p=4310"},"modified":"2018-08-31T10:22:20","modified_gmt":"2018-08-31T16:22:20","slug":"aplaude-canadevi-disposicion-del-proximo-gobierno","status":"publish","type":"post","link":"https:\/\/hombresymujeresdelacasa.com\/home\/aplaude-canadevi-disposicion-del-proximo-gobierno\/","title":{"rendered":"Aplaude Canadevi disposici\u00f3n del pr\u00f3ximo gobierno"},"content":{"rendered":"<p>Por Edgar Rosas<\/p>\n<p><em>En reuni\u00f3n con Armando Rosales, futuro subsecretario de Sedatu, los desarrolladores se\u00f1alaron que unos de los temas prioritarios es conocer el presupuesto para subsidio<\/em><span id=\"more-77422\"><\/span><\/p>\n<p><a href=\"https:\/\/twitter.com\/KrlosMed\" target=\"_blank\" rel=\"noopener nofollow\">Carlos Medina Rodr\u00edguez<\/a>, presidente de la C\u00e1mara Nacional de la Industria de Desarrollo y Promoci\u00f3n de la Vivienda (<a href=\"https:\/\/canadevi.com.mx\/\" target=\"_blank\" rel=\"noopener nofollow\">Canadevi<\/a>), se\u00f1al\u00f3 que para este sector la certidumbre es un factor fundamental. Por ello, dijo, resulta de suma relevancia el compromiso del pr\u00f3ximo gobierno de no modificar reglas de operaci\u00f3n en subsidio en el corto plazo, as\u00ed como iniciar lo m\u00e1s pronto posible las mesas de di\u00e1logo en el marco de la transici\u00f3n.<\/p>\n<p>Durante su participaci\u00f3n en la Reuni\u00f3n Anual que organiza la Canadevi delegaci\u00f3n Jalisco, y luego de sostener una reuni\u00f3n con integrantes del equipo del nuevo gobierno, el representante de los desarrolladores a nivel nacional hizo referencia a los\u00a0<a href=\"https:\/\/centrourbano.com\/2018\/08\/30\/no-habra-cambios-inmediatos-en-subsidio\/\" target=\"_blank\" rel=\"noopener nofollow\">se\u00f1alamientos que realiz\u00f3 Armando Rosales<\/a>, propuesto para encabezar la Subsecretar\u00eda de Desarrollo Urbano y Vivienda. Dijo que inyecta confianza a la industria la apertura de las futuras autoridades y saber que tomar\u00e1n en consideraci\u00f3n a los empresarios en caso de contemplar cambios en las directrices del sector.<\/p>\n<p>\u201cObtener el compromiso por parte de la nueva administraci\u00f3n que no habr\u00e1 cambios en el corto plazo en las reglas de operaci\u00f3n y que pronto dar\u00e1n inicio las mesas de transici\u00f3n con los industriales del sector es un factor que nos da confianza (\u2026) El Dr. Rosales afirm\u00f3 que los cambios que se propongan se llevar\u00e1n a cabo en consenso con la industria y es un factor que nos da la confianza para mantener andando al tren de la vivienda\u201d, dijo el empresario.<\/p>\n<p>Por otro lado, el Presidente de Canadevi celebr\u00f3 que el pr\u00f3ximo Subsecretario, manifestar\u00e1 que el Infonavit \u201cno regresar\u00e1 a esquemas del pasado\u201d ni retomar\u00e1 la operaci\u00f3n de la L\u00ednea Uno. Subray\u00f3 que esta es una buena noticia para la industria.<\/p>\n<p><strong>Lo que viene<\/strong><\/p>\n<p>De cara a al inicio de las mesas de di\u00e1logo entre los actores de la industria y el pr\u00f3ximo gobierno, Carlos Medina precis\u00f3 que una de las\u00a0<strong>preocupaciones\u00a0<\/strong>principales del sector privado es el tema de la vivienda social. De manera particular, dijo que uno de los temas que m\u00e1s llama la atenci\u00f3n es la\u00a0<strong>viabilidad\u00a0<\/strong>de la vivienda social frente al incremento de insumos como la tierra intraurbana as\u00ed como el tema de la vivienda social subsidiada.<\/p>\n<p>Aunado a lo anterior, dijo que uno de los rubros por atender es conocer c\u00f3mo va a funcionar el sistema de evaluaci\u00f3n y qu\u00e9 tipo de reformas se proponen. Sobre todo, dijo, es tema prioritario conocer el presupuesto que se destinar\u00e1 en materia de subsidio para la vivienda,<\/p>\n<p>\u201cSi bien el Mtro. Meyer Falc\u00f3n y yo hemos tenido oportunidad de platicar sobre esto en m\u00faltiples ocasiones, hoy se ha dado un importante primer paso para que el futuro gabinete de la vivienda comunique en forma directa su visi\u00f3n a los industriales del sector, atienda nuestras preguntas y continuemos un di\u00e1logo propositivo que nos permita arrancar el primero de diciembre el programa de vivienda a toda marcha\u201d, coment\u00f3 Medina Rodr\u00edguez.<\/p>\n","protected":false},"excerpt":{"rendered":"<p>Por Edgar Rosas En reuni\u00f3n con Armando Rosales, futuro subsecretario de Sedatu, los desarrolladores se\u00f1alaron que unos de los temas prioritarios es conocer el presupuesto para subsidio Carlos Medina Rodr\u00edguez, presidente de la C\u00e1mara Nacional de la Industria de Desarrollo y Promoci\u00f3n de la Vivienda (Canadevi), se\u00f1al\u00f3 que para este sector la certidumbre es un [&hellip;]<\/p>\n","protected":false},"author":1,"featured_media":4311,"comment_status":"open","ping_status":"open","sticky":false,"template":"","format":"standard","meta":{"site-sidebar-layout":"default","site-content-layout":"","ast-site-content-layout":"default","site-content-style":"default","site-sidebar-style":"default","ast-global-header-display":"","ast-banner-title-visibility":"","ast-main-header-display":"","ast-hfb-above-header-display":"","ast-hfb-below-header-display":"","ast-hfb-mobile-header-display":"","site-post-title":"","ast-breadcrumbs-content":"","ast-featured-img":"","footer-sml-layout":"","ast-disable-related-posts":"","theme-transparent-header-meta":"","adv-header-id-meta":"","stick-header-meta":"","header-above-stick-meta":"","header-main-stick-meta":"","header-below-stick-meta":"","astra-migrate-meta-layouts":"default","ast-page-background-enabled":"default","ast-page-background-meta":{"desktop":{"background-color":"var(--ast-global-color-4)","background-image":"","background-repeat":"repeat","background-position":"center center","background-size":"auto","background-attachment":"scroll","background-type":"","background-media":"","overlay-type":"","overlay-color":"","overlay-opacity":"","overlay-gradient":""},"tablet":{"background-color":"","background-image":"","background-repeat":"repeat","background-position":"center center","background-size":"auto","background-attachment":"scroll","background-type":"","background-media":"","overlay-type":"","overlay-color":"","overlay-opacity":"","overlay-gradient":""},"mobile":{"background-color":"","background-image":"","background-repeat":"repeat","background-position":"center center","background-size":"auto","background-attachment":"scroll","background-type":"","background-media":"","overlay-type":"","overlay-color":"","overlay-opacity":"","overlay-gradient":""}},"ast-content-background-meta":{"desktop":{"background-color":"var(--ast-global-color-5)","background-image":"","background-repeat":"repeat","background-position":"center center","background-size":"auto","background-attachment":"scroll","background-type":"","background-media":"","overlay-type":"","overlay-color":"","overlay-opacity":"","overlay-gradient":""},"tablet":{"background-color":"var(--ast-global-color-5)","background-image":"","background-repeat":"repeat","background-position":"center center","background-size":"auto","background-attachment":"scroll","background-type":"","background-media":"","overlay-type":"","overlay-color":"","overlay-opacity":"","overlay-gradient":""},"mobile":{"background-color":"var(--ast-global-color-5)","background-image":"","background-repeat":"repeat","background-position":"center center","background-size":"auto","background-attachment":"scroll","background-type":"","background-media":"","overlay-type":"","overlay-color":"","overlay-opacity":"","overlay-gradient":""}},"footnotes":""},"categories":[4],"tags":[952,34,39],"class_list":["post-4310","post","type-post","status-publish","format-standard","has-post-thumbnail","hentry","category-noticias","tag-armando-rosales","tag-canadevi","tag-carlos-medina-rodriguez"],"_links":{"self":[{"href":"https:\/\/hombresymujeresdelacasa.com\/home\/wp-json\/wp\/v2\/posts\/4310","targetHints":{"allow":["GET"]}}],"collection":[{"href":"https:\/\/hombresymujeresdelacasa.com\/home\/wp-json\/wp\/v2\/posts"}],"about":[{"href":"https:\/\/hombresymujeresdelacasa.com\/home\/wp-json\/wp\/v2\/types\/post"}],"author":[{"embeddable":true,"href":"https:\/\/hombresymujeresdelacasa.com\/home\/wp-json\/wp\/v2\/users\/1"}],"replies":[{"embeddable":true,"href":"https:\/\/hombresymujeresdelacasa.com\/home\/wp-json\/wp\/v2\/comments?post=4310"}],"version-history":[{"count":1,"href":"https:\/\/hombresymujeresdelacasa.com\/home\/wp-json\/wp\/v2\/posts\/4310\/revisions"}],"predecessor-version":[{"id":4312,"href":"https:\/\/hombresymujeresdelacasa.com\/home\/wp-json\/wp\/v2\/posts\/4310\/revisions\/4312"}],"wp:featuredmedia":[{"embeddable":true,"href":"https:\/\/hombresymujeresdelacasa.com\/home\/wp-json\/wp\/v2\/media\/4311"}],"wp:attachment":[{"href":"https:\/\/hombresymujeresdelacasa.com\/home\/wp-json\/wp\/v2\/media?parent=4310"}],"wp:term":[{"taxonomy":"category","embeddable":true,"href":"https:\/\/hombresymujeresdelacasa.com\/home\/wp-json\/wp\/v2\/categories?post=4310"},{"taxonomy":"post_tag","embeddable":true,"href":"https:\/\/hombresymujeresdelacasa.com\/home\/wp-json\/wp\/v2\/tags?post=4310"}],"curies":[{"name":"wp","href":"https:\/\/api.w.org\/{rel}","templated":true}]}}