{"id":4307,"date":"2018-08-29T15:43:27","date_gmt":"2018-08-29T21:43:27","guid":{"rendered":"http:\/\/hombresymujeresdelacasa.com\/home\/?p=4307"},"modified":"2018-08-30T09:36:04","modified_gmt":"2018-08-30T15:36:04","slug":"cambiavit-generaria-derrama-por-40000-mdp","status":"publish","type":"post","link":"https:\/\/hombresymujeresdelacasa.com\/home\/cambiavit-generaria-derrama-por-40000-mdp\/","title":{"rendered":"Cambiavit generar\u00eda derrama por 40,000 mdp"},"content":{"rendered":"<p>Por Edgar Rosas<\/p>\n<p><em>El Infonavit y la AMPI firmaron un convenio para impulsar el esquema Cambiavit<\/em><span id=\"more-77315\"><\/span><\/p>\n<p>El programa de movilidad hipotecaria \u2018<a href=\"https:\/\/centrourbano.com\/2018\/05\/07\/lanza-infonavit-esquema-cambiar-vivienda\/\" target=\"_blank\" rel=\"noopener noreferrer nofollow\">Cambiavit<\/a>\u2019, puesto en marcha por el\u00a0<a href=\"http:\/\/infonavit.org.mx\/\" target=\"_blank\" rel=\"noopener noreferrer nofollow\">Infonavit<\/a>, podr\u00eda generar una derrama del orden de los 40,000 mdp en los pr\u00f3ximos 5 a\u00f1os, se\u00f1al\u00f3\u00a0<a href=\"https:\/\/twitter.com\/davidpenchyna\" target=\"_blank\" rel=\"noopener noreferrer nofollow\">David Penchyna Grub<\/a>, director general del organismo.<\/p>\n<p>En el marco de la\u00a0<strong>firma de convenio<\/strong>\u00a0entre Infonavit y AMPI, con el que impulsar\u00e1n la penetraci\u00f3n de este esquema, el directivo asegur\u00f3 que el mercado de la movilidad tiene un gran potencial. Dijo que, debido a las condiciones laborales o familiares, la necesidad de cambiar de casa es cada vez m\u00e1s recurrente entre las familias.<\/p>\n<p>\u201cHemos comprobado en los hechos que la demanda potencial est\u00e1 ah\u00ed y crecer\u00e1 en los pr\u00f3ximos a\u00f1os. Sin embargo, necesitamos de la experiencia, la cobertura y el profesionalismo de la AMPI para que todos aquellos que necesiten cambiar de casa a trav\u00e9s del Infonavit, lo puedan hacer de manera m\u00e1s r\u00e1pida y sencilla\u201d, dijo.<\/p>\n<p>En su participaci\u00f3n, Penchyna asegur\u00f3 que con la puesta en marcha de Cambiavit, y con la firma del convenio con los profesionales inmobiliarios, se impulsar\u00e1 el\u00a0<strong>mercado secundario<\/strong>\u00a0de la vivienda. Subray\u00f3 que de cara al cambio de administraci\u00f3n \u201cdejaremos en marcha esta nueva alternativa crediticia para adquirir o cambiar una vivienda. Un nuevo pilar que hace m\u00e1s fuerte al INFONAVIT y tendr\u00e1 que seguir creciendo, en beneficio de los derechohabientes\u201d.<\/p>\n<p>El organismo explic\u00f3 que con el convenio firmado se impulsar\u00e1 la especializaci\u00f3n en el producto Cambiavit de los agentes inmobiliarios afiliados a la AMPI. El objetivo, dijo, es sumar esfuerzos para atender a los trabajadores que desean cambiar su vivienda bajo este esquema.<\/p>\n<p>En tal sentido, de acuerdo con<strong>\u00a0Alejandro Kuri Pheres<\/strong>, presidente de AMPI, el compromiso adquirido por la Asociaci\u00f3n es atender a 120,000 trabajadores al a\u00f1o que deseen cambiar de vivienda bajo el esquema Cambiavit.<\/p>\n<blockquote class=\"twitter-tweet\" data-lang=\"es\">\n<p dir=\"ltr\" lang=\"es\">Habla <a href=\"https:\/\/twitter.com\/davidpenchyna?ref_src=twsrc%5Etfw\" rel=\"nofollow noopener\" target=\"_blank\">@davidpenchyna<\/a>, director general del <a href=\"https:\/\/twitter.com\/Infonavit?ref_src=twsrc%5Etfw\" rel=\"nofollow noopener\" target=\"_blank\">@Infonavit<\/a> <a href=\"https:\/\/twitter.com\/hashtag\/CoberturaCU?src=hash&amp;ref_src=twsrc%5Etfw\" rel=\"nofollow noopener\" target=\"_blank\">#CoberturaCU<\/a> <a href=\"https:\/\/t.co\/bXl1wsZWRf\" rel=\"nofollow\">https:\/\/t.co\/bXl1wsZWRf<\/a><\/p>\n<p>\u2014 Centro Urbano (@CentroUrbano) <a href=\"https:\/\/twitter.com\/CentroUrbano\/status\/1034866452807835649?ref_src=twsrc%5Etfw\" rel=\"nofollow noopener\" target=\"_blank\">29 de agosto de 2018<\/a><\/p><\/blockquote>\n<p><script async src=\"https:\/\/platform.twitter.com\/widgets.js\" charset=\"utf-8\"><\/script><\/p>\n","protected":false},"excerpt":{"rendered":"<p>Por Edgar Rosas El Infonavit y la AMPI firmaron un convenio para impulsar el esquema Cambiavit El programa de movilidad hipotecaria \u2018Cambiavit\u2019, puesto en marcha por el\u00a0Infonavit, podr\u00eda generar una derrama del orden de los 40,000 mdp en los pr\u00f3ximos 5 a\u00f1os, se\u00f1al\u00f3\u00a0David Penchyna Grub, director general del organismo. En el marco de la\u00a0firma de [&hellip;]<\/p>\n","protected":false},"author":1,"featured_media":4308,"comment_status":"open","ping_status":"open","sticky":false,"template":"","format":"standard","meta":{"site-sidebar-layout":"default","site-content-layout":"","ast-site-content-layout":"default","site-content-style":"default","site-sidebar-style":"default","ast-global-header-display":"","ast-banner-title-visibility":"","ast-main-header-display":"","ast-hfb-above-header-display":"","ast-hfb-below-header-display":"","ast-hfb-mobile-header-display":"","site-post-title":"","ast-breadcrumbs-content":"","ast-featured-img":"","footer-sml-layout":"","ast-disable-related-posts":"","theme-transparent-header-meta":"","adv-header-id-meta":"","stick-header-meta":"","header-above-stick-meta":"","header-main-stick-meta":"","header-below-stick-meta":"","astra-migrate-meta-layouts":"default","ast-page-background-enabled":"default","ast-page-background-meta":{"desktop":{"background-color":"var(--ast-global-color-4)","background-image":"","background-repeat":"repeat","background-position":"center center","background-size":"auto","background-attachment":"scroll","background-type":"","background-media":"","overlay-type":"","overlay-color":"","overlay-opacity":"","overlay-gradient":""},"tablet":{"background-color":"","background-image":"","background-repeat":"repeat","background-position":"center center","background-size":"auto","background-attachment":"scroll","background-type":"","background-media":"","overlay-type":"","overlay-color":"","overlay-opacity":"","overlay-gradient":""},"mobile":{"background-color":"","background-image":"","background-repeat":"repeat","background-position":"center center","background-size":"auto","background-attachment":"scroll","background-type":"","background-media":"","overlay-type":"","overlay-color":"","overlay-opacity":"","overlay-gradient":""}},"ast-content-background-meta":{"desktop":{"background-color":"var(--ast-global-color-5)","background-image":"","background-repeat":"repeat","background-position":"center center","background-size":"auto","background-attachment":"scroll","background-type":"","background-media":"","overlay-type":"","overlay-color":"","overlay-opacity":"","overlay-gradient":""},"tablet":{"background-color":"var(--ast-global-color-5)","background-image":"","background-repeat":"repeat","background-position":"center center","background-size":"auto","background-attachment":"scroll","background-type":"","background-media":"","overlay-type":"","overlay-color":"","overlay-opacity":"","overlay-gradient":""},"mobile":{"background-color":"var(--ast-global-color-5)","background-image":"","background-repeat":"repeat","background-position":"center center","background-size":"auto","background-attachment":"scroll","background-type":"","background-media":"","overlay-type":"","overlay-color":"","overlay-opacity":"","overlay-gradient":""}},"footnotes":""},"categories":[4],"tags":[872,14,766,951,757,60,102,630],"class_list":["post-4307","post","type-post","status-publish","format-standard","has-post-thumbnail","hentry","category-noticias","tag-alejandro-kuri-pheres","tag-ampi","tag-asociacion-mexicana-de-profesionales-inmobiliarios","tag-cambiar-casa","tag-cambiavit","tag-david-penchyna-grub","tag-infonavit","tag-movilidad"],"_links":{"self":[{"href":"https:\/\/hombresymujeresdelacasa.com\/home\/wp-json\/wp\/v2\/posts\/4307","targetHints":{"allow":["GET"]}}],"collection":[{"href":"https:\/\/hombresymujeresdelacasa.com\/home\/wp-json\/wp\/v2\/posts"}],"about":[{"href":"https:\/\/hombresymujeresdelacasa.com\/home\/wp-json\/wp\/v2\/types\/post"}],"author":[{"embeddable":true,"href":"https:\/\/hombresymujeresdelacasa.com\/home\/wp-json\/wp\/v2\/users\/1"}],"replies":[{"embeddable":true,"href":"https:\/\/hombresymujeresdelacasa.com\/home\/wp-json\/wp\/v2\/comments?post=4307"}],"version-history":[{"count":1,"href":"https:\/\/hombresymujeresdelacasa.com\/home\/wp-json\/wp\/v2\/posts\/4307\/revisions"}],"predecessor-version":[{"id":4309,"href":"https:\/\/hombresymujeresdelacasa.com\/home\/wp-json\/wp\/v2\/posts\/4307\/revisions\/4309"}],"wp:featuredmedia":[{"embeddable":true,"href":"https:\/\/hombresymujeresdelacasa.com\/home\/wp-json\/wp\/v2\/media\/4308"}],"wp:attachment":[{"href":"https:\/\/hombresymujeresdelacasa.com\/home\/wp-json\/wp\/v2\/media?parent=4307"}],"wp:term":[{"taxonomy":"category","embeddable":true,"href":"https:\/\/hombresymujeresdelacasa.com\/home\/wp-json\/wp\/v2\/categories?post=4307"},{"taxonomy":"post_tag","embeddable":true,"href":"https:\/\/hombresymujeresdelacasa.com\/home\/wp-json\/wp\/v2\/tags?post=4307"}],"curies":[{"name":"wp","href":"https:\/\/api.w.org\/{rel}","templated":true}]}}