{"id":4300,"date":"2018-08-30T08:34:34","date_gmt":"2018-08-30T14:34:34","guid":{"rendered":"http:\/\/hombresymujeresdelacasa.com\/home\/?p=4300"},"modified":"2018-08-30T09:25:29","modified_gmt":"2018-08-30T15:25:29","slug":"no-habra-cambios-en-subsidio-en-el-inicio-de-gobierno-rosales","status":"publish","type":"post","link":"https:\/\/hombresymujeresdelacasa.com\/home\/no-habra-cambios-en-subsidio-en-el-inicio-de-gobierno-rosales\/","title":{"rendered":"No habr\u00e1 cambios en subsidio en el inicio de gobierno: Rosales"},"content":{"rendered":"<p>Por Edgar Rosas<\/p>\n<p><em>El elegido para ocupar la subsecretar\u00eda de Desarrollo Urbano y Vivienda asegur\u00f3 que de darse cambios ser\u00edan a largo plazo<\/em><span id=\"more-77341\"><\/span><\/p>\n<p>En la pr\u00f3xima administraci\u00f3n, que inicia el 1 de diciembre, no se contemplan cambios sustanciales en las reglas de subsidio, asegur\u00f3\u00a0<strong>Armando Rosales<\/strong>, propuesto para encabezar la Subsecretar\u00eda de Desarrollo Urbano y Vivienda de la\u00a0<strong>Sedatu<\/strong>\u00a0en el gobierno que encabezar\u00e1 Andr\u00e9s Manuel L\u00f3pez Obrador.<\/p>\n<p>Al participar en la jornada inaugural de la reuni\u00f3n nacional que realiza la C\u00e1mara Nacional de la Industria de Desarrollo y Promoci\u00f3n de la Vivienda (<strong>Canadevi<\/strong>)\u00a0<a href=\"https:\/\/twitter.com\/CanadeviJalisco\" target=\"_blank\" rel=\"noopener nofollow\">delegaci\u00f3n Jalisco<\/a>, el futuro funcionario subray\u00f3 que la industria seguir\u00e1 trabajando como hasta ahora. No obstante, dijo, si se llegar\u00e1n a plantear cambios, estos ser\u00edan con visi\u00f3n a largo plazo.<\/p>\n<p>En su participaci\u00f3n y ante desarrolladores de todo el pa\u00eds, Rosales consider\u00f3 que uno de los grandes retos para el sector en los a\u00f1os venideros es la atenci\u00f3n a los\u00a0<strong>no afiliados<\/strong>. Enfatiz\u00f3 la necesidad de impulsar que este sector de la poblaci\u00f3n pueda acceder a un cr\u00e9dito para adquisici\u00f3n.<\/p>\n<p>Cabe recordar que el nuevo gobierno ha planteado como punto prioritario la atenci\u00f3n en materia de vivienda al segmento social y no afiliados. Entre otras cosas, han propuesto la realizaci\u00f3n de 1 mill\u00f3n de acciones de vivienda por a\u00f1o, as\u00ed como la creaci\u00f3n de un banco de suelo.<\/p>\n<p>Aunado a lo anterior, en \u00faltimas fechas, integrantes de Sedatu en el pr\u00f3ximo gobierno han se\u00f1alado que se buscar\u00e1\u00a0<strong>aumentar\u00a0<\/strong>el monto de inversi\u00f3n destinado para subsidio.<\/p>\n","protected":false},"excerpt":{"rendered":"<p>Por Edgar Rosas El elegido para ocupar la subsecretar\u00eda de Desarrollo Urbano y Vivienda asegur\u00f3 que de darse cambios ser\u00edan a largo plazo En la pr\u00f3xima administraci\u00f3n, que inicia el 1 de diciembre, no se contemplan cambios sustanciales en las reglas de subsidio, asegur\u00f3\u00a0Armando Rosales, propuesto para encabezar la Subsecretar\u00eda de Desarrollo Urbano y Vivienda [&hellip;]<\/p>\n","protected":false},"author":1,"featured_media":4301,"comment_status":"open","ping_status":"open","sticky":false,"template":"","format":"standard","meta":{"site-sidebar-layout":"default","site-content-layout":"","ast-site-content-layout":"default","site-content-style":"default","site-sidebar-style":"default","ast-global-header-display":"","ast-banner-title-visibility":"","ast-main-header-display":"","ast-hfb-above-header-display":"","ast-hfb-below-header-display":"","ast-hfb-mobile-header-display":"","site-post-title":"","ast-breadcrumbs-content":"","ast-featured-img":"","footer-sml-layout":"","ast-disable-related-posts":"","theme-transparent-header-meta":"","adv-header-id-meta":"","stick-header-meta":"","header-above-stick-meta":"","header-main-stick-meta":"","header-below-stick-meta":"","astra-migrate-meta-layouts":"default","ast-page-background-enabled":"default","ast-page-background-meta":{"desktop":{"background-color":"var(--ast-global-color-4)","background-image":"","background-repeat":"repeat","background-position":"center center","background-size":"auto","background-attachment":"scroll","background-type":"","background-media":"","overlay-type":"","overlay-color":"","overlay-opacity":"","overlay-gradient":""},"tablet":{"background-color":"","background-image":"","background-repeat":"repeat","background-position":"center center","background-size":"auto","background-attachment":"scroll","background-type":"","background-media":"","overlay-type":"","overlay-color":"","overlay-opacity":"","overlay-gradient":""},"mobile":{"background-color":"","background-image":"","background-repeat":"repeat","background-position":"center center","background-size":"auto","background-attachment":"scroll","background-type":"","background-media":"","overlay-type":"","overlay-color":"","overlay-opacity":"","overlay-gradient":""}},"ast-content-background-meta":{"desktop":{"background-color":"var(--ast-global-color-5)","background-image":"","background-repeat":"repeat","background-position":"center center","background-size":"auto","background-attachment":"scroll","background-type":"","background-media":"","overlay-type":"","overlay-color":"","overlay-opacity":"","overlay-gradient":""},"tablet":{"background-color":"var(--ast-global-color-5)","background-image":"","background-repeat":"repeat","background-position":"center center","background-size":"auto","background-attachment":"scroll","background-type":"","background-media":"","overlay-type":"","overlay-color":"","overlay-opacity":"","overlay-gradient":""},"mobile":{"background-color":"var(--ast-global-color-5)","background-image":"","background-repeat":"repeat","background-position":"center center","background-size":"auto","background-attachment":"scroll","background-type":"","background-media":"","overlay-type":"","overlay-color":"","overlay-opacity":"","overlay-gradient":""}},"footnotes":""},"categories":[4],"tags":[],"class_list":["post-4300","post","type-post","status-publish","format-standard","has-post-thumbnail","hentry","category-noticias"],"_links":{"self":[{"href":"https:\/\/hombresymujeresdelacasa.com\/home\/wp-json\/wp\/v2\/posts\/4300","targetHints":{"allow":["GET"]}}],"collection":[{"href":"https:\/\/hombresymujeresdelacasa.com\/home\/wp-json\/wp\/v2\/posts"}],"about":[{"href":"https:\/\/hombresymujeresdelacasa.com\/home\/wp-json\/wp\/v2\/types\/post"}],"author":[{"embeddable":true,"href":"https:\/\/hombresymujeresdelacasa.com\/home\/wp-json\/wp\/v2\/users\/1"}],"replies":[{"embeddable":true,"href":"https:\/\/hombresymujeresdelacasa.com\/home\/wp-json\/wp\/v2\/comments?post=4300"}],"version-history":[{"count":1,"href":"https:\/\/hombresymujeresdelacasa.com\/home\/wp-json\/wp\/v2\/posts\/4300\/revisions"}],"predecessor-version":[{"id":4302,"href":"https:\/\/hombresymujeresdelacasa.com\/home\/wp-json\/wp\/v2\/posts\/4300\/revisions\/4302"}],"wp:featuredmedia":[{"embeddable":true,"href":"https:\/\/hombresymujeresdelacasa.com\/home\/wp-json\/wp\/v2\/media\/4301"}],"wp:attachment":[{"href":"https:\/\/hombresymujeresdelacasa.com\/home\/wp-json\/wp\/v2\/media?parent=4300"}],"wp:term":[{"taxonomy":"category","embeddable":true,"href":"https:\/\/hombresymujeresdelacasa.com\/home\/wp-json\/wp\/v2\/categories?post=4300"},{"taxonomy":"post_tag","embeddable":true,"href":"https:\/\/hombresymujeresdelacasa.com\/home\/wp-json\/wp\/v2\/tags?post=4300"}],"curies":[{"name":"wp","href":"https:\/\/api.w.org\/{rel}","templated":true}]}}