{"id":4265,"date":"2018-08-23T19:07:56","date_gmt":"2018-08-24T01:07:56","guid":{"rendered":"http:\/\/hombresymujeresdelacasa.com\/home\/?p=4265"},"modified":"2018-08-24T09:17:37","modified_gmt":"2018-08-24T15:17:37","slug":"ruv-tiene-nuevo-director-general","status":"publish","type":"post","link":"https:\/\/hombresymujeresdelacasa.com\/home\/ruv-tiene-nuevo-director-general\/","title":{"rendered":"RUV tiene nuevo Director General"},"content":{"rendered":"<p>Por Edgar Rosas<\/p>\n<p><em>El anuncio se realiz\u00f3 este jueves, con lo que termina el ciclo de Luis Alv\u00eddrez al frente del organismo<\/em><span id=\"more-76973\"><\/span><\/p>\n<p><strong>Roberto Michel Padilla<\/strong>\u00a0fue presentado como nuevo titular del Registro \u00danico de Vivienda (<strong>RUV<\/strong>). El licenciado en Econom\u00eda por la Universidad de Guadalajara llega a sustituir a\u00a0<a href=\"https:\/\/twitter.com\/lfalvidrez\" target=\"_blank\" rel=\"noopener nofollow\">Luis Fernando Alv\u00eddrez D\u00edaz<\/a>, quien ocup\u00f3 el cargo desde enero de 2016.<\/p>\n<p>El nuevo titular del RUV cuenta con una vasta trayectoria en el servicio p\u00fablico. De manera particular, Michel Padilla ha desarrollado su carrera en puestos relacionados con la rendici\u00f3n de cuentas.<\/p>\n<p>Entre otras cosas, se destaca su paso por la Secretar\u00eda de la Funci\u00f3n P\u00fablica (<strong>SFP<\/strong>) como Contralor general, donde fue nombrado por el presidente Enrique Pe\u00f1a Nieto. Aunado a lo anterior, se desempe\u00f1\u00f3 como Gerente de Auditoria Interna en el\u00a0<strong>Infonavit<\/strong>, \u00faltimo cargo desempe\u00f1ado.<\/p>\n<p>En el sector de la vivienda, adem\u00e1s de su reciente paso por el Infonavit, Michel Padilla particip\u00f3 en el Fondo de la Vivienda del Issste (<strong>Fovissste<\/strong>), organismo en el que se desempe\u00f1\u00f3 como Subdirector de Planeaci\u00f3n y Finanzas.<\/p>\n<p>Cabe se\u00f1alar que durante la gesti\u00f3n de Luis Fernando Alv\u00eddrez, el RUv consigui\u00f3 logros importantes. Entre ellos, la firma de un convenio con la Asociaci\u00f3n de Bancos de M\u00e9xico (ABM), Fovissste, entre otros.<\/p>\n","protected":false},"excerpt":{"rendered":"<p>Por Edgar Rosas El anuncio se realiz\u00f3 este jueves, con lo que termina el ciclo de Luis Alv\u00eddrez al frente del organismo Roberto Michel Padilla\u00a0fue presentado como nuevo titular del Registro \u00danico de Vivienda (RUV). El licenciado en Econom\u00eda por la Universidad de Guadalajara llega a sustituir a\u00a0Luis Fernando Alv\u00eddrez D\u00edaz, quien ocup\u00f3 el cargo [&hellip;]<\/p>\n","protected":false},"author":1,"featured_media":4266,"comment_status":"open","ping_status":"open","sticky":false,"template":"","format":"standard","meta":{"site-sidebar-layout":"default","site-content-layout":"","ast-site-content-layout":"default","site-content-style":"default","site-sidebar-style":"default","ast-global-header-display":"","ast-banner-title-visibility":"","ast-main-header-display":"","ast-hfb-above-header-display":"","ast-hfb-below-header-display":"","ast-hfb-mobile-header-display":"","site-post-title":"","ast-breadcrumbs-content":"","ast-featured-img":"","footer-sml-layout":"","ast-disable-related-posts":"","theme-transparent-header-meta":"","adv-header-id-meta":"","stick-header-meta":"","header-above-stick-meta":"","header-main-stick-meta":"","header-below-stick-meta":"","astra-migrate-meta-layouts":"default","ast-page-background-enabled":"default","ast-page-background-meta":{"desktop":{"background-color":"var(--ast-global-color-4)","background-image":"","background-repeat":"repeat","background-position":"center center","background-size":"auto","background-attachment":"scroll","background-type":"","background-media":"","overlay-type":"","overlay-color":"","overlay-opacity":"","overlay-gradient":""},"tablet":{"background-color":"","background-image":"","background-repeat":"repeat","background-position":"center center","background-size":"auto","background-attachment":"scroll","background-type":"","background-media":"","overlay-type":"","overlay-color":"","overlay-opacity":"","overlay-gradient":""},"mobile":{"background-color":"","background-image":"","background-repeat":"repeat","background-position":"center center","background-size":"auto","background-attachment":"scroll","background-type":"","background-media":"","overlay-type":"","overlay-color":"","overlay-opacity":"","overlay-gradient":""}},"ast-content-background-meta":{"desktop":{"background-color":"var(--ast-global-color-5)","background-image":"","background-repeat":"repeat","background-position":"center center","background-size":"auto","background-attachment":"scroll","background-type":"","background-media":"","overlay-type":"","overlay-color":"","overlay-opacity":"","overlay-gradient":""},"tablet":{"background-color":"var(--ast-global-color-5)","background-image":"","background-repeat":"repeat","background-position":"center center","background-size":"auto","background-attachment":"scroll","background-type":"","background-media":"","overlay-type":"","overlay-color":"","overlay-opacity":"","overlay-gradient":""},"mobile":{"background-color":"var(--ast-global-color-5)","background-image":"","background-repeat":"repeat","background-position":"center center","background-size":"auto","background-attachment":"scroll","background-type":"","background-media":"","overlay-type":"","overlay-color":"","overlay-opacity":"","overlay-gradient":""}},"footnotes":""},"categories":[4],"tags":[936,529,937,139,177],"class_list":["post-4265","post","type-post","status-publish","format-standard","has-post-thumbnail","hentry","category-noticias","tag-luis-alvidrez","tag-registro-unico-de-vivienda","tag-roberto-michel","tag-ruv","tag-vivienda"],"_links":{"self":[{"href":"https:\/\/hombresymujeresdelacasa.com\/home\/wp-json\/wp\/v2\/posts\/4265","targetHints":{"allow":["GET"]}}],"collection":[{"href":"https:\/\/hombresymujeresdelacasa.com\/home\/wp-json\/wp\/v2\/posts"}],"about":[{"href":"https:\/\/hombresymujeresdelacasa.com\/home\/wp-json\/wp\/v2\/types\/post"}],"author":[{"embeddable":true,"href":"https:\/\/hombresymujeresdelacasa.com\/home\/wp-json\/wp\/v2\/users\/1"}],"replies":[{"embeddable":true,"href":"https:\/\/hombresymujeresdelacasa.com\/home\/wp-json\/wp\/v2\/comments?post=4265"}],"version-history":[{"count":1,"href":"https:\/\/hombresymujeresdelacasa.com\/home\/wp-json\/wp\/v2\/posts\/4265\/revisions"}],"predecessor-version":[{"id":4267,"href":"https:\/\/hombresymujeresdelacasa.com\/home\/wp-json\/wp\/v2\/posts\/4265\/revisions\/4267"}],"wp:featuredmedia":[{"embeddable":true,"href":"https:\/\/hombresymujeresdelacasa.com\/home\/wp-json\/wp\/v2\/media\/4266"}],"wp:attachment":[{"href":"https:\/\/hombresymujeresdelacasa.com\/home\/wp-json\/wp\/v2\/media?parent=4265"}],"wp:term":[{"taxonomy":"category","embeddable":true,"href":"https:\/\/hombresymujeresdelacasa.com\/home\/wp-json\/wp\/v2\/categories?post=4265"},{"taxonomy":"post_tag","embeddable":true,"href":"https:\/\/hombresymujeresdelacasa.com\/home\/wp-json\/wp\/v2\/tags?post=4265"}],"curies":[{"name":"wp","href":"https:\/\/api.w.org\/{rel}","templated":true}]}}