{"id":4258,"date":"2018-08-22T17:56:56","date_gmt":"2018-08-22T23:56:56","guid":{"rendered":"http:\/\/hombresymujeresdelacasa.com\/home\/?p=4258"},"modified":"2018-08-23T09:54:46","modified_gmt":"2018-08-23T15:54:46","slug":"necesario-encausar-vivienda-con-capital-semilla-canadevi","status":"publish","type":"post","link":"https:\/\/hombresymujeresdelacasa.com\/home\/necesario-encausar-vivienda-con-capital-semilla-canadevi\/","title":{"rendered":"Necesario encausar vivienda con capital semilla: Canadevi"},"content":{"rendered":"<p>Fernando Navarrete<\/p>\n<p><em>La C\u00e1mara de vivienda ha mantenido comunicaci\u00f3n con pr\u00f3xima administraci\u00f3n para llegar a personas de bajos recursos\u00a0<\/em><span id=\"more-76882\"><\/span><\/p>\n<p>El principal reto para el pa\u00eds dentro de los pr\u00f3ximos 10 o 15 a\u00f1os en materia de\u00a0<strong>vivienda<\/strong>, ser\u00e1 impulsar\u00a0este segmento a partir de\u00a0inversiones y apoyo a programas para llegar a los mexicanos que no han podido tener acceso a una casa.<\/p>\n<p>En entrevista\u00a0<strong>Desde Centro Urbano<\/strong>,\u00a0<strong>Carlos Medina Rodr\u00edguez<\/strong>, presidente de la C\u00e1mara Nacional de la Industria de Desarrollo y Promoci\u00f3n de Vivienda (<a href=\"https:\/\/www.canadevi.com.mx\/\" target=\"_blank\" rel=\"noopener noreferrer nofollow\"><strong>CANADEVI<\/strong><\/a>) indic\u00f3 que se requiere de\u00a0un esquema de apoyo a personas necesitadas de vivienda\u00a0para detonar otros sectores involucrados.<\/p>\n<p>\u201cDebemos dejar de llamar lo que com\u00fanmente hacemos como\u00a0<strong>subsidio<\/strong>, este es un\u00a0<strong>capital semilla<\/strong>\u00a0que apoya a la vivienda, que genera empleos, genera econom\u00eda y que ayuda a la gente de menor recurso a obtener una vivienda que tal vez por s\u00ed solos no pudieran llegar\u201d, destac\u00f3 el empresario.<\/p>\n<p>Medina Rodr\u00edguez inform\u00f3 que para lograrlo se han mantenido constantemente en comunicaci\u00f3n con quien ser\u00eda el pr\u00f3ximo titular de la\u00a0<a href=\"https:\/\/www.gob.mx\/sedatu\" target=\"_blank\" rel=\"noopener noreferrer nofollow\"><strong>Sedatu<\/strong><\/a>, Rom\u00e1n Meyer a quien entregar\u00e1n un documento con seis ejes para atender los retos en la pr\u00f3xima administraci\u00f3n.<\/p>\n<p>\u201cHemos tenido una comunicaci\u00f3n constante [\u2026] Vemos mucha sinergia y similitudes en ideas, muchos nichos de oportunidad. En septiembre estaremos llevando a cabo estas mesas de trabajo de transici\u00f3n en la que nos han invitado a participar. Lo que si vemos es que est\u00e1n muy encausados hacia la vivienda social y la vivienda sustentable\u201d, relat\u00f3.<\/p>\n<p>Agreg\u00f3 que en los \u00faltimos a\u00f1os los n\u00fameros de vivienda social han ido a la baja porque cada vez es m\u00e1s complejo conseguir tierra\u00a0construir, as\u00ed como los incentivos para que los desarrolladores puedan generar proyectos y los insumos\u00a0no impacten demasiado en los desarrollos.<\/p>\n","protected":false},"excerpt":{"rendered":"<p>Fernando Navarrete La C\u00e1mara de vivienda ha mantenido comunicaci\u00f3n con pr\u00f3xima administraci\u00f3n para llegar a personas de bajos recursos\u00a0 El principal reto para el pa\u00eds dentro de los pr\u00f3ximos 10 o 15 a\u00f1os en materia de\u00a0vivienda, ser\u00e1 impulsar\u00a0este segmento a partir de\u00a0inversiones y apoyo a programas para llegar a los mexicanos que no han podido [&hellip;]<\/p>\n","protected":false},"author":1,"featured_media":4259,"comment_status":"open","ping_status":"open","sticky":false,"template":"","format":"standard","meta":{"site-sidebar-layout":"default","site-content-layout":"","ast-site-content-layout":"default","site-content-style":"default","site-sidebar-style":"default","ast-global-header-display":"","ast-banner-title-visibility":"","ast-main-header-display":"","ast-hfb-above-header-display":"","ast-hfb-below-header-display":"","ast-hfb-mobile-header-display":"","site-post-title":"","ast-breadcrumbs-content":"","ast-featured-img":"","footer-sml-layout":"","ast-disable-related-posts":"","theme-transparent-header-meta":"","adv-header-id-meta":"","stick-header-meta":"","header-above-stick-meta":"","header-main-stick-meta":"","header-below-stick-meta":"","astra-migrate-meta-layouts":"default","ast-page-background-enabled":"default","ast-page-background-meta":{"desktop":{"background-color":"var(--ast-global-color-4)","background-image":"","background-repeat":"repeat","background-position":"center center","background-size":"auto","background-attachment":"scroll","background-type":"","background-media":"","overlay-type":"","overlay-color":"","overlay-opacity":"","overlay-gradient":""},"tablet":{"background-color":"","background-image":"","background-repeat":"repeat","background-position":"center center","background-size":"auto","background-attachment":"scroll","background-type":"","background-media":"","overlay-type":"","overlay-color":"","overlay-opacity":"","overlay-gradient":""},"mobile":{"background-color":"","background-image":"","background-repeat":"repeat","background-position":"center center","background-size":"auto","background-attachment":"scroll","background-type":"","background-media":"","overlay-type":"","overlay-color":"","overlay-opacity":"","overlay-gradient":""}},"ast-content-background-meta":{"desktop":{"background-color":"var(--ast-global-color-5)","background-image":"","background-repeat":"repeat","background-position":"center center","background-size":"auto","background-attachment":"scroll","background-type":"","background-media":"","overlay-type":"","overlay-color":"","overlay-opacity":"","overlay-gradient":""},"tablet":{"background-color":"var(--ast-global-color-5)","background-image":"","background-repeat":"repeat","background-position":"center center","background-size":"auto","background-attachment":"scroll","background-type":"","background-media":"","overlay-type":"","overlay-color":"","overlay-opacity":"","overlay-gradient":""},"mobile":{"background-color":"var(--ast-global-color-5)","background-image":"","background-repeat":"repeat","background-position":"center center","background-size":"auto","background-attachment":"scroll","background-type":"","background-media":"","overlay-type":"","overlay-color":"","overlay-opacity":"","overlay-gradient":""}},"footnotes":""},"categories":[2],"tags":[34,934,39,932,933,178,935],"class_list":["post-4258","post","type-post","status-publish","format-standard","has-post-thumbnail","hentry","category-entrevistas","tag-canadevi","tag-capital-semilla","tag-carlos-medina-rodriguez","tag-roman-meyer","tag-subsisdios","tag-vivienda-social","tag-vvivienda-sustentable"],"_links":{"self":[{"href":"https:\/\/hombresymujeresdelacasa.com\/home\/wp-json\/wp\/v2\/posts\/4258","targetHints":{"allow":["GET"]}}],"collection":[{"href":"https:\/\/hombresymujeresdelacasa.com\/home\/wp-json\/wp\/v2\/posts"}],"about":[{"href":"https:\/\/hombresymujeresdelacasa.com\/home\/wp-json\/wp\/v2\/types\/post"}],"author":[{"embeddable":true,"href":"https:\/\/hombresymujeresdelacasa.com\/home\/wp-json\/wp\/v2\/users\/1"}],"replies":[{"embeddable":true,"href":"https:\/\/hombresymujeresdelacasa.com\/home\/wp-json\/wp\/v2\/comments?post=4258"}],"version-history":[{"count":1,"href":"https:\/\/hombresymujeresdelacasa.com\/home\/wp-json\/wp\/v2\/posts\/4258\/revisions"}],"predecessor-version":[{"id":4260,"href":"https:\/\/hombresymujeresdelacasa.com\/home\/wp-json\/wp\/v2\/posts\/4258\/revisions\/4260"}],"wp:featuredmedia":[{"embeddable":true,"href":"https:\/\/hombresymujeresdelacasa.com\/home\/wp-json\/wp\/v2\/media\/4259"}],"wp:attachment":[{"href":"https:\/\/hombresymujeresdelacasa.com\/home\/wp-json\/wp\/v2\/media?parent=4258"}],"wp:term":[{"taxonomy":"category","embeddable":true,"href":"https:\/\/hombresymujeresdelacasa.com\/home\/wp-json\/wp\/v2\/categories?post=4258"},{"taxonomy":"post_tag","embeddable":true,"href":"https:\/\/hombresymujeresdelacasa.com\/home\/wp-json\/wp\/v2\/tags?post=4258"}],"curies":[{"name":"wp","href":"https:\/\/api.w.org\/{rel}","templated":true}]}}