{"id":4252,"date":"2018-08-21T17:19:31","date_gmt":"2018-08-21T23:19:31","guid":{"rendered":"http:\/\/hombresymujeresdelacasa.com\/home\/?p=4252"},"modified":"2018-08-22T09:28:34","modified_gmt":"2018-08-22T15:28:34","slug":"inauguran-aulas-moviles-en-merida-para-combatir-rezago","status":"publish","type":"post","link":"https:\/\/hombresymujeresdelacasa.com\/home\/inauguran-aulas-moviles-en-merida-para-combatir-rezago\/","title":{"rendered":"Inauguran aulas m\u00f3viles en M\u00e9rida para combatir rezago"},"content":{"rendered":"<p>Por Fernando Navarrete<\/p>\n<p><em>AT&amp;T y la fundaci\u00f3n Construyendo y Creciendo realizaron una inversi\u00f3n de\u00a0$1 mill\u00f3n 650,000 pesos para este proyecto\u00a0<\/em><span id=\"more-76800\"><\/span><\/p>\n<p>Para combatir el rezago educativo y ofrecer m\u00e1s espacios a capacitadores en la zona,\u00a0<strong><a href=\"https:\/\/www.att.com.mx\/\" target=\"_blank\" rel=\"noopener noreferrer nofollow\">AT&amp;T<\/a><\/strong>\u00a0y la fundaci\u00f3n\u00a0<strong>Construyendo y Creciendo<\/strong>\u00a0inauguraron dos\u00a0nuevas<b>\u00a0aulas m\u00f3viles<\/b>\u00a0en M\u00e9rida, Yucat\u00e1n, con la que buscan beneficiar a m\u00e1s de\u00a01,600 personas al a\u00f1o a terminar sus estudios.<\/p>\n<p>Para este proyecto se requiri\u00f3 de una inversi\u00f3n de m\u00e1s de $1 mill\u00f3n 650,000 pesos y se suma a las recientemente inauguradas en el Estado de M\u00e9xico y la Ciudad de M\u00e9xico, donde se ha brindado atenci\u00f3n a\u00a0m\u00e1s de 2 mil 500 adultos de escasos recursos.<\/p>\n<p>Andr\u00e9s Zara\u00edn, vicepresidente y director general de la regi\u00f3n Sur-Pen\u00ednsula de AT&amp;T en M\u00e9xico, dijo que para fortalecer la competitividad en M\u00e9xico se necesita impulsar proyectos educativos como este.<\/p>\n<p>\u201cSe estima que en Yucat\u00e1n hay m\u00e1s de 100 mil personas con rezago educativo. Con este proyecto, buscamos ayudar a reducir esta cifra y fomentar mayores oportunidades en la regi\u00f3n\u201d, agreg\u00f3.<\/p>\n<p>Las\u00a0<strong>nuevas aulas m\u00f3viles<\/strong>\u00a0tendr\u00e1n conectividad proporcionada por la red de AT&amp;T y computadoras para el capacitador y los alumnos. Adem\u00e1s, contar\u00e1n con los materiales necesarios para la impartici\u00f3n de cursos de alfabetizaci\u00f3n, educaci\u00f3n b\u00e1sica y media superior, y contenidos sobre nuevas tecnolog\u00edas, finanzas personales e ingl\u00e9s, entre otros.<\/p>\n","protected":false},"excerpt":{"rendered":"<p>Por Fernando Navarrete AT&amp;T y la fundaci\u00f3n Construyendo y Creciendo realizaron una inversi\u00f3n de\u00a0$1 mill\u00f3n 650,000 pesos para este proyecto\u00a0 Para combatir el rezago educativo y ofrecer m\u00e1s espacios a capacitadores en la zona,\u00a0AT&amp;T\u00a0y la fundaci\u00f3n\u00a0Construyendo y Creciendo\u00a0inauguraron dos\u00a0nuevas\u00a0aulas m\u00f3viles\u00a0en M\u00e9rida, Yucat\u00e1n, con la que buscan beneficiar a m\u00e1s de\u00a01,600 personas al a\u00f1o a terminar [&hellip;]<\/p>\n","protected":false},"author":1,"featured_media":4253,"comment_status":"open","ping_status":"open","sticky":false,"template":"","format":"standard","meta":{"site-sidebar-layout":"default","site-content-layout":"","ast-site-content-layout":"default","site-content-style":"default","site-sidebar-style":"default","ast-global-header-display":"","ast-banner-title-visibility":"","ast-main-header-display":"","ast-hfb-above-header-display":"","ast-hfb-below-header-display":"","ast-hfb-mobile-header-display":"","site-post-title":"","ast-breadcrumbs-content":"","ast-featured-img":"","footer-sml-layout":"","ast-disable-related-posts":"","theme-transparent-header-meta":"","adv-header-id-meta":"","stick-header-meta":"","header-above-stick-meta":"","header-main-stick-meta":"","header-below-stick-meta":"","astra-migrate-meta-layouts":"default","ast-page-background-enabled":"default","ast-page-background-meta":{"desktop":{"background-color":"var(--ast-global-color-4)","background-image":"","background-repeat":"repeat","background-position":"center center","background-size":"auto","background-attachment":"scroll","background-type":"","background-media":"","overlay-type":"","overlay-color":"","overlay-opacity":"","overlay-gradient":""},"tablet":{"background-color":"","background-image":"","background-repeat":"repeat","background-position":"center center","background-size":"auto","background-attachment":"scroll","background-type":"","background-media":"","overlay-type":"","overlay-color":"","overlay-opacity":"","overlay-gradient":""},"mobile":{"background-color":"","background-image":"","background-repeat":"repeat","background-position":"center center","background-size":"auto","background-attachment":"scroll","background-type":"","background-media":"","overlay-type":"","overlay-color":"","overlay-opacity":"","overlay-gradient":""}},"ast-content-background-meta":{"desktop":{"background-color":"var(--ast-global-color-5)","background-image":"","background-repeat":"repeat","background-position":"center center","background-size":"auto","background-attachment":"scroll","background-type":"","background-media":"","overlay-type":"","overlay-color":"","overlay-opacity":"","overlay-gradient":""},"tablet":{"background-color":"var(--ast-global-color-5)","background-image":"","background-repeat":"repeat","background-position":"center center","background-size":"auto","background-attachment":"scroll","background-type":"","background-media":"","overlay-type":"","overlay-color":"","overlay-opacity":"","overlay-gradient":""},"mobile":{"background-color":"var(--ast-global-color-5)","background-image":"","background-repeat":"repeat","background-position":"center center","background-size":"auto","background-attachment":"scroll","background-type":"","background-media":"","overlay-type":"","overlay-color":"","overlay-opacity":"","overlay-gradient":""}},"footnotes":""},"categories":[4],"tags":[],"class_list":["post-4252","post","type-post","status-publish","format-standard","has-post-thumbnail","hentry","category-noticias"],"_links":{"self":[{"href":"https:\/\/hombresymujeresdelacasa.com\/home\/wp-json\/wp\/v2\/posts\/4252","targetHints":{"allow":["GET"]}}],"collection":[{"href":"https:\/\/hombresymujeresdelacasa.com\/home\/wp-json\/wp\/v2\/posts"}],"about":[{"href":"https:\/\/hombresymujeresdelacasa.com\/home\/wp-json\/wp\/v2\/types\/post"}],"author":[{"embeddable":true,"href":"https:\/\/hombresymujeresdelacasa.com\/home\/wp-json\/wp\/v2\/users\/1"}],"replies":[{"embeddable":true,"href":"https:\/\/hombresymujeresdelacasa.com\/home\/wp-json\/wp\/v2\/comments?post=4252"}],"version-history":[{"count":1,"href":"https:\/\/hombresymujeresdelacasa.com\/home\/wp-json\/wp\/v2\/posts\/4252\/revisions"}],"predecessor-version":[{"id":4254,"href":"https:\/\/hombresymujeresdelacasa.com\/home\/wp-json\/wp\/v2\/posts\/4252\/revisions\/4254"}],"wp:featuredmedia":[{"embeddable":true,"href":"https:\/\/hombresymujeresdelacasa.com\/home\/wp-json\/wp\/v2\/media\/4253"}],"wp:attachment":[{"href":"https:\/\/hombresymujeresdelacasa.com\/home\/wp-json\/wp\/v2\/media?parent=4252"}],"wp:term":[{"taxonomy":"category","embeddable":true,"href":"https:\/\/hombresymujeresdelacasa.com\/home\/wp-json\/wp\/v2\/categories?post=4252"},{"taxonomy":"post_tag","embeddable":true,"href":"https:\/\/hombresymujeresdelacasa.com\/home\/wp-json\/wp\/v2\/tags?post=4252"}],"curies":[{"name":"wp","href":"https:\/\/api.w.org\/{rel}","templated":true}]}}