{"id":4240,"date":"2018-08-21T09:00:58","date_gmt":"2018-08-21T15:00:58","guid":{"rendered":"http:\/\/hombresymujeresdelacasa.com\/home\/?p=4240"},"modified":"2018-08-21T09:10:29","modified_gmt":"2018-08-21T15:10:29","slug":"entregaremos-un-fovissste-con-liquidez-godina","status":"publish","type":"post","link":"https:\/\/hombresymujeresdelacasa.com\/home\/entregaremos-un-fovissste-con-liquidez-godina\/","title":{"rendered":"Entregaremos un Fovissste con liquidez: Godina"},"content":{"rendered":"<p>Edgar Rosas<\/p>\n<p><em>L<\/em><em>a pr\u00f3xima administraci\u00f3n federal, dijo el Vocal Ejecutivo, contar\u00e1 con un organismo en condiciones para no detener el ritmo<\/em><span id=\"more-76744\"><\/span><\/p>\n<p>La actual administraci\u00f3n entregar\u00e1 un Fondo de la Vivienda del Issste (<a href=\"http:\/\/fovissste.gob.mx\/\" target=\"_blank\" rel=\"noopener nofollow\">Fovissste<\/a>) con fortaleza patrimonial, preparado para no detener la marcha y entregar cr\u00e9ditos desde el 1 de diciembre, se\u00f1al\u00f3\u00a0<a href=\"https:\/\/twitter.com\/LuisGodinaH\" target=\"_blank\" rel=\"noopener nofollow\">Luis Antonio Godina Herrera<\/a>, vocal ejecutivo del organismo.<\/p>\n<p>Al participar en la\u00a0<strong>Reuni\u00f3n Estrat\u00e9gica Fovissste 2018<\/strong>, Godina Herrera enfatiz\u00f3 que el gobierno entrante recibir\u00e1 un organismo con\u00a0<strong>liquidez financiera<\/strong>\u00a0suficiente para mantener la entrega de financiamiento, con altas calificaciones crediticias. Este panorama, dijo, ha sido posible al proceso de transformaci\u00f3n al que se someti\u00f3 el fondo en la actual administraci\u00f3n, lo que ha permitido hacer m\u00e1s eficiente su operaci\u00f3n.<\/p>\n<p>De manera particular, el Vocal Ejecutivo explic\u00f3 que el Fondo puso en marcha una gesti\u00f3n financiera tal que permitiera garantizar su sostenibilidad, adem\u00e1s de adaptar su oferta a los requerimientos de los trabajadores.<\/p>\n<p>\u201cEste organismo descentralizado del ISSSTE garantiz\u00f3 en este periodo el valor del ahorro de los trabajadores al servicio del Estado en su subcuenta de vivienda, al otorgar rendimientos superiores a la inflaci\u00f3n\u201d, dijo.<\/p>\n","protected":false},"excerpt":{"rendered":"<p>Edgar Rosas La pr\u00f3xima administraci\u00f3n federal, dijo el Vocal Ejecutivo, contar\u00e1 con un organismo en condiciones para no detener el ritmo La actual administraci\u00f3n entregar\u00e1 un Fondo de la Vivienda del Issste (Fovissste) con fortaleza patrimonial, preparado para no detener la marcha y entregar cr\u00e9ditos desde el 1 de diciembre, se\u00f1al\u00f3\u00a0Luis Antonio Godina Herrera, vocal [&hellip;]<\/p>\n","protected":false},"author":1,"featured_media":4241,"comment_status":"open","ping_status":"open","sticky":false,"template":"","format":"standard","meta":{"site-sidebar-layout":"default","site-content-layout":"","ast-site-content-layout":"default","site-content-style":"default","site-sidebar-style":"default","ast-global-header-display":"","ast-banner-title-visibility":"","ast-main-header-display":"","ast-hfb-above-header-display":"","ast-hfb-below-header-display":"","ast-hfb-mobile-header-display":"","site-post-title":"","ast-breadcrumbs-content":"","ast-featured-img":"","footer-sml-layout":"","ast-disable-related-posts":"","theme-transparent-header-meta":"","adv-header-id-meta":"","stick-header-meta":"","header-above-stick-meta":"","header-main-stick-meta":"","header-below-stick-meta":"","astra-migrate-meta-layouts":"default","ast-page-background-enabled":"default","ast-page-background-meta":{"desktop":{"background-color":"var(--ast-global-color-4)","background-image":"","background-repeat":"repeat","background-position":"center center","background-size":"auto","background-attachment":"scroll","background-type":"","background-media":"","overlay-type":"","overlay-color":"","overlay-opacity":"","overlay-gradient":""},"tablet":{"background-color":"","background-image":"","background-repeat":"repeat","background-position":"center center","background-size":"auto","background-attachment":"scroll","background-type":"","background-media":"","overlay-type":"","overlay-color":"","overlay-opacity":"","overlay-gradient":""},"mobile":{"background-color":"","background-image":"","background-repeat":"repeat","background-position":"center center","background-size":"auto","background-attachment":"scroll","background-type":"","background-media":"","overlay-type":"","overlay-color":"","overlay-opacity":"","overlay-gradient":""}},"ast-content-background-meta":{"desktop":{"background-color":"var(--ast-global-color-5)","background-image":"","background-repeat":"repeat","background-position":"center center","background-size":"auto","background-attachment":"scroll","background-type":"","background-media":"","overlay-type":"","overlay-color":"","overlay-opacity":"","overlay-gradient":""},"tablet":{"background-color":"var(--ast-global-color-5)","background-image":"","background-repeat":"repeat","background-position":"center center","background-size":"auto","background-attachment":"scroll","background-type":"","background-media":"","overlay-type":"","overlay-color":"","overlay-opacity":"","overlay-gradient":""},"mobile":{"background-color":"var(--ast-global-color-5)","background-image":"","background-repeat":"repeat","background-position":"center center","background-size":"auto","background-attachment":"scroll","background-type":"","background-media":"","overlay-type":"","overlay-color":"","overlay-opacity":"","overlay-gradient":""}},"footnotes":""},"categories":[4],"tags":[86,111,177],"class_list":["post-4240","post","type-post","status-publish","format-standard","has-post-thumbnail","hentry","category-noticias","tag-fovissste","tag-luis-antonio-godina-herrera","tag-vivienda"],"_links":{"self":[{"href":"https:\/\/hombresymujeresdelacasa.com\/home\/wp-json\/wp\/v2\/posts\/4240","targetHints":{"allow":["GET"]}}],"collection":[{"href":"https:\/\/hombresymujeresdelacasa.com\/home\/wp-json\/wp\/v2\/posts"}],"about":[{"href":"https:\/\/hombresymujeresdelacasa.com\/home\/wp-json\/wp\/v2\/types\/post"}],"author":[{"embeddable":true,"href":"https:\/\/hombresymujeresdelacasa.com\/home\/wp-json\/wp\/v2\/users\/1"}],"replies":[{"embeddable":true,"href":"https:\/\/hombresymujeresdelacasa.com\/home\/wp-json\/wp\/v2\/comments?post=4240"}],"version-history":[{"count":1,"href":"https:\/\/hombresymujeresdelacasa.com\/home\/wp-json\/wp\/v2\/posts\/4240\/revisions"}],"predecessor-version":[{"id":4242,"href":"https:\/\/hombresymujeresdelacasa.com\/home\/wp-json\/wp\/v2\/posts\/4240\/revisions\/4242"}],"wp:featuredmedia":[{"embeddable":true,"href":"https:\/\/hombresymujeresdelacasa.com\/home\/wp-json\/wp\/v2\/media\/4241"}],"wp:attachment":[{"href":"https:\/\/hombresymujeresdelacasa.com\/home\/wp-json\/wp\/v2\/media?parent=4240"}],"wp:term":[{"taxonomy":"category","embeddable":true,"href":"https:\/\/hombresymujeresdelacasa.com\/home\/wp-json\/wp\/v2\/categories?post=4240"},{"taxonomy":"post_tag","embeddable":true,"href":"https:\/\/hombresymujeresdelacasa.com\/home\/wp-json\/wp\/v2\/tags?post=4240"}],"curies":[{"name":"wp","href":"https:\/\/api.w.org\/{rel}","templated":true}]}}