{"id":4233,"date":"2018-08-20T08:00:26","date_gmt":"2018-08-20T14:00:26","guid":{"rendered":"http:\/\/hombresymujeresdelacasa.com\/home\/?p=4233"},"modified":"2018-08-20T09:20:20","modified_gmt":"2018-08-20T15:20:20","slug":"fovissste-abre-periodo-extraordinario-para-solicitar-credito","status":"publish","type":"post","link":"https:\/\/hombresymujeresdelacasa.com\/home\/fovissste-abre-periodo-extraordinario-para-solicitar-credito\/","title":{"rendered":"Fovissste abre periodo extraordinario para solicitar cr\u00e9dito"},"content":{"rendered":"<p>Por Edgar Rosas<\/p>\n<p><em>El organismo termin\u00f3 con la asignaci\u00f3n de financiamientos 2018 a inicios de agosto, por lo que continuar\u00e1 con la atenci\u00f3n a los trabajadores<\/em><span id=\"more-76683\"><\/span><\/p>\n<p>El Fondo de la Vivienda del Issste (<a href=\"https:\/\/www.gob.mx\/fovissste\" target=\"_blank\" rel=\"noopener nofollow\">Fovissste<\/a>) abrir\u00e1 un periodo extraordinario para recibir solicitudes de cr\u00e9dito. Con esto, el organismo continuar\u00e1 con la asignaci\u00f3n de financiamiento, luego de concluir con la atenci\u00f3n de las solicitudes inscritas para el ejercicio 2018.<\/p>\n<p>De acuerdo con el organismo, los trabajadores interesados en adquirir un cr\u00e9dito tradicional tendr\u00e1n hasta el 27 de agosto para registrar su solicitud. El organismo record\u00f3 que pueden participar trabajadores activos que no hayan ejercido un cr\u00e9dito y haber cotizado por lo menos 18 meses al Fondo.<\/p>\n<p>\u201cEl resultado de la prelaci\u00f3n de solicitudes se llevar\u00e1 a cabo el 28 de agosto y los resultados ser\u00e1n difundidos en la p\u00e1gina web del organismo y a trav\u00e9s de sus redes sociales. Los derechohabientes con mayor puntaje podr\u00e1n iniciar el tr\u00e1mite de manera inmediata\u201d, indic\u00f3.<\/p>\n<p>El organismo record\u00f3 que el pasado 7 de agosto concluy\u00f3 con la asignaci\u00f3n de cr\u00e9dito del programa 2018. Detall\u00f3 que en total se atendieron 68 mil 457 solicitudes de vivienda de las 71 mil 805 registradas en noviembre de 2017.<\/p>\n","protected":false},"excerpt":{"rendered":"<p>Por Edgar Rosas El organismo termin\u00f3 con la asignaci\u00f3n de financiamientos 2018 a inicios de agosto, por lo que continuar\u00e1 con la atenci\u00f3n a los trabajadores El Fondo de la Vivienda del Issste (Fovissste) abrir\u00e1 un periodo extraordinario para recibir solicitudes de cr\u00e9dito. Con esto, el organismo continuar\u00e1 con la asignaci\u00f3n de financiamiento, luego de [&hellip;]<\/p>\n","protected":false},"author":1,"featured_media":4234,"comment_status":"open","ping_status":"open","sticky":false,"template":"","format":"standard","meta":{"site-sidebar-layout":"default","site-content-layout":"","ast-site-content-layout":"default","site-content-style":"default","site-sidebar-style":"default","ast-global-header-display":"","ast-banner-title-visibility":"","ast-main-header-display":"","ast-hfb-above-header-display":"","ast-hfb-below-header-display":"","ast-hfb-mobile-header-display":"","site-post-title":"","ast-breadcrumbs-content":"","ast-featured-img":"","footer-sml-layout":"","ast-disable-related-posts":"","theme-transparent-header-meta":"","adv-header-id-meta":"","stick-header-meta":"","header-above-stick-meta":"","header-main-stick-meta":"","header-below-stick-meta":"","astra-migrate-meta-layouts":"default","ast-page-background-enabled":"default","ast-page-background-meta":{"desktop":{"background-color":"var(--ast-global-color-4)","background-image":"","background-repeat":"repeat","background-position":"center center","background-size":"auto","background-attachment":"scroll","background-type":"","background-media":"","overlay-type":"","overlay-color":"","overlay-opacity":"","overlay-gradient":""},"tablet":{"background-color":"","background-image":"","background-repeat":"repeat","background-position":"center center","background-size":"auto","background-attachment":"scroll","background-type":"","background-media":"","overlay-type":"","overlay-color":"","overlay-opacity":"","overlay-gradient":""},"mobile":{"background-color":"","background-image":"","background-repeat":"repeat","background-position":"center center","background-size":"auto","background-attachment":"scroll","background-type":"","background-media":"","overlay-type":"","overlay-color":"","overlay-opacity":"","overlay-gradient":""}},"ast-content-background-meta":{"desktop":{"background-color":"var(--ast-global-color-5)","background-image":"","background-repeat":"repeat","background-position":"center center","background-size":"auto","background-attachment":"scroll","background-type":"","background-media":"","overlay-type":"","overlay-color":"","overlay-opacity":"","overlay-gradient":""},"tablet":{"background-color":"var(--ast-global-color-5)","background-image":"","background-repeat":"repeat","background-position":"center center","background-size":"auto","background-attachment":"scroll","background-type":"","background-media":"","overlay-type":"","overlay-color":"","overlay-opacity":"","overlay-gradient":""},"mobile":{"background-color":"var(--ast-global-color-5)","background-image":"","background-repeat":"repeat","background-position":"center center","background-size":"auto","background-attachment":"scroll","background-type":"","background-media":"","overlay-type":"","overlay-color":"","overlay-opacity":"","overlay-gradient":""}},"footnotes":""},"categories":[4],"tags":[55,86,927,177],"class_list":["post-4233","post","type-post","status-publish","format-standard","has-post-thumbnail","hentry","category-noticias","tag-credito","tag-fovissste","tag-periodo-extraordinario","tag-vivienda"],"_links":{"self":[{"href":"https:\/\/hombresymujeresdelacasa.com\/home\/wp-json\/wp\/v2\/posts\/4233","targetHints":{"allow":["GET"]}}],"collection":[{"href":"https:\/\/hombresymujeresdelacasa.com\/home\/wp-json\/wp\/v2\/posts"}],"about":[{"href":"https:\/\/hombresymujeresdelacasa.com\/home\/wp-json\/wp\/v2\/types\/post"}],"author":[{"embeddable":true,"href":"https:\/\/hombresymujeresdelacasa.com\/home\/wp-json\/wp\/v2\/users\/1"}],"replies":[{"embeddable":true,"href":"https:\/\/hombresymujeresdelacasa.com\/home\/wp-json\/wp\/v2\/comments?post=4233"}],"version-history":[{"count":1,"href":"https:\/\/hombresymujeresdelacasa.com\/home\/wp-json\/wp\/v2\/posts\/4233\/revisions"}],"predecessor-version":[{"id":4235,"href":"https:\/\/hombresymujeresdelacasa.com\/home\/wp-json\/wp\/v2\/posts\/4233\/revisions\/4235"}],"wp:featuredmedia":[{"embeddable":true,"href":"https:\/\/hombresymujeresdelacasa.com\/home\/wp-json\/wp\/v2\/media\/4234"}],"wp:attachment":[{"href":"https:\/\/hombresymujeresdelacasa.com\/home\/wp-json\/wp\/v2\/media?parent=4233"}],"wp:term":[{"taxonomy":"category","embeddable":true,"href":"https:\/\/hombresymujeresdelacasa.com\/home\/wp-json\/wp\/v2\/categories?post=4233"},{"taxonomy":"post_tag","embeddable":true,"href":"https:\/\/hombresymujeresdelacasa.com\/home\/wp-json\/wp\/v2\/tags?post=4233"}],"curies":[{"name":"wp","href":"https:\/\/api.w.org\/{rel}","templated":true}]}}