{"id":4226,"date":"2018-08-16T10:55:37","date_gmt":"2018-08-16T16:55:37","guid":{"rendered":"http:\/\/hombresymujeresdelacasa.com\/home\/?p=4226"},"modified":"2018-08-17T09:55:30","modified_gmt":"2018-08-17T15:55:30","slug":"mario-macias-nuevo-titular-de-la-ds-trabajadores-infonavit","status":"publish","type":"post","link":"https:\/\/hombresymujeresdelacasa.com\/home\/mario-macias-nuevo-titular-de-la-ds-trabajadores-infonavit\/","title":{"rendered":"Mario Mac\u00edas, nuevo titular de la DS Trabajadores Infonavit"},"content":{"rendered":"<p>Por Edgar Rosas<\/p>\n<p><em>El ahora director sectorial se desempe\u00f1\u00f3 como delegado del Infonavit en Jalisco<\/em><span id=\"more-76507\"><\/span><\/p>\n<p>Por propuesta de las diversas organizaciones sindicales,\u00a0<a href=\"https:\/\/twitter.com\/MarioMaciasRobl\" target=\"_blank\" rel=\"noopener nofollow\">Mario Mac\u00edas<\/a>\u00a0fue designado nuevo titular de la\u00a0<strong>Direcci\u00f3n Sectorial de los Trabajadores<\/strong>\u00a0del Infonavit, quien llega tras la salida de Abelardo Carrillo Zavala.<\/p>\n<p>El nuevo director sectorial tom\u00f3 protesta este mi\u00e9rcoles 15 de agosto. En el acto estuvieron presentes el director general del Infonavit,\u00a0<a href=\"https:\/\/twitter.com\/davidpenchyna\" target=\"_blank\" rel=\"noopener nofollow\">David Penchyna Grub<\/a>;\u00a0<a href=\"https:\/\/twitter.com\/CarlosAceves_\" target=\"_blank\" rel=\"noopener nofollow\">Carlos Aceves del Olmo<\/a>, secretario general de la Confederaci\u00f3n de Trabajadores de M\u00e9xico (CTM); as\u00ed como Abelardo Carrillo Zavala.<\/p>\n<p>Hasta hace un par de d\u00edas, Mario Mac\u00edas se desempe\u00f1\u00f3 como delegado del Instituto en Jalisco. En su trayectoria se destaca su participaci\u00f3n como gerente de servicios jur\u00eddicos del Instituto.<\/p>\n<p><a href=\"https:\/\/centrourbano.com\/2018\/08\/03\/abelardo-carrillo-salida-infonavit\/\" target=\"_blank\" rel=\"noopener nofollow\">Abelardo Carrillo<\/a>\u00a0fue elegido director Sectorial de los Trabajadores del Infonavit a propuesta de las diversas organizaciones sindicales. La designaci\u00f3n se concret\u00f3 el 18 de diciembre de 2008, en el marco de la 95 sesi\u00f3n ordinaria de la Asamblea General del Infonavit. Carrillo Zavala lleg\u00f3 a ocupar el cargo luego del fallecimiento del se\u00f1or Javier Pineda.<\/p>\n<p>Cabe se\u00f1alar que, en los \u00faltimos a\u00f1os, por impulso del Sector de los Trabajadores, se concretaron cambios con el objetivo de mejorar y transparentar las condiciones de los cr\u00e9ditos que otorga el Infonavit. En esa l\u00ednea, se logr\u00f3 que el nuevo producto hipotecario, lanzado por el Instituto en abril de 2017, se originara en pesos, con pagos conocidos desde el d\u00eda uno, con lo que \u201cmientras el acreditado se mantenga al corriente, el saldo siempre va a disminuir\u201d.<\/p>\n","protected":false},"excerpt":{"rendered":"<p>Por Edgar Rosas El ahora director sectorial se desempe\u00f1\u00f3 como delegado del Infonavit en Jalisco Por propuesta de las diversas organizaciones sindicales,\u00a0Mario Mac\u00edas\u00a0fue designado nuevo titular de la\u00a0Direcci\u00f3n Sectorial de los Trabajadores\u00a0del Infonavit, quien llega tras la salida de Abelardo Carrillo Zavala. El nuevo director sectorial tom\u00f3 protesta este mi\u00e9rcoles 15 de agosto. En el [&hellip;]<\/p>\n","protected":false},"author":1,"featured_media":4229,"comment_status":"open","ping_status":"open","sticky":false,"template":"","format":"standard","meta":{"site-sidebar-layout":"default","site-content-layout":"","ast-site-content-layout":"default","site-content-style":"default","site-sidebar-style":"default","ast-global-header-display":"","ast-banner-title-visibility":"","ast-main-header-display":"","ast-hfb-above-header-display":"","ast-hfb-below-header-display":"","ast-hfb-mobile-header-display":"","site-post-title":"","ast-breadcrumbs-content":"","ast-featured-img":"","footer-sml-layout":"","ast-disable-related-posts":"","theme-transparent-header-meta":"","adv-header-id-meta":"","stick-header-meta":"","header-above-stick-meta":"","header-main-stick-meta":"","header-below-stick-meta":"","astra-migrate-meta-layouts":"default","ast-page-background-enabled":"default","ast-page-background-meta":{"desktop":{"background-color":"var(--ast-global-color-4)","background-image":"","background-repeat":"repeat","background-position":"center center","background-size":"auto","background-attachment":"scroll","background-type":"","background-media":"","overlay-type":"","overlay-color":"","overlay-opacity":"","overlay-gradient":""},"tablet":{"background-color":"","background-image":"","background-repeat":"repeat","background-position":"center center","background-size":"auto","background-attachment":"scroll","background-type":"","background-media":"","overlay-type":"","overlay-color":"","overlay-opacity":"","overlay-gradient":""},"mobile":{"background-color":"","background-image":"","background-repeat":"repeat","background-position":"center center","background-size":"auto","background-attachment":"scroll","background-type":"","background-media":"","overlay-type":"","overlay-color":"","overlay-opacity":"","overlay-gradient":""}},"ast-content-background-meta":{"desktop":{"background-color":"var(--ast-global-color-5)","background-image":"","background-repeat":"repeat","background-position":"center center","background-size":"auto","background-attachment":"scroll","background-type":"","background-media":"","overlay-type":"","overlay-color":"","overlay-opacity":"","overlay-gradient":""},"tablet":{"background-color":"var(--ast-global-color-5)","background-image":"","background-repeat":"repeat","background-position":"center center","background-size":"auto","background-attachment":"scroll","background-type":"","background-media":"","overlay-type":"","overlay-color":"","overlay-opacity":"","overlay-gradient":""},"mobile":{"background-color":"var(--ast-global-color-5)","background-image":"","background-repeat":"repeat","background-position":"center center","background-size":"auto","background-attachment":"scroll","background-type":"","background-media":"","overlay-type":"","overlay-color":"","overlay-opacity":"","overlay-gradient":""}},"footnotes":""},"categories":[4],"tags":[924,925,102],"class_list":["post-4226","post","type-post","status-publish","format-standard","has-post-thumbnail","hentry","category-noticias","tag-abelardo-carrillo-zaval","tag-direccion-sectorial-de-los-trabajadores","tag-infonavit"],"_links":{"self":[{"href":"https:\/\/hombresymujeresdelacasa.com\/home\/wp-json\/wp\/v2\/posts\/4226","targetHints":{"allow":["GET"]}}],"collection":[{"href":"https:\/\/hombresymujeresdelacasa.com\/home\/wp-json\/wp\/v2\/posts"}],"about":[{"href":"https:\/\/hombresymujeresdelacasa.com\/home\/wp-json\/wp\/v2\/types\/post"}],"author":[{"embeddable":true,"href":"https:\/\/hombresymujeresdelacasa.com\/home\/wp-json\/wp\/v2\/users\/1"}],"replies":[{"embeddable":true,"href":"https:\/\/hombresymujeresdelacasa.com\/home\/wp-json\/wp\/v2\/comments?post=4226"}],"version-history":[{"count":1,"href":"https:\/\/hombresymujeresdelacasa.com\/home\/wp-json\/wp\/v2\/posts\/4226\/revisions"}],"predecessor-version":[{"id":4228,"href":"https:\/\/hombresymujeresdelacasa.com\/home\/wp-json\/wp\/v2\/posts\/4226\/revisions\/4228"}],"wp:featuredmedia":[{"embeddable":true,"href":"https:\/\/hombresymujeresdelacasa.com\/home\/wp-json\/wp\/v2\/media\/4229"}],"wp:attachment":[{"href":"https:\/\/hombresymujeresdelacasa.com\/home\/wp-json\/wp\/v2\/media?parent=4226"}],"wp:term":[{"taxonomy":"category","embeddable":true,"href":"https:\/\/hombresymujeresdelacasa.com\/home\/wp-json\/wp\/v2\/categories?post=4226"},{"taxonomy":"post_tag","embeddable":true,"href":"https:\/\/hombresymujeresdelacasa.com\/home\/wp-json\/wp\/v2\/tags?post=4226"}],"curies":[{"name":"wp","href":"https:\/\/api.w.org\/{rel}","templated":true}]}}