{"id":4203,"date":"2018-08-10T17:03:06","date_gmt":"2018-08-10T23:03:06","guid":{"rendered":"http:\/\/hombresymujeresdelacasa.com\/home\/?p=4203"},"modified":"2018-08-13T10:50:25","modified_gmt":"2018-08-13T16:50:25","slug":"vinte-sin-dependencia-al-subsidio","status":"publish","type":"post","link":"https:\/\/hombresymujeresdelacasa.com\/home\/vinte-sin-dependencia-al-subsidio\/","title":{"rendered":"Vinte, sin dependencia al subsidio"},"content":{"rendered":"<p>Por Edgar Rosas<\/p>\n<p><em>Desde 2011, la empresa que dirige Sergio Leal mantiene en niveles m\u00ednimos la venta de vivienda con subsidio<\/em><span id=\"more-76205\"><\/span><\/p>\n<p>En el 2T2018,\u00a0<a href=\"http:\/\/vinte.com\/\" target=\"_blank\" rel=\"noopener noreferrer nofollow\">Vinte\u00a0<\/a>increment\u00f3 la venta de vivienda con subsidio, al aprovechar las refocalizaci\u00f3n de la entrega de apoyos por parte de la Comisi\u00f3n Nacional de Vivienda (<a href=\"http:\/\/www.gob.mx\/conavi\" target=\"_blank\" rel=\"noopener noreferrer nofollow\">Conavi<\/a>). Este hecho permiti\u00f3 a la empresa mantener un paso firme de cara a la segunda parte del a\u00f1o, sin embargo, no represent\u00f3 riesgo para el balance que ha logrado la empresa ni comprometi\u00f3 el modelo donde se ha priorizado la no dependencia de la venta de vivienda con subsidio.<\/p>\n<p>A pesar del aumento de los niveles de casas desplazadas con el complemento del gobierno federal, la firma detall\u00f3 que el rango se mantuvo en proporciones sanas. De acuerdo con la empresa, la venta de vivienda con subsidio represent\u00f3 7.4% de las ventas totales del periodo, con lo que el rango de viviendas escrituradas con subsidio se coloc\u00f3 como uno de los m\u00e1s sanos de la industria.<\/p>\n<p>\u201cLa participaci\u00f3n de subsidios en los ingresos totales aument\u00f3 a 7.4%, derivado del aprovechamiento de oportunidades en el segmento de inter\u00e9s social, en seguimiento de la alta flexibilidad operativa de Vinte para dirigir su oferta de productos hacia las necesidades de sus clientes. No obstante, el rango de viviendas escrituradas con subsidio en el que opera la Compa\u00f1\u00eda se mantiene como uno de los m\u00e1s sanos de la industria. La participaci\u00f3n de subsidios en el acumulado del a\u00f1o se ubic\u00f3 en 4.4 por ciento\u201d, indic\u00f3.<\/p>\n<p>Al respecto, cabe se\u00f1alar que de 2011 a 2017, Vinte ha mantenido en niveles m\u00ednimos la venta de vivienda son subsidio. De acuerdo con los datos proporcionados por la empresa, de los ingresos totales obtenidos entre 2011 y 2017, 4% corresponden a la venta de vivienda con subsidio.<\/p>\n<p>\u201cLa baja exposici\u00f3n a subsidios de Vinte, le ha permitido mantener resultados estables que, en conjunto con su alto grado de flexibilidad operativa, expande la posibilidad de aprovechamiento de aquellas oportunidades que pudieran surgir ante el cambio anunciado en la pol\u00edtica nacional de vivienda, mismo que tomar\u00e1 lugar con la incorporaci\u00f3n formal de la nueva administraci\u00f3n federal hacia inicios de diciembre de este a\u00f1o\u201d, se\u00f1al\u00f3 la firma.<\/p>\n<div id=\"attachment_76218\" class=\"wp-caption aligncenter\" style=\"width: 488px;\"><a href=\"https:\/\/centrourbano.com\/revista\/wp-content\/uploads\/Subsidio_Vinte_1.jpg\" target=\"_blank\" rel=\"noopener noreferrer nofollow\"><img fetchpriority=\"high\" decoding=\"async\" class=\"wp-image-76218\" src=\"https:\/\/centrourbano.com\/revista\/wp-content\/uploads\/Subsidio_Vinte_1.jpg\" sizes=\"(max-width: 500px) 100vw, 500px\" srcset=\"https:\/\/centrourbano.com\/revista\/wp-content\/uploads\/Subsidio_Vinte_1.jpg 717w, https:\/\/centrourbano.com\/revista\/wp-content\/uploads\/Subsidio_Vinte_1-300x218.jpg 300w\" alt=\"\" width=\"488\" height=\"356\" \/><\/a><\/p>\n<p class=\"wp-caption-text\">Fuente: Informe Anual sustentable de Vinte 2017<\/p>\n<\/div>\n<p>En 15 a\u00f1os de vida, Vinte ha tomado a la diversificaci\u00f3n como punto medular para fortalecer la operaci\u00f3n de la firma. El objetivo central tiene que ver con la consolidaci\u00f3n de una empresa estable, que no depende de la venta de vivienda con subsidio para asegurar su crecimiento, y que minimiza los riesgos ante cambios en las pol\u00edticas p\u00fablicas.<\/p>\n","protected":false},"excerpt":{"rendered":"<p>Por Edgar Rosas Desde 2011, la empresa que dirige Sergio Leal mantiene en niveles m\u00ednimos la venta de vivienda con subsidio En el 2T2018,\u00a0Vinte\u00a0increment\u00f3 la venta de vivienda con subsidio, al aprovechar las refocalizaci\u00f3n de la entrega de apoyos por parte de la Comisi\u00f3n Nacional de Vivienda (Conavi). Este hecho permiti\u00f3 a la empresa mantener [&hellip;]<\/p>\n","protected":false},"author":1,"featured_media":4204,"comment_status":"open","ping_status":"open","sticky":false,"template":"","format":"standard","meta":{"site-sidebar-layout":"default","site-content-layout":"","ast-site-content-layout":"default","site-content-style":"default","site-sidebar-style":"default","ast-global-header-display":"","ast-banner-title-visibility":"","ast-main-header-display":"","ast-hfb-above-header-display":"","ast-hfb-below-header-display":"","ast-hfb-mobile-header-display":"","site-post-title":"","ast-breadcrumbs-content":"","ast-featured-img":"","footer-sml-layout":"","ast-disable-related-posts":"","theme-transparent-header-meta":"","adv-header-id-meta":"","stick-header-meta":"","header-above-stick-meta":"","header-main-stick-meta":"","header-below-stick-meta":"","astra-migrate-meta-layouts":"default","ast-page-background-enabled":"default","ast-page-background-meta":{"desktop":{"background-color":"var(--ast-global-color-4)","background-image":"","background-repeat":"repeat","background-position":"center center","background-size":"auto","background-attachment":"scroll","background-type":"","background-media":"","overlay-type":"","overlay-color":"","overlay-opacity":"","overlay-gradient":""},"tablet":{"background-color":"","background-image":"","background-repeat":"repeat","background-position":"center center","background-size":"auto","background-attachment":"scroll","background-type":"","background-media":"","overlay-type":"","overlay-color":"","overlay-opacity":"","overlay-gradient":""},"mobile":{"background-color":"","background-image":"","background-repeat":"repeat","background-position":"center center","background-size":"auto","background-attachment":"scroll","background-type":"","background-media":"","overlay-type":"","overlay-color":"","overlay-opacity":"","overlay-gradient":""}},"ast-content-background-meta":{"desktop":{"background-color":"var(--ast-global-color-5)","background-image":"","background-repeat":"repeat","background-position":"center center","background-size":"auto","background-attachment":"scroll","background-type":"","background-media":"","overlay-type":"","overlay-color":"","overlay-opacity":"","overlay-gradient":""},"tablet":{"background-color":"var(--ast-global-color-5)","background-image":"","background-repeat":"repeat","background-position":"center center","background-size":"auto","background-attachment":"scroll","background-type":"","background-media":"","overlay-type":"","overlay-color":"","overlay-opacity":"","overlay-gradient":""},"mobile":{"background-color":"var(--ast-global-color-5)","background-image":"","background-repeat":"repeat","background-position":"center center","background-size":"auto","background-attachment":"scroll","background-type":"","background-media":"","overlay-type":"","overlay-color":"","overlay-opacity":"","overlay-gradient":""}},"footnotes":""},"categories":[4],"tags":[659,405,162,176,177],"class_list":["post-4203","post","type-post","status-publish","format-standard","has-post-thumbnail","hentry","category-noticias","tag-dependencia-al-subsidio","tag-sergio-leal-aguirre","tag-subsidio","tag-vinte","tag-vivienda"],"_links":{"self":[{"href":"https:\/\/hombresymujeresdelacasa.com\/home\/wp-json\/wp\/v2\/posts\/4203","targetHints":{"allow":["GET"]}}],"collection":[{"href":"https:\/\/hombresymujeresdelacasa.com\/home\/wp-json\/wp\/v2\/posts"}],"about":[{"href":"https:\/\/hombresymujeresdelacasa.com\/home\/wp-json\/wp\/v2\/types\/post"}],"author":[{"embeddable":true,"href":"https:\/\/hombresymujeresdelacasa.com\/home\/wp-json\/wp\/v2\/users\/1"}],"replies":[{"embeddable":true,"href":"https:\/\/hombresymujeresdelacasa.com\/home\/wp-json\/wp\/v2\/comments?post=4203"}],"version-history":[{"count":1,"href":"https:\/\/hombresymujeresdelacasa.com\/home\/wp-json\/wp\/v2\/posts\/4203\/revisions"}],"predecessor-version":[{"id":4205,"href":"https:\/\/hombresymujeresdelacasa.com\/home\/wp-json\/wp\/v2\/posts\/4203\/revisions\/4205"}],"wp:featuredmedia":[{"embeddable":true,"href":"https:\/\/hombresymujeresdelacasa.com\/home\/wp-json\/wp\/v2\/media\/4204"}],"wp:attachment":[{"href":"https:\/\/hombresymujeresdelacasa.com\/home\/wp-json\/wp\/v2\/media?parent=4203"}],"wp:term":[{"taxonomy":"category","embeddable":true,"href":"https:\/\/hombresymujeresdelacasa.com\/home\/wp-json\/wp\/v2\/categories?post=4203"},{"taxonomy":"post_tag","embeddable":true,"href":"https:\/\/hombresymujeresdelacasa.com\/home\/wp-json\/wp\/v2\/tags?post=4203"}],"curies":[{"name":"wp","href":"https:\/\/api.w.org\/{rel}","templated":true}]}}