{"id":4175,"date":"2018-08-07T15:06:30","date_gmt":"2018-08-07T21:06:30","guid":{"rendered":"http:\/\/hombresymujeresdelacasa.com\/home\/?p=4175"},"modified":"2018-08-08T09:17:34","modified_gmt":"2018-08-08T15:17:34","slug":"infonavit-participa-en-presentacion-de-los-objetivos-de-desarrollo-sostenible","status":"publish","type":"post","link":"https:\/\/hombresymujeresdelacasa.com\/home\/infonavit-participa-en-presentacion-de-los-objetivos-de-desarrollo-sostenible\/","title":{"rendered":"Infonavit participa en presentaci\u00f3n de los objetivos de desarrollo sostenible"},"content":{"rendered":"<p>Por Valeria G\u00f3mez<\/p>\n<p><em>Empleados del Instituto conocieron los fundamentos de la Agenda 2030, mismo que fue presentado por\u00a0especialistas de ONU-Habitat<\/em><span id=\"more-75867\"><\/span><\/p>\n<p><a href=\"http:\/\/onuhabitat.org.mx\/\" target=\"_blank\" rel=\"noopener noreferrer nofollow\"><strong>ONU-H\u00e1bitat<\/strong><\/a>\u00a0realiz\u00f3 la \u2018<strong>Jornada de Presentaci\u00f3n de los Objetivos de Desarrollo Sostenible<\/strong>\u2019, con el prop\u00f3sito de que los empleados del\u00a0<a href=\"http:\/\/portalmx.infonavit.org.mx\/\" target=\"_blank\" rel=\"noopener noreferrer nofollow\"><strong>Infonavit<\/strong><\/a>\u00a0tuvieran m\u00e1s acercamiento con la Agenda 2030 y los Objetivos de Desarrollo Sostenible (ODS) adoptados en 2015 por la ONU.<\/p>\n<p>Otros de los objetivos son propiciar que los trabajadores se involucren en la consecuci\u00f3n de los ODS y los incluyan en sus actividades diarias, y presentar los objetivos y las actividades de la colaboraci\u00f3n t\u00e9cnica entre el Infonavit y ONU-Habitat.<\/p>\n<p>Por otro lado, el Infonavit se involucra con esta jornada a partir de su proyecto \u2018El Infonavit liderando el cumplimiento de la Agenda 2030: La vivienda en el centro de los Objetivos de Desarrollo Sostenible\u2019, el cual tiene los siguientes objetivos:<\/p>\n<ul>\n<li>Generar evidencia con el fin de que Infonavit y los tres niveles de Gobierno de M\u00e9xico (municipal, estatal y federal) dispongan de insumos para alinear sus pol\u00edticas y programas a la Agenda 2030.<\/li>\n<li>Fomentar la construcci\u00f3n de vivienda adecuada y accesible, para colocarla como un elemento integrador de la planificaci\u00f3n urbana, la construcci\u00f3n de ciudad y el desarrollo sostenible.<\/li>\n<li>Alinear la operaci\u00f3n del Infonavit para el cumplimiento de la Agenda 2030.<\/li>\n<\/ul>\n","protected":false},"excerpt":{"rendered":"<p>Por Valeria G\u00f3mez Empleados del Instituto conocieron los fundamentos de la Agenda 2030, mismo que fue presentado por\u00a0especialistas de ONU-Habitat ONU-H\u00e1bitat\u00a0realiz\u00f3 la \u2018Jornada de Presentaci\u00f3n de los Objetivos de Desarrollo Sostenible\u2019, con el prop\u00f3sito de que los empleados del\u00a0Infonavit\u00a0tuvieran m\u00e1s acercamiento con la Agenda 2030 y los Objetivos de Desarrollo Sostenible (ODS) adoptados en 2015 [&hellip;]<\/p>\n","protected":false},"author":1,"featured_media":4176,"comment_status":"open","ping_status":"open","sticky":false,"template":"","format":"standard","meta":{"site-sidebar-layout":"default","site-content-layout":"","ast-site-content-layout":"default","site-content-style":"default","site-sidebar-style":"default","ast-global-header-display":"","ast-banner-title-visibility":"","ast-main-header-display":"","ast-hfb-above-header-display":"","ast-hfb-below-header-display":"","ast-hfb-mobile-header-display":"","site-post-title":"","ast-breadcrumbs-content":"","ast-featured-img":"","footer-sml-layout":"","ast-disable-related-posts":"","theme-transparent-header-meta":"","adv-header-id-meta":"","stick-header-meta":"","header-above-stick-meta":"","header-main-stick-meta":"","header-below-stick-meta":"","astra-migrate-meta-layouts":"default","ast-page-background-enabled":"default","ast-page-background-meta":{"desktop":{"background-color":"var(--ast-global-color-4)","background-image":"","background-repeat":"repeat","background-position":"center center","background-size":"auto","background-attachment":"scroll","background-type":"","background-media":"","overlay-type":"","overlay-color":"","overlay-opacity":"","overlay-gradient":""},"tablet":{"background-color":"","background-image":"","background-repeat":"repeat","background-position":"center center","background-size":"auto","background-attachment":"scroll","background-type":"","background-media":"","overlay-type":"","overlay-color":"","overlay-opacity":"","overlay-gradient":""},"mobile":{"background-color":"","background-image":"","background-repeat":"repeat","background-position":"center center","background-size":"auto","background-attachment":"scroll","background-type":"","background-media":"","overlay-type":"","overlay-color":"","overlay-opacity":"","overlay-gradient":""}},"ast-content-background-meta":{"desktop":{"background-color":"var(--ast-global-color-5)","background-image":"","background-repeat":"repeat","background-position":"center center","background-size":"auto","background-attachment":"scroll","background-type":"","background-media":"","overlay-type":"","overlay-color":"","overlay-opacity":"","overlay-gradient":""},"tablet":{"background-color":"var(--ast-global-color-5)","background-image":"","background-repeat":"repeat","background-position":"center center","background-size":"auto","background-attachment":"scroll","background-type":"","background-media":"","overlay-type":"","overlay-color":"","overlay-opacity":"","overlay-gradient":""},"mobile":{"background-color":"var(--ast-global-color-5)","background-image":"","background-repeat":"repeat","background-position":"center center","background-size":"auto","background-attachment":"scroll","background-type":"","background-media":"","overlay-type":"","overlay-color":"","overlay-opacity":"","overlay-gradient":""}},"footnotes":""},"categories":[4],"tags":[523,635,102,522],"class_list":["post-4175","post","type-post","status-publish","format-standard","has-post-thumbnail","hentry","category-noticias","tag-agenda-2030","tag-desarrollo-sostenible","tag-infonavit","tag-onu-habitat"],"_links":{"self":[{"href":"https:\/\/hombresymujeresdelacasa.com\/home\/wp-json\/wp\/v2\/posts\/4175","targetHints":{"allow":["GET"]}}],"collection":[{"href":"https:\/\/hombresymujeresdelacasa.com\/home\/wp-json\/wp\/v2\/posts"}],"about":[{"href":"https:\/\/hombresymujeresdelacasa.com\/home\/wp-json\/wp\/v2\/types\/post"}],"author":[{"embeddable":true,"href":"https:\/\/hombresymujeresdelacasa.com\/home\/wp-json\/wp\/v2\/users\/1"}],"replies":[{"embeddable":true,"href":"https:\/\/hombresymujeresdelacasa.com\/home\/wp-json\/wp\/v2\/comments?post=4175"}],"version-history":[{"count":1,"href":"https:\/\/hombresymujeresdelacasa.com\/home\/wp-json\/wp\/v2\/posts\/4175\/revisions"}],"predecessor-version":[{"id":4177,"href":"https:\/\/hombresymujeresdelacasa.com\/home\/wp-json\/wp\/v2\/posts\/4175\/revisions\/4177"}],"wp:featuredmedia":[{"embeddable":true,"href":"https:\/\/hombresymujeresdelacasa.com\/home\/wp-json\/wp\/v2\/media\/4176"}],"wp:attachment":[{"href":"https:\/\/hombresymujeresdelacasa.com\/home\/wp-json\/wp\/v2\/media?parent=4175"}],"wp:term":[{"taxonomy":"category","embeddable":true,"href":"https:\/\/hombresymujeresdelacasa.com\/home\/wp-json\/wp\/v2\/categories?post=4175"},{"taxonomy":"post_tag","embeddable":true,"href":"https:\/\/hombresymujeresdelacasa.com\/home\/wp-json\/wp\/v2\/tags?post=4175"}],"curies":[{"name":"wp","href":"https:\/\/api.w.org\/{rel}","templated":true}]}}