{"id":4156,"date":"2018-08-02T10:33:04","date_gmt":"2018-08-02T16:33:04","guid":{"rendered":"http:\/\/hombresymujeresdelacasa.com\/home\/?p=4156"},"modified":"2018-08-02T12:52:21","modified_gmt":"2018-08-02T18:52:21","slug":"nuevos-esquemas-de-vivienda-social-el-reto-para-proximo-gobierno-canadevi","status":"publish","type":"post","link":"https:\/\/hombresymujeresdelacasa.com\/home\/nuevos-esquemas-de-vivienda-social-el-reto-para-proximo-gobierno-canadevi\/","title":{"rendered":"Nuevos esquemas de vivienda social, el reto para pr\u00f3ximo gobierno: Canadevi"},"content":{"rendered":"<p>Por Fernando Navarrrete<\/p>\n<p><em>La C\u00e1mara destaca confianza y certidumbre en el mercado para mantener inversiones\u00a0\u00a0<\/em><span id=\"more-75576\"><\/span><\/p>\n<p>Uno de los principales retos para el pr\u00f3ximo gobierno en entidades como la Ciudad de M\u00e9xico y Monterrey, ser\u00e1 la creaci\u00f3n de\u00a0nuevos esquemas como los de vivienda social para atender la alta demanda de vivienda interurbana en zonas densamente pobladas, de acuerdo con\u00a0<strong>Carlos Medina<\/strong>, presidente de la C\u00e1mara Nacional de la Industria de Desarrollo y Promoci\u00f3n de Vivienda (<strong>CANADEVI<\/strong>).<\/p>\n<p>\u201cYo creo que se presenta uno de los retos m\u00e1s importantes porque son ciudades muy densas, ciudades muy pobladas, en donde el reto m\u00e1s importante para la Ciudad de M\u00e9xico, Monterrey y podamos tambi\u00e9n meter a Guadalajara, ser\u00e1 buscar espacios para hacer vivienda social, que ha sido tan complejo con tanta demanda\u201d, dijo Medina en entrevista\u00a0<strong>Desde Centro Urbano.<\/strong><\/p>\n<p>El ingeniero al frente de la CONADEVI a\u00f1adi\u00f3 que para lograrlo ser\u00e1 necesario hacer sinergia entre el sector privado y el sector gobierno para poder llegar a buen t\u00e9rmino; a\u00f1adi\u00f3 que hoy en la capital ven\u00a0muy buenas posibilidades de trabajar en equipo con el pr\u00f3ximo gobierno para \u201cpotencializar\u201d y \u201cmeter m\u00e1s fuerza\u201d a la vivienda.<\/p>\n<p>\u201cHoy vemos un mercado que camina a paso firme, hemos podido escuchar mensajes que dan tranquilidad al mercado y que nos mantienen en la inversi\u00f3n que hemos estado llevando\u201d, apunt\u00f3.<\/p>\n<p>Sobre la expectativas a nivel federal con los planes del sector del gobierno de Andr\u00e9s Manuel L\u00f3pez Obrador, el presidente de la CANADEVI, dijo que han tenido acercamiento con el equipo desde el periodo de campa\u00f1a, siempre con respeto a los proceso legales de transici\u00f3n, sin embargo tienen confianza en que no se desacelere \u201cel tren de la vivienda\u201d.<\/p>\n<p>\u201cHay que reconocer que desde el momento en que estuvimos trabajando con los coordinadores de campa\u00f1a, y en su caso con Rom\u00e1n Meyer, la comunicaci\u00f3n que hemos de recibido es de tranquilidad, de certeza, de confianza de que se van a mantener, pues el tren, y los programas que est\u00e9n funcionando\u201d, destac\u00f3.<\/p>\n<p>Finalmente anunci\u00f3 que la C\u00e1mara estar\u00e1 trabajando muy cerca del gobierno de transici\u00f3n para compartir su experiencia que ayude a perfeccionar los actuales planes de vivienda.<\/p>\n<div class=\"ast-oembed-container \" style=\"height: 100%;\"><iframe title=\"Crear esquemas de vivienda social, reto del pr\u00f3ximo gobierno\" width=\"500\" height=\"281\" src=\"https:\/\/www.youtube.com\/embed\/fgpNjNub4gE?feature=oembed\" frameborder=\"0\" allow=\"accelerometer; autoplay; clipboard-write; encrypted-media; gyroscope; picture-in-picture; web-share\" referrerpolicy=\"strict-origin-when-cross-origin\" allowfullscreen><\/iframe><\/div>\n","protected":false},"excerpt":{"rendered":"<p>Por Fernando Navarrrete La C\u00e1mara destaca confianza y certidumbre en el mercado para mantener inversiones\u00a0\u00a0 Uno de los principales retos para el pr\u00f3ximo gobierno en entidades como la Ciudad de M\u00e9xico y Monterrey, ser\u00e1 la creaci\u00f3n de\u00a0nuevos esquemas como los de vivienda social para atender la alta demanda de vivienda interurbana en zonas densamente pobladas, [&hellip;]<\/p>\n","protected":false},"author":1,"featured_media":4157,"comment_status":"open","ping_status":"open","sticky":false,"template":"","format":"standard","meta":{"site-sidebar-layout":"default","site-content-layout":"","ast-site-content-layout":"default","site-content-style":"default","site-sidebar-style":"default","ast-global-header-display":"","ast-banner-title-visibility":"","ast-main-header-display":"","ast-hfb-above-header-display":"","ast-hfb-below-header-display":"","ast-hfb-mobile-header-display":"","site-post-title":"","ast-breadcrumbs-content":"","ast-featured-img":"","footer-sml-layout":"","ast-disable-related-posts":"","theme-transparent-header-meta":"","adv-header-id-meta":"","stick-header-meta":"","header-above-stick-meta":"","header-main-stick-meta":"","header-below-stick-meta":"","astra-migrate-meta-layouts":"default","ast-page-background-enabled":"default","ast-page-background-meta":{"desktop":{"background-color":"var(--ast-global-color-4)","background-image":"","background-repeat":"repeat","background-position":"center center","background-size":"auto","background-attachment":"scroll","background-type":"","background-media":"","overlay-type":"","overlay-color":"","overlay-opacity":"","overlay-gradient":""},"tablet":{"background-color":"","background-image":"","background-repeat":"repeat","background-position":"center center","background-size":"auto","background-attachment":"scroll","background-type":"","background-media":"","overlay-type":"","overlay-color":"","overlay-opacity":"","overlay-gradient":""},"mobile":{"background-color":"","background-image":"","background-repeat":"repeat","background-position":"center center","background-size":"auto","background-attachment":"scroll","background-type":"","background-media":"","overlay-type":"","overlay-color":"","overlay-opacity":"","overlay-gradient":""}},"ast-content-background-meta":{"desktop":{"background-color":"var(--ast-global-color-5)","background-image":"","background-repeat":"repeat","background-position":"center center","background-size":"auto","background-attachment":"scroll","background-type":"","background-media":"","overlay-type":"","overlay-color":"","overlay-opacity":"","overlay-gradient":""},"tablet":{"background-color":"var(--ast-global-color-5)","background-image":"","background-repeat":"repeat","background-position":"center center","background-size":"auto","background-attachment":"scroll","background-type":"","background-media":"","overlay-type":"","overlay-color":"","overlay-opacity":"","overlay-gradient":""},"mobile":{"background-color":"var(--ast-global-color-5)","background-image":"","background-repeat":"repeat","background-position":"center center","background-size":"auto","background-attachment":"scroll","background-type":"","background-media":"","overlay-type":"","overlay-color":"","overlay-opacity":"","overlay-gradient":""}},"footnotes":""},"categories":[2],"tags":[861,34,38,910,178],"class_list":["post-4156","post","type-post","status-publish","format-standard","has-post-thumbnail","hentry","category-entrevistas","tag-andres-manuel-lopez-obrador","tag-canadevi","tag-carlos-medina","tag-proximo-gobierno","tag-vivienda-social"],"_links":{"self":[{"href":"https:\/\/hombresymujeresdelacasa.com\/home\/wp-json\/wp\/v2\/posts\/4156","targetHints":{"allow":["GET"]}}],"collection":[{"href":"https:\/\/hombresymujeresdelacasa.com\/home\/wp-json\/wp\/v2\/posts"}],"about":[{"href":"https:\/\/hombresymujeresdelacasa.com\/home\/wp-json\/wp\/v2\/types\/post"}],"author":[{"embeddable":true,"href":"https:\/\/hombresymujeresdelacasa.com\/home\/wp-json\/wp\/v2\/users\/1"}],"replies":[{"embeddable":true,"href":"https:\/\/hombresymujeresdelacasa.com\/home\/wp-json\/wp\/v2\/comments?post=4156"}],"version-history":[{"count":4,"href":"https:\/\/hombresymujeresdelacasa.com\/home\/wp-json\/wp\/v2\/posts\/4156\/revisions"}],"predecessor-version":[{"id":4161,"href":"https:\/\/hombresymujeresdelacasa.com\/home\/wp-json\/wp\/v2\/posts\/4156\/revisions\/4161"}],"wp:featuredmedia":[{"embeddable":true,"href":"https:\/\/hombresymujeresdelacasa.com\/home\/wp-json\/wp\/v2\/media\/4157"}],"wp:attachment":[{"href":"https:\/\/hombresymujeresdelacasa.com\/home\/wp-json\/wp\/v2\/media?parent=4156"}],"wp:term":[{"taxonomy":"category","embeddable":true,"href":"https:\/\/hombresymujeresdelacasa.com\/home\/wp-json\/wp\/v2\/categories?post=4156"},{"taxonomy":"post_tag","embeddable":true,"href":"https:\/\/hombresymujeresdelacasa.com\/home\/wp-json\/wp\/v2\/tags?post=4156"}],"curies":[{"name":"wp","href":"https:\/\/api.w.org\/{rel}","templated":true}]}}