{"id":4152,"date":"2018-07-31T16:06:42","date_gmt":"2018-07-31T22:06:42","guid":{"rendered":"http:\/\/hombresymujeresdelacasa.com\/home\/?p=4152"},"modified":"2018-08-01T09:17:53","modified_gmt":"2018-08-01T15:17:53","slug":"infonavit-alcanzara-los-10-5-millones-de-creditos-al-fin-de-2018","status":"publish","type":"post","link":"https:\/\/hombresymujeresdelacasa.com\/home\/infonavit-alcanzara-los-10-5-millones-de-creditos-al-fin-de-2018\/","title":{"rendered":"Infonavit alcanzar\u00e1 los 10.5 millones de cr\u00e9ditos al fin de 2018"},"content":{"rendered":"<p>Por Edgar Rosas<\/p>\n<p><em>David Penchyna dijo que el pr\u00f3ximo gobierno recibir\u00e1 un Infonavit fuerte, que entrega 1,500 financiamientos al d\u00eda<\/em><span id=\"more-75431\"><\/span><\/p>\n<p>El Instituto del Fondo Nacional de la Vivienda para los Trabajadores (<a href=\"http:\/\/infonavit.org.mx\/\" target=\"_blank\" rel=\"noopener noreferrer nofollow\">Infonavit<\/a>) cerrar\u00e1 la actual administraci\u00f3n con 10.5 millones de cr\u00e9ditos otorgados desde su nacimiento, adem\u00e1s de una inversi\u00f3n por arriba de 1 bill\u00f3n de pesos en el sexenio, se\u00f1al\u00f3\u00a0<a href=\"https:\/\/twitter.com\/davidpenchyna\" target=\"_blank\" rel=\"noopener noreferrer nofollow\">David Penchyna Grub<\/a>, director general del organismo.<\/p>\n<p>En gira por\u00a0<strong>Campeche<\/strong>, el directivo destac\u00f3 que, a punto de terminar la administraci\u00f3n federal, el Instituto que dirige se encuentra fortalecido. A\u00f1adi\u00f3 que el pr\u00f3ximo gobierno recibir\u00e1 un organismo s\u00f3lido.<\/p>\n<p>\u201cEn la administraci\u00f3n del presidente\u00a0<strong>Enrique Pe\u00f1a Nieto<\/strong>, (Infonavit) va a otorgar pr\u00e1cticamente 10.5 millones de cr\u00e9ditos. Vamos a entregar el Infonavit m\u00e1s fuerte de la historia, que contrasta con el de 1988, pues hoy entrega diariamente 1,500 hipotecas, y, adem\u00e1s, derivado del nuevo esquema de cr\u00e9dito en pesos y a tasa fija, el Instituto proyecta derramar para el cierre de la actual administraci\u00f3n, m\u00e1s de 1 bill\u00f3n de pesos, lo que significa superar en seis a\u00f1os toda la derrama econ\u00f3mica del Instituto en el Siglo XX\u201d, detall\u00f3.<\/p>\n<p>En su gira por la entidad, el funcionario inaugur\u00f3 el deportivo y \u00e1rea de juegos de la Unidad Habitacional Fidel Vel\u00e1zquez S\u00e1nchez en la ciudad de Campeche. Penchyna se\u00f1al\u00f3 que el Instituto, adem\u00e1s de cumplir con el mandato de financiar vivienda, se ha enfocado a coadyuvar en la construcci\u00f3n de mejores ciudades.<\/p>\n","protected":false},"excerpt":{"rendered":"<p>Por Edgar Rosas David Penchyna dijo que el pr\u00f3ximo gobierno recibir\u00e1 un Infonavit fuerte, que entrega 1,500 financiamientos al d\u00eda El Instituto del Fondo Nacional de la Vivienda para los Trabajadores (Infonavit) cerrar\u00e1 la actual administraci\u00f3n con 10.5 millones de cr\u00e9ditos otorgados desde su nacimiento, adem\u00e1s de una inversi\u00f3n por arriba de 1 bill\u00f3n de [&hellip;]<\/p>\n","protected":false},"author":1,"featured_media":4153,"comment_status":"open","ping_status":"open","sticky":false,"template":"","format":"standard","meta":{"site-sidebar-layout":"default","site-content-layout":"","ast-site-content-layout":"default","site-content-style":"default","site-sidebar-style":"default","ast-global-header-display":"","ast-banner-title-visibility":"","ast-main-header-display":"","ast-hfb-above-header-display":"","ast-hfb-below-header-display":"","ast-hfb-mobile-header-display":"","site-post-title":"","ast-breadcrumbs-content":"","ast-featured-img":"","footer-sml-layout":"","ast-disable-related-posts":"","theme-transparent-header-meta":"","adv-header-id-meta":"","stick-header-meta":"","header-above-stick-meta":"","header-main-stick-meta":"","header-below-stick-meta":"","astra-migrate-meta-layouts":"default","ast-page-background-enabled":"default","ast-page-background-meta":{"desktop":{"background-color":"var(--ast-global-color-4)","background-image":"","background-repeat":"repeat","background-position":"center center","background-size":"auto","background-attachment":"scroll","background-type":"","background-media":"","overlay-type":"","overlay-color":"","overlay-opacity":"","overlay-gradient":""},"tablet":{"background-color":"","background-image":"","background-repeat":"repeat","background-position":"center center","background-size":"auto","background-attachment":"scroll","background-type":"","background-media":"","overlay-type":"","overlay-color":"","overlay-opacity":"","overlay-gradient":""},"mobile":{"background-color":"","background-image":"","background-repeat":"repeat","background-position":"center center","background-size":"auto","background-attachment":"scroll","background-type":"","background-media":"","overlay-type":"","overlay-color":"","overlay-opacity":"","overlay-gradient":""}},"ast-content-background-meta":{"desktop":{"background-color":"var(--ast-global-color-5)","background-image":"","background-repeat":"repeat","background-position":"center center","background-size":"auto","background-attachment":"scroll","background-type":"","background-media":"","overlay-type":"","overlay-color":"","overlay-opacity":"","overlay-gradient":""},"tablet":{"background-color":"var(--ast-global-color-5)","background-image":"","background-repeat":"repeat","background-position":"center center","background-size":"auto","background-attachment":"scroll","background-type":"","background-media":"","overlay-type":"","overlay-color":"","overlay-opacity":"","overlay-gradient":""},"mobile":{"background-color":"var(--ast-global-color-5)","background-image":"","background-repeat":"repeat","background-position":"center center","background-size":"auto","background-attachment":"scroll","background-type":"","background-media":"","overlay-type":"","overlay-color":"","overlay-opacity":"","overlay-gradient":""}},"footnotes":""},"categories":[4],"tags":[33,60,102,177],"class_list":["post-4152","post","type-post","status-publish","format-standard","has-post-thumbnail","hentry","category-noticias","tag-campeche","tag-david-penchyna-grub","tag-infonavit","tag-vivienda"],"_links":{"self":[{"href":"https:\/\/hombresymujeresdelacasa.com\/home\/wp-json\/wp\/v2\/posts\/4152","targetHints":{"allow":["GET"]}}],"collection":[{"href":"https:\/\/hombresymujeresdelacasa.com\/home\/wp-json\/wp\/v2\/posts"}],"about":[{"href":"https:\/\/hombresymujeresdelacasa.com\/home\/wp-json\/wp\/v2\/types\/post"}],"author":[{"embeddable":true,"href":"https:\/\/hombresymujeresdelacasa.com\/home\/wp-json\/wp\/v2\/users\/1"}],"replies":[{"embeddable":true,"href":"https:\/\/hombresymujeresdelacasa.com\/home\/wp-json\/wp\/v2\/comments?post=4152"}],"version-history":[{"count":1,"href":"https:\/\/hombresymujeresdelacasa.com\/home\/wp-json\/wp\/v2\/posts\/4152\/revisions"}],"predecessor-version":[{"id":4154,"href":"https:\/\/hombresymujeresdelacasa.com\/home\/wp-json\/wp\/v2\/posts\/4152\/revisions\/4154"}],"wp:featuredmedia":[{"embeddable":true,"href":"https:\/\/hombresymujeresdelacasa.com\/home\/wp-json\/wp\/v2\/media\/4153"}],"wp:attachment":[{"href":"https:\/\/hombresymujeresdelacasa.com\/home\/wp-json\/wp\/v2\/media?parent=4152"}],"wp:term":[{"taxonomy":"category","embeddable":true,"href":"https:\/\/hombresymujeresdelacasa.com\/home\/wp-json\/wp\/v2\/categories?post=4152"},{"taxonomy":"post_tag","embeddable":true,"href":"https:\/\/hombresymujeresdelacasa.com\/home\/wp-json\/wp\/v2\/tags?post=4152"}],"curies":[{"name":"wp","href":"https:\/\/api.w.org\/{rel}","templated":true}]}}