{"id":4142,"date":"2018-07-31T08:00:36","date_gmt":"2018-07-31T14:00:36","guid":{"rendered":"http:\/\/hombresymujeresdelacasa.com\/home\/?p=4142"},"modified":"2018-07-31T10:44:00","modified_gmt":"2018-07-31T16:44:00","slug":"aumento-registro-de-vivienda-vertical-en-el-ruv","status":"publish","type":"post","link":"https:\/\/hombresymujeresdelacasa.com\/home\/aumento-registro-de-vivienda-vertical-en-el-ruv\/","title":{"rendered":"Aument\u00f3 registro de vivienda vertical en el RUV"},"content":{"rendered":"<p>Por Edgar Rosas<\/p>\n<p><em>En los primeros cinco meses de 2018 el tiempo de venta de las viviendas se redujo a 112 d\u00edas<\/em><span id=\"more-75367\"><\/span><\/p>\n<p>Al cierre de mayo, la inscripci\u00f3n de vivienda tipo\u00a0<strong>vertical\u00a0<\/strong>en M\u00e9xico creci\u00f3 2.8%, con lo que represent\u00f3 29.3% de las unidades registradas en el periodo. La proporci\u00f3n de vivienda de este tipo registrada, representa un nuevo m\u00e1ximo observado desde 2012.<\/p>\n<p>De acuerdo con el Reporte Mensual del Sector Vivienda correspondiente a julio, de enero a mayo 2018, de inscribieron 101,700 unidades en el Registro \u00danico de Vivienda (<a href=\"http:\/\/portal.ruv.org.mx\/\" target=\"_blank\" rel=\"noopener noreferrer nofollow\">RUV<\/a>). La cifra equivale a un incremento de 15.1% en relaci\u00f3n al mismo periodo, pero de 2017.<\/p>\n<p>\u201cEn correspondencia con las acciones emprendidas para controlar la expansi\u00f3n de las manchas urbanas, el registro de vivienda de tipo vertical alcanz\u00f3 una participaci\u00f3n del 29.3% en los primeros cinco meses de 2018\u201d, detall\u00f3 la Comisi\u00f3n Nacional de Vivienda (<a href=\"http:\/\/www.gob.mx\/conavi\" target=\"_blank\" rel=\"noopener noreferrer nofollow\">Conavi<\/a>) en el documento.<\/p>\n<p>&nbsp;<\/p>\n<div id=\"attachment_75377\" class=\"wp-caption aligncenter\" style=\"width: 290px;\"><a href=\"https:\/\/centrourbano.com\/revista\/wp-content\/uploads\/Vivienda-Vertical_1.jpg\" target=\"_blank\" rel=\"noopener noreferrer nofollow\"><img fetchpriority=\"high\" decoding=\"async\" class=\"wp-image-75377\" src=\"https:\/\/centrourbano.com\/revista\/wp-content\/uploads\/Vivienda-Vertical_1.jpg\" sizes=\"(max-width: 300px) 100vw, 300px\" srcset=\"https:\/\/centrourbano.com\/revista\/wp-content\/uploads\/Vivienda-Vertical_1.jpg 552w, https:\/\/centrourbano.com\/revista\/wp-content\/uploads\/Vivienda-Vertical_1-300x289.jpg 300w, https:\/\/centrourbano.com\/revista\/wp-content\/uploads\/Vivienda-Vertical_1-250x242.jpg 250w\" alt=\"\" width=\"290\" height=\"281\" \/><\/a><\/p>\n<p class=\"wp-caption-text\">Fuente:Conavi<\/p>\n<\/div>\n<p>Por otro lado, el tiempo estimado de\u00a0<strong>venta\u00a0<\/strong>se redujo a 112 d\u00edas. Este comportamiento, destac\u00f3 el organismo, \u201crompi\u00f3 la tendencia de aletargamiento observada en los \u00faltimos tres meses\u201d.<\/p>\n<p>\u201cLa duraci\u00f3n mediana tambi\u00e9n experiment\u00f3 una reducci\u00f3n al ubicarse en 55 d\u00edas. Al cierre de mayo de 2018, las\u00a0<strong>viviendas en construcci\u00f3n<\/strong>, terminadas, y de habitabilidad reciente, acumularon 360.4 mil unidades, 0.4% arriba del nivel reportado un a\u00f1o atr\u00e1s (\u2026) Los inicios de verificaci\u00f3n incrementaron 20%, al contabilizarse 98,000 unidades en el periodo\u201d, se\u00f1al\u00f3.<\/p>\n<p>Cabe se\u00f1alar que, en el periodo reportado, el municipio de Benito Ju\u00e1rez (Canc\u00fan), en Quintana Roo, fue la demarcaci\u00f3n con el mayor n\u00famero de inscripciones en el Registro \u00danico de Vivienda (RUV). En el per\u00edodo, esta localidad del sureste mexicano alcanz\u00f3 un total de 5,000 unidades registradas.<\/p>\n","protected":false},"excerpt":{"rendered":"<p>Por Edgar Rosas En los primeros cinco meses de 2018 el tiempo de venta de las viviendas se redujo a 112 d\u00edas Al cierre de mayo, la inscripci\u00f3n de vivienda tipo\u00a0vertical\u00a0en M\u00e9xico creci\u00f3 2.8%, con lo que represent\u00f3 29.3% de las unidades registradas en el periodo. La proporci\u00f3n de vivienda de este tipo registrada, representa [&hellip;]<\/p>\n","protected":false},"author":1,"featured_media":4143,"comment_status":"open","ping_status":"open","sticky":false,"template":"","format":"standard","meta":{"site-sidebar-layout":"default","site-content-layout":"","ast-site-content-layout":"default","site-content-style":"default","site-sidebar-style":"default","ast-global-header-display":"","ast-banner-title-visibility":"","ast-main-header-display":"","ast-hfb-above-header-display":"","ast-hfb-below-header-display":"","ast-hfb-mobile-header-display":"","site-post-title":"","ast-breadcrumbs-content":"","ast-featured-img":"","footer-sml-layout":"","ast-disable-related-posts":"","theme-transparent-header-meta":"","adv-header-id-meta":"","stick-header-meta":"","header-above-stick-meta":"","header-main-stick-meta":"","header-below-stick-meta":"","astra-migrate-meta-layouts":"default","ast-page-background-enabled":"default","ast-page-background-meta":{"desktop":{"background-color":"var(--ast-global-color-4)","background-image":"","background-repeat":"repeat","background-position":"center center","background-size":"auto","background-attachment":"scroll","background-type":"","background-media":"","overlay-type":"","overlay-color":"","overlay-opacity":"","overlay-gradient":""},"tablet":{"background-color":"","background-image":"","background-repeat":"repeat","background-position":"center center","background-size":"auto","background-attachment":"scroll","background-type":"","background-media":"","overlay-type":"","overlay-color":"","overlay-opacity":"","overlay-gradient":""},"mobile":{"background-color":"","background-image":"","background-repeat":"repeat","background-position":"center center","background-size":"auto","background-attachment":"scroll","background-type":"","background-media":"","overlay-type":"","overlay-color":"","overlay-opacity":"","overlay-gradient":""}},"ast-content-background-meta":{"desktop":{"background-color":"var(--ast-global-color-5)","background-image":"","background-repeat":"repeat","background-position":"center center","background-size":"auto","background-attachment":"scroll","background-type":"","background-media":"","overlay-type":"","overlay-color":"","overlay-opacity":"","overlay-gradient":""},"tablet":{"background-color":"var(--ast-global-color-5)","background-image":"","background-repeat":"repeat","background-position":"center center","background-size":"auto","background-attachment":"scroll","background-type":"","background-media":"","overlay-type":"","overlay-color":"","overlay-opacity":"","overlay-gradient":""},"mobile":{"background-color":"var(--ast-global-color-5)","background-image":"","background-repeat":"repeat","background-position":"center center","background-size":"auto","background-attachment":"scroll","background-type":"","background-media":"","overlay-type":"","overlay-color":"","overlay-opacity":"","overlay-gradient":""}},"footnotes":""},"categories":[4],"tags":[906,529,139,645],"class_list":["post-4142","post","type-post","status-publish","format-standard","has-post-thumbnail","hentry","category-noticias","tag-inscripcion","tag-registro-unico-de-vivienda","tag-ruv","tag-vivienda-vertical"],"_links":{"self":[{"href":"https:\/\/hombresymujeresdelacasa.com\/home\/wp-json\/wp\/v2\/posts\/4142","targetHints":{"allow":["GET"]}}],"collection":[{"href":"https:\/\/hombresymujeresdelacasa.com\/home\/wp-json\/wp\/v2\/posts"}],"about":[{"href":"https:\/\/hombresymujeresdelacasa.com\/home\/wp-json\/wp\/v2\/types\/post"}],"author":[{"embeddable":true,"href":"https:\/\/hombresymujeresdelacasa.com\/home\/wp-json\/wp\/v2\/users\/1"}],"replies":[{"embeddable":true,"href":"https:\/\/hombresymujeresdelacasa.com\/home\/wp-json\/wp\/v2\/comments?post=4142"}],"version-history":[{"count":1,"href":"https:\/\/hombresymujeresdelacasa.com\/home\/wp-json\/wp\/v2\/posts\/4142\/revisions"}],"predecessor-version":[{"id":4144,"href":"https:\/\/hombresymujeresdelacasa.com\/home\/wp-json\/wp\/v2\/posts\/4142\/revisions\/4144"}],"wp:featuredmedia":[{"embeddable":true,"href":"https:\/\/hombresymujeresdelacasa.com\/home\/wp-json\/wp\/v2\/media\/4143"}],"wp:attachment":[{"href":"https:\/\/hombresymujeresdelacasa.com\/home\/wp-json\/wp\/v2\/media?parent=4142"}],"wp:term":[{"taxonomy":"category","embeddable":true,"href":"https:\/\/hombresymujeresdelacasa.com\/home\/wp-json\/wp\/v2\/categories?post=4142"},{"taxonomy":"post_tag","embeddable":true,"href":"https:\/\/hombresymujeresdelacasa.com\/home\/wp-json\/wp\/v2\/tags?post=4142"}],"curies":[{"name":"wp","href":"https:\/\/api.w.org\/{rel}","templated":true}]}}