{"id":4122,"date":"2018-07-26T19:45:59","date_gmt":"2018-07-27T01:45:59","guid":{"rendered":"http:\/\/hombresymujeresdelacasa.com\/home\/?p=4122"},"modified":"2018-07-27T11:12:36","modified_gmt":"2018-07-27T17:12:36","slug":"pide-convives-trabajar-en-esquemas-para-mexicanos-en-rezago","status":"publish","type":"post","link":"https:\/\/hombresymujeresdelacasa.com\/home\/pide-convives-trabajar-en-esquemas-para-mexicanos-en-rezago\/","title":{"rendered":"Pide Convives trabajar en esquemas para mexicanos en rezago"},"content":{"rendered":"<p>Por Edgar Rosas<\/p>\n<p><em>Carlos de la Garza, presidente de Convives, se\u00f1al\u00f3 que se deben concretar sinergias, como la de Canadevi e Infonavit, para apoyar a quienes perciben bajos ingresos y no tienen acceso a los esquemas tradicionales de cr\u00e9dito<\/em><span id=\"more-75198\"><\/span><\/p>\n<p>Una de las prioridades para\u00a0<a href=\"http:\/\/www.convives.org\/\" target=\"_blank\" rel=\"noopener nofollow\">Convives\u00a0<\/a>en la pr\u00f3xima administraci\u00f3n ser\u00e1 concretar esquemas financieros que permitan a las personas de bajos salarios acceder a una soluci\u00f3n habitacional. Por ello, a decir de\u00a0<a href=\"https:\/\/twitter.com\/CarlosConvives\" target=\"_blank\" rel=\"noopener nofollow\">Carlos de la Garza<\/a>, presidente del organismo, se buscar\u00e1 trabajar de la mano con el gobierno para impulsar los mecanismos necesarios y atender a la base de la pir\u00e1mide, sobre todo aquellos que viven en zonas rurales.<\/p>\n<p>En entrevista con\u00a0<strong>Centro Urbano<\/strong>, De la Garza manifest\u00f3 que ser\u00e1 necesario robustecer el trabajo coordinado entre iniciativa privada y gobierno para atender a quienes perciben bajos ingresos. Dijo que as\u00ed como\u00a0<strong>Canadevi\u00a0<\/strong>e\u00a0<strong>Infonavit\u00a0<\/strong>lograron sinergias para atender a un segmento de la clase trabajadora, de la misma forma se deber\u00e1n encontrar esquemas para atender a personas no afiliadas que habitan en peque\u00f1as comunidades y que ven en la autoproducci\u00f3n una opci\u00f3n para acceder a una vivienda.<\/p>\n<p>\u201cCon el nuevo gobierno queremos trabajar de la mano para que se desarrollen mejores instrumentos financieros. Buscamos de alguna manera madurar a la industria, as\u00ed como lo ha hecho correctamente Canadevi con el Infonavit, y al igual que ellos, podamos explotar la oferta y la demanda de la vivienda y atender estos mexicanos que est\u00e1n tan rezagados\u201d, dijo.<\/p>\n<p><strong>La reconstrucci\u00f3n<\/strong><\/p>\n<p>De la Garza se\u00f1al\u00f3 que las empresas que integran Convives mantienen los trabajos en torno a la reconstrucci\u00f3n de vivienda en las localidades afectadas por los sismos de septiembre 2017. Se\u00f1al\u00f3 que en las entidades donde participan las empresas del Consejo, hay avances importantes.<\/p>\n<p>\u201cLas empresas que conformamos Convives fuimos convocados por el gobierno federal para apoyar tras sismos y estamos trabajando muy fuertes. Hay avances muy importantes en el tema. Si bien es cierto que no todo sea resuelto, al menos en los estados donde nosotros trabajamos, particularmente en Oaxaca, Chiapas y Puebla hay avances significativos\u201d, explic\u00f3.<\/p>\n<p>El Presidente de Convives se\u00f1al\u00f3 que si bien se han realizado esfuerzos importantes, el proceso de reconstrucci\u00f3n tardar\u00e1 m\u00e1s de un a\u00f1o. Reiter\u00f3 que en las zonas rurales afectadas por los movimientos tel\u00faricos, hay avances en cuanto a reposici\u00f3n y reparaci\u00f3n de viviendas.<\/p>\n<p>Por otro lado, De la Garza habl\u00f3 sobre las declaraciones del nuevo gobierno en donde se asegur\u00f3 que el proceso de reconstrucci\u00f3n ser\u00e1\u00a0<strong>prioridad<\/strong>. Al respecto, el empresario se mostr\u00f3 optimista sobre este enfoque que se plantea por la nueva administraci\u00f3n.<\/p>\n<p>\u201cMe gusta el tema del Comisionado (para la Reconstrucci\u00f3n) y eso de poner foco en la reconstrucci\u00f3n, porque espero que con eso podamos dar transparencia a las acciones y sobretodo m\u00e1s publicidad. Creo que a veces falta informaci\u00f3n y necesitamos comunicar mejor la informaci\u00f3n de lo que est\u00e1 pasando a nivel de cancha. Esperamos tener la oportunidad de dialogar con el Comisionado, para que en conjunto, iniciativa privada y gobierno, podamos avanzar en el tema\u201d, se\u00f1al\u00f3.<\/p>\n","protected":false},"excerpt":{"rendered":"<p>Por Edgar Rosas Carlos de la Garza, presidente de Convives, se\u00f1al\u00f3 que se deben concretar sinergias, como la de Canadevi e Infonavit, para apoyar a quienes perciben bajos ingresos y no tienen acceso a los esquemas tradicionales de cr\u00e9dito Una de las prioridades para\u00a0Convives\u00a0en la pr\u00f3xima administraci\u00f3n ser\u00e1 concretar esquemas financieros que permitan a las [&hellip;]<\/p>\n","protected":false},"author":1,"featured_media":4003,"comment_status":"open","ping_status":"open","sticky":false,"template":"","format":"standard","meta":{"site-sidebar-layout":"default","site-content-layout":"","ast-site-content-layout":"default","site-content-style":"default","site-sidebar-style":"default","ast-global-header-display":"","ast-banner-title-visibility":"","ast-main-header-display":"","ast-hfb-above-header-display":"","ast-hfb-below-header-display":"","ast-hfb-mobile-header-display":"","site-post-title":"","ast-breadcrumbs-content":"","ast-featured-img":"","footer-sml-layout":"","ast-disable-related-posts":"","theme-transparent-header-meta":"","adv-header-id-meta":"","stick-header-meta":"","header-above-stick-meta":"","header-main-stick-meta":"","header-below-stick-meta":"","astra-migrate-meta-layouts":"default","ast-page-background-enabled":"default","ast-page-background-meta":{"desktop":{"background-color":"var(--ast-global-color-4)","background-image":"","background-repeat":"repeat","background-position":"center center","background-size":"auto","background-attachment":"scroll","background-type":"","background-media":"","overlay-type":"","overlay-color":"","overlay-opacity":"","overlay-gradient":""},"tablet":{"background-color":"","background-image":"","background-repeat":"repeat","background-position":"center center","background-size":"auto","background-attachment":"scroll","background-type":"","background-media":"","overlay-type":"","overlay-color":"","overlay-opacity":"","overlay-gradient":""},"mobile":{"background-color":"","background-image":"","background-repeat":"repeat","background-position":"center center","background-size":"auto","background-attachment":"scroll","background-type":"","background-media":"","overlay-type":"","overlay-color":"","overlay-opacity":"","overlay-gradient":""}},"ast-content-background-meta":{"desktop":{"background-color":"var(--ast-global-color-5)","background-image":"","background-repeat":"repeat","background-position":"center center","background-size":"auto","background-attachment":"scroll","background-type":"","background-media":"","overlay-type":"","overlay-color":"","overlay-opacity":"","overlay-gradient":""},"tablet":{"background-color":"var(--ast-global-color-5)","background-image":"","background-repeat":"repeat","background-position":"center center","background-size":"auto","background-attachment":"scroll","background-type":"","background-media":"","overlay-type":"","overlay-color":"","overlay-opacity":"","overlay-gradient":""},"mobile":{"background-color":"var(--ast-global-color-5)","background-image":"","background-repeat":"repeat","background-position":"center center","background-size":"auto","background-attachment":"scroll","background-type":"","background-media":"","overlay-type":"","overlay-color":"","overlay-opacity":"","overlay-gradient":""}},"footnotes":""},"categories":[2],"tags":[537,538,54,539,900],"class_list":["post-4122","post","type-post","status-publish","format-standard","has-post-thumbnail","hentry","category-entrevistas","tag-bajos-salarios","tag-carlos-de-la-garza","tag-convives","tag-no-afiliados","tag-nuevo-gobierno"],"_links":{"self":[{"href":"https:\/\/hombresymujeresdelacasa.com\/home\/wp-json\/wp\/v2\/posts\/4122","targetHints":{"allow":["GET"]}}],"collection":[{"href":"https:\/\/hombresymujeresdelacasa.com\/home\/wp-json\/wp\/v2\/posts"}],"about":[{"href":"https:\/\/hombresymujeresdelacasa.com\/home\/wp-json\/wp\/v2\/types\/post"}],"author":[{"embeddable":true,"href":"https:\/\/hombresymujeresdelacasa.com\/home\/wp-json\/wp\/v2\/users\/1"}],"replies":[{"embeddable":true,"href":"https:\/\/hombresymujeresdelacasa.com\/home\/wp-json\/wp\/v2\/comments?post=4122"}],"version-history":[{"count":1,"href":"https:\/\/hombresymujeresdelacasa.com\/home\/wp-json\/wp\/v2\/posts\/4122\/revisions"}],"predecessor-version":[{"id":4123,"href":"https:\/\/hombresymujeresdelacasa.com\/home\/wp-json\/wp\/v2\/posts\/4122\/revisions\/4123"}],"wp:featuredmedia":[{"embeddable":true,"href":"https:\/\/hombresymujeresdelacasa.com\/home\/wp-json\/wp\/v2\/media\/4003"}],"wp:attachment":[{"href":"https:\/\/hombresymujeresdelacasa.com\/home\/wp-json\/wp\/v2\/media?parent=4122"}],"wp:term":[{"taxonomy":"category","embeddable":true,"href":"https:\/\/hombresymujeresdelacasa.com\/home\/wp-json\/wp\/v2\/categories?post=4122"},{"taxonomy":"post_tag","embeddable":true,"href":"https:\/\/hombresymujeresdelacasa.com\/home\/wp-json\/wp\/v2\/tags?post=4122"}],"curies":[{"name":"wp","href":"https:\/\/api.w.org\/{rel}","templated":true}]}}