{"id":4040,"date":"2018-07-10T11:34:19","date_gmt":"2018-07-10T17:34:19","guid":{"rendered":"http:\/\/hombresymujeresdelacasa.com\/home\/?p=4040"},"modified":"2018-07-10T11:45:14","modified_gmt":"2018-07-10T17:45:14","slug":"socio-infonavit-ofrecera-beneficios-a-60-millones-de-acreditados","status":"publish","type":"post","link":"https:\/\/hombresymujeresdelacasa.com\/home\/socio-infonavit-ofrecera-beneficios-a-60-millones-de-acreditados\/","title":{"rendered":"Socio Infonavit ofrecer\u00e1 beneficios a 60 millones de acreditados"},"content":{"rendered":"<p>Por Hanae Pacheco<\/p>\n<p><em>A trav\u00e9s de la p\u00e1gina app.socioinfonavit.com y de actualizar datos de \u2018Mi Cuenta Infonavit\u2019 se podr\u00e1n tener descuentos<\/em><br \/>\n<span id=\"more-74155\"><\/span><\/p>\n<p>El director general del Instituto del Fondo Nacional de la Vivienda para los Trabajadores (Infonavit), David Penchyna, present\u00f3 el programa \u2018Socio Infonavit\u2019, a trav\u00e9s del cual los 60 millones de derechohabientes de la instituci\u00f3n podr\u00e1n tener diversos descuentos y beneficios con varias empresas que les ofrezcan alguna soluci\u00f3n para su vida diaria.<\/p>\n<p>Agreg\u00f3 que el Infonavit, adem\u00e1s de materializar el derecho constitucional a acceder a una vivienda digna, abrir\u00e1 la puerta a beneficios concretos y palpables para todos los derechohabientes activos y no activos, mediante dicho programa.<\/p>\n<p>\u201cNuestros trabajadores van a tener acceso directo a un portafolio de beneficios ofrecidos por marcas que se unieron en favor de una mejor experiencia. Este programa naci\u00f3 de una referencia hecha por el Presidente de la Rep\u00fablica al anunciar la entrega de un dividendo extraordinario para los derechohabientes de 16,300 millones de pesos, cuando recalc\u00f3 que los trabajadores son adem\u00e1s socios de la Instituci\u00f3n\u201d, explic\u00f3.<\/p>\n<p>&nbsp;<\/p>\n<p><a href=\"https:\/\/centrourbano.com\/2018\/07\/09\/revista-vivienda-julio-agosto-2018\/\" target=\"_blank\" rel=\"noopener noreferrer nofollow\"><strong>Consulta la nota completa aqu\u00ed<\/strong><\/a><\/p>\n","protected":false},"excerpt":{"rendered":"<p>Por Hanae Pacheco A trav\u00e9s de la p\u00e1gina app.socioinfonavit.com y de actualizar datos de \u2018Mi Cuenta Infonavit\u2019 se podr\u00e1n tener descuentos El director general del Instituto del Fondo Nacional de la Vivienda para los Trabajadores (Infonavit), David Penchyna, present\u00f3 el programa \u2018Socio Infonavit\u2019, a trav\u00e9s del cual los 60 millones de derechohabientes de la instituci\u00f3n [&hellip;]<\/p>\n","protected":false},"author":1,"featured_media":3886,"comment_status":"open","ping_status":"open","sticky":false,"template":"","format":"standard","meta":{"site-sidebar-layout":"default","site-content-layout":"","ast-site-content-layout":"default","site-content-style":"default","site-sidebar-style":"default","ast-global-header-display":"","ast-banner-title-visibility":"","ast-main-header-display":"","ast-hfb-above-header-display":"","ast-hfb-below-header-display":"","ast-hfb-mobile-header-display":"","site-post-title":"","ast-breadcrumbs-content":"","ast-featured-img":"","footer-sml-layout":"","ast-disable-related-posts":"","theme-transparent-header-meta":"","adv-header-id-meta":"","stick-header-meta":"","header-above-stick-meta":"","header-main-stick-meta":"","header-below-stick-meta":"","astra-migrate-meta-layouts":"default","ast-page-background-enabled":"default","ast-page-background-meta":{"desktop":{"background-color":"var(--ast-global-color-4)","background-image":"","background-repeat":"repeat","background-position":"center center","background-size":"auto","background-attachment":"scroll","background-type":"","background-media":"","overlay-type":"","overlay-color":"","overlay-opacity":"","overlay-gradient":""},"tablet":{"background-color":"","background-image":"","background-repeat":"repeat","background-position":"center center","background-size":"auto","background-attachment":"scroll","background-type":"","background-media":"","overlay-type":"","overlay-color":"","overlay-opacity":"","overlay-gradient":""},"mobile":{"background-color":"","background-image":"","background-repeat":"repeat","background-position":"center center","background-size":"auto","background-attachment":"scroll","background-type":"","background-media":"","overlay-type":"","overlay-color":"","overlay-opacity":"","overlay-gradient":""}},"ast-content-background-meta":{"desktop":{"background-color":"var(--ast-global-color-5)","background-image":"","background-repeat":"repeat","background-position":"center center","background-size":"auto","background-attachment":"scroll","background-type":"","background-media":"","overlay-type":"","overlay-color":"","overlay-opacity":"","overlay-gradient":""},"tablet":{"background-color":"var(--ast-global-color-5)","background-image":"","background-repeat":"repeat","background-position":"center center","background-size":"auto","background-attachment":"scroll","background-type":"","background-media":"","overlay-type":"","overlay-color":"","overlay-opacity":"","overlay-gradient":""},"mobile":{"background-color":"var(--ast-global-color-5)","background-image":"","background-repeat":"repeat","background-position":"center center","background-size":"auto","background-attachment":"scroll","background-type":"","background-media":"","overlay-type":"","overlay-color":"","overlay-opacity":"","overlay-gradient":""}},"footnotes":""},"categories":[4],"tags":[59,826,870,827,871],"class_list":["post-4040","post","type-post","status-publish","format-standard","has-post-thumbnail","hentry","category-noticias","tag-david-penchyna","tag-mi-cuenta-infonavit","tag-revista-vivienda","tag-socio-infonavit","tag-vivienda-digna"],"_links":{"self":[{"href":"https:\/\/hombresymujeresdelacasa.com\/home\/wp-json\/wp\/v2\/posts\/4040","targetHints":{"allow":["GET"]}}],"collection":[{"href":"https:\/\/hombresymujeresdelacasa.com\/home\/wp-json\/wp\/v2\/posts"}],"about":[{"href":"https:\/\/hombresymujeresdelacasa.com\/home\/wp-json\/wp\/v2\/types\/post"}],"author":[{"embeddable":true,"href":"https:\/\/hombresymujeresdelacasa.com\/home\/wp-json\/wp\/v2\/users\/1"}],"replies":[{"embeddable":true,"href":"https:\/\/hombresymujeresdelacasa.com\/home\/wp-json\/wp\/v2\/comments?post=4040"}],"version-history":[{"count":1,"href":"https:\/\/hombresymujeresdelacasa.com\/home\/wp-json\/wp\/v2\/posts\/4040\/revisions"}],"predecessor-version":[{"id":4041,"href":"https:\/\/hombresymujeresdelacasa.com\/home\/wp-json\/wp\/v2\/posts\/4040\/revisions\/4041"}],"wp:featuredmedia":[{"embeddable":true,"href":"https:\/\/hombresymujeresdelacasa.com\/home\/wp-json\/wp\/v2\/media\/3886"}],"wp:attachment":[{"href":"https:\/\/hombresymujeresdelacasa.com\/home\/wp-json\/wp\/v2\/media?parent=4040"}],"wp:term":[{"taxonomy":"category","embeddable":true,"href":"https:\/\/hombresymujeresdelacasa.com\/home\/wp-json\/wp\/v2\/categories?post=4040"},{"taxonomy":"post_tag","embeddable":true,"href":"https:\/\/hombresymujeresdelacasa.com\/home\/wp-json\/wp\/v2\/tags?post=4040"}],"curies":[{"name":"wp","href":"https:\/\/api.w.org\/{rel}","templated":true}]}}