{"id":3972,"date":"2018-06-27T12:13:22","date_gmt":"2018-06-27T18:13:22","guid":{"rendered":"http:\/\/hombresymujeresdelacasa.com\/home\/?p=3972"},"modified":"2018-06-27T12:13:22","modified_gmt":"2018-06-27T18:13:22","slug":"conavi-12-anos-promoviendo-las-politicas-y-programas-de-vivienda","status":"publish","type":"post","link":"https:\/\/hombresymujeresdelacasa.com\/home\/conavi-12-anos-promoviendo-las-politicas-y-programas-de-vivienda\/","title":{"rendered":"CONAVI, 12 a\u00f1os promoviendo las pol\u00edticas y programas de vivienda"},"content":{"rendered":"<p>Por Dalia V\u00e1zquez<\/p>\n<p><em>Una de sus facultades es coordinar el Programa de Acceso al Financiamiento para Soluciones Habitacionales<\/em><\/p>\n<p>Durante 12 a\u00f1os, la Comisi\u00f3n Nacional de Vivienda (Conavi) ha impulsado a trav\u00e9s del dise\u00f1o, implementaci\u00f3n y coordinaci\u00f3n de pol\u00edticas de vivienda, el desarrollo de condiciones \u00f3ptimas para que las familias mexicanas puedan acceder a viviendas dignas, tomando en cuenta sus necesidades y posibilidades.<\/p>\n<p>&nbsp;<\/p>\n<p>Alguna de sus facultades es coordinar el Programa de Acceso al Financiamiento para Soluciones Habitacionales, que ofrece a la poblaci\u00f3n de bajos ingresos las facilidades de cr\u00e9ditos.Desde su creaci\u00f3n en junio del 2006,\u00a0se ha dedicado apoyar principalmente a grupos vulnerables como ind\u00edgenas, jefas de familia, discapacitados, adultos mayores, jornaleros, entre otros.<\/p>\n<p>Actualmente participa activamente en la Alianza Global para los Edificios y la Construcci\u00f3n M\u00e9xico (GABC M\u00e9xico), que pretende reducir hasta \u00a0un 50 por ciento las emisiones de CO2, ayudando as\u00ed a disminuir los efectos del cambio clim\u00e1tico.<\/p>\n<p>&nbsp;<\/p>\n<p>&nbsp;<\/p>\n","protected":false},"excerpt":{"rendered":"<p>Por Dalia V\u00e1zquez Una de sus facultades es coordinar el Programa de Acceso al Financiamiento para Soluciones Habitacionales Durante 12 a\u00f1os, la Comisi\u00f3n Nacional de Vivienda (Conavi) ha impulsado a trav\u00e9s del dise\u00f1o, implementaci\u00f3n y coordinaci\u00f3n de pol\u00edticas de vivienda, el desarrollo de condiciones \u00f3ptimas para que las familias mexicanas puedan acceder a viviendas dignas, [&hellip;]<\/p>\n","protected":false},"author":1,"featured_media":3973,"comment_status":"open","ping_status":"open","sticky":false,"template":"","format":"standard","meta":{"site-sidebar-layout":"default","site-content-layout":"","ast-site-content-layout":"default","site-content-style":"default","site-sidebar-style":"default","ast-global-header-display":"","ast-banner-title-visibility":"","ast-main-header-display":"","ast-hfb-above-header-display":"","ast-hfb-below-header-display":"","ast-hfb-mobile-header-display":"","site-post-title":"","ast-breadcrumbs-content":"","ast-featured-img":"","footer-sml-layout":"","ast-disable-related-posts":"","theme-transparent-header-meta":"","adv-header-id-meta":"","stick-header-meta":"","header-above-stick-meta":"","header-main-stick-meta":"","header-below-stick-meta":"","astra-migrate-meta-layouts":"default","ast-page-background-enabled":"default","ast-page-background-meta":{"desktop":{"background-color":"var(--ast-global-color-4)","background-image":"","background-repeat":"repeat","background-position":"center center","background-size":"auto","background-attachment":"scroll","background-type":"","background-media":"","overlay-type":"","overlay-color":"","overlay-opacity":"","overlay-gradient":""},"tablet":{"background-color":"","background-image":"","background-repeat":"repeat","background-position":"center center","background-size":"auto","background-attachment":"scroll","background-type":"","background-media":"","overlay-type":"","overlay-color":"","overlay-opacity":"","overlay-gradient":""},"mobile":{"background-color":"","background-image":"","background-repeat":"repeat","background-position":"center center","background-size":"auto","background-attachment":"scroll","background-type":"","background-media":"","overlay-type":"","overlay-color":"","overlay-opacity":"","overlay-gradient":""}},"ast-content-background-meta":{"desktop":{"background-color":"var(--ast-global-color-5)","background-image":"","background-repeat":"repeat","background-position":"center center","background-size":"auto","background-attachment":"scroll","background-type":"","background-media":"","overlay-type":"","overlay-color":"","overlay-opacity":"","overlay-gradient":""},"tablet":{"background-color":"var(--ast-global-color-5)","background-image":"","background-repeat":"repeat","background-position":"center center","background-size":"auto","background-attachment":"scroll","background-type":"","background-media":"","overlay-type":"","overlay-color":"","overlay-opacity":"","overlay-gradient":""},"mobile":{"background-color":"var(--ast-global-color-5)","background-image":"","background-repeat":"repeat","background-position":"center center","background-size":"auto","background-attachment":"scroll","background-type":"","background-media":"","overlay-type":"","overlay-color":"","overlay-opacity":"","overlay-gradient":""}},"footnotes":""},"categories":[4],"tags":[853,49,587],"class_list":["post-3972","post","type-post","status-publish","format-standard","has-post-thumbnail","hentry","category-noticias","tag-12-aniversario","tag-conavi","tag-politica-de-vivienda"],"_links":{"self":[{"href":"https:\/\/hombresymujeresdelacasa.com\/home\/wp-json\/wp\/v2\/posts\/3972","targetHints":{"allow":["GET"]}}],"collection":[{"href":"https:\/\/hombresymujeresdelacasa.com\/home\/wp-json\/wp\/v2\/posts"}],"about":[{"href":"https:\/\/hombresymujeresdelacasa.com\/home\/wp-json\/wp\/v2\/types\/post"}],"author":[{"embeddable":true,"href":"https:\/\/hombresymujeresdelacasa.com\/home\/wp-json\/wp\/v2\/users\/1"}],"replies":[{"embeddable":true,"href":"https:\/\/hombresymujeresdelacasa.com\/home\/wp-json\/wp\/v2\/comments?post=3972"}],"version-history":[{"count":1,"href":"https:\/\/hombresymujeresdelacasa.com\/home\/wp-json\/wp\/v2\/posts\/3972\/revisions"}],"predecessor-version":[{"id":3974,"href":"https:\/\/hombresymujeresdelacasa.com\/home\/wp-json\/wp\/v2\/posts\/3972\/revisions\/3974"}],"wp:featuredmedia":[{"embeddable":true,"href":"https:\/\/hombresymujeresdelacasa.com\/home\/wp-json\/wp\/v2\/media\/3973"}],"wp:attachment":[{"href":"https:\/\/hombresymujeresdelacasa.com\/home\/wp-json\/wp\/v2\/media?parent=3972"}],"wp:term":[{"taxonomy":"category","embeddable":true,"href":"https:\/\/hombresymujeresdelacasa.com\/home\/wp-json\/wp\/v2\/categories?post=3972"},{"taxonomy":"post_tag","embeddable":true,"href":"https:\/\/hombresymujeresdelacasa.com\/home\/wp-json\/wp\/v2\/tags?post=3972"}],"curies":[{"name":"wp","href":"https:\/\/api.w.org\/{rel}","templated":true}]}}