{"id":3961,"date":"2018-06-25T15:27:11","date_gmt":"2018-06-25T21:27:11","guid":{"rendered":"http:\/\/hombresymujeresdelacasa.com\/home\/?p=3961"},"modified":"2018-06-26T09:38:49","modified_gmt":"2018-06-26T15:38:49","slug":"alejandra-barrales-firmo-compromisos-con-la-cmic","status":"publish","type":"post","link":"https:\/\/hombresymujeresdelacasa.com\/home\/alejandra-barrales-firmo-compromisos-con-la-cmic\/","title":{"rendered":"Alejandra Barrales firm\u00f3 compromisos con la CMIC"},"content":{"rendered":"<p>Karla Esperanza<\/p>\n<p><em>La aspirante se comprometi\u00f3 a trabajar junto a la empresa en temas de desarrollo industrial y urbano<\/em><span id=\"more-73486\"><\/span><\/p>\n<p><strong>Alejandra Barrales<\/strong>, candidata a jefa de gobierno de la coalici\u00f3n \u2018Por la CDMX al frente\u2019, firm\u00f3 los compromisos de desarrollo industrial frente a miembros de la<a href=\"http:\/\/www.cmic.org\/\" target=\"_blank\" rel=\"noopener noreferrer nofollow\"><strong>\u00a0C\u00e1mara Mexicana de la Industria de la Construcci\u00f3n<\/strong><\/a>\u00a0(CMIC) de la Ciudad de M\u00e9xico.<\/p>\n<p>Durante una reuni\u00f3n, la aspirante se comprometi\u00f3 a\u00a0<strong>promover la capacitaci\u00f3n, especializaci\u00f3n e innovaci\u00f3n de obras<\/strong>\u00a0en la capital, as\u00ed como garantizar las\u00a0<strong>condiciones de equidad<\/strong>\u00a0en el proceso de construcci\u00f3n para facilitar la participaci\u00f3n de las peque\u00f1as y medianas empresas.<\/p>\n<p>Asimismo, indic\u00f3 que de ser ganadora de las pr\u00f3ximas elecciones del pr\u00f3ximo 1 de julio, crear\u00e1 una\u00a0<strong>mesa de trabajo<\/strong>\u00a0entre su equipo de campa\u00f1a y la CMIC, a fin de revisar las propuestas de la c\u00e1mara.<\/p>\n<p>Adem\u00e1s, asegur\u00f3 que dar\u00e1\u00a0<strong>certeza jur\u00eddica<\/strong>\u00a0a las contratantes en cuanto a pagos y contratos, as\u00ed como garantizar un protocolo de transparencia que fortalezca las condiciones establecidas en la Ley de Transparencia.<\/p>\n<p>Finalmente, sustent\u00f3 un<strong>\u00a0\u2018plan general para el desarrollo urbano\u2019<\/strong>, que contempla cinco ejes: una resiliencia y reconstrucci\u00f3n, una nueva forma de planear la ciudad, un desarrollo urbano ordenado y transparente, una nueva gobernanza metropolitana y una ciudad integradora para todos y todas.<\/p>\n","protected":false},"excerpt":{"rendered":"<p>Karla Esperanza La aspirante se comprometi\u00f3 a trabajar junto a la empresa en temas de desarrollo industrial y urbano Alejandra Barrales, candidata a jefa de gobierno de la coalici\u00f3n \u2018Por la CDMX al frente\u2019, firm\u00f3 los compromisos de desarrollo industrial frente a miembros de la\u00a0C\u00e1mara Mexicana de la Industria de la Construcci\u00f3n\u00a0(CMIC) de la Ciudad [&hellip;]<\/p>\n","protected":false},"author":1,"featured_media":3962,"comment_status":"open","ping_status":"open","sticky":false,"template":"","format":"standard","meta":{"site-sidebar-layout":"default","site-content-layout":"","ast-site-content-layout":"default","site-content-style":"default","site-sidebar-style":"default","ast-global-header-display":"","ast-banner-title-visibility":"","ast-main-header-display":"","ast-hfb-above-header-display":"","ast-hfb-below-header-display":"","ast-hfb-mobile-header-display":"","site-post-title":"","ast-breadcrumbs-content":"","ast-featured-img":"","footer-sml-layout":"","ast-disable-related-posts":"","theme-transparent-header-meta":"","adv-header-id-meta":"","stick-header-meta":"","header-above-stick-meta":"","header-main-stick-meta":"","header-below-stick-meta":"","astra-migrate-meta-layouts":"default","ast-page-background-enabled":"default","ast-page-background-meta":{"desktop":{"background-color":"var(--ast-global-color-4)","background-image":"","background-repeat":"repeat","background-position":"center center","background-size":"auto","background-attachment":"scroll","background-type":"","background-media":"","overlay-type":"","overlay-color":"","overlay-opacity":"","overlay-gradient":""},"tablet":{"background-color":"","background-image":"","background-repeat":"repeat","background-position":"center center","background-size":"auto","background-attachment":"scroll","background-type":"","background-media":"","overlay-type":"","overlay-color":"","overlay-opacity":"","overlay-gradient":""},"mobile":{"background-color":"","background-image":"","background-repeat":"repeat","background-position":"center center","background-size":"auto","background-attachment":"scroll","background-type":"","background-media":"","overlay-type":"","overlay-color":"","overlay-opacity":"","overlay-gradient":""}},"ast-content-background-meta":{"desktop":{"background-color":"var(--ast-global-color-5)","background-image":"","background-repeat":"repeat","background-position":"center center","background-size":"auto","background-attachment":"scroll","background-type":"","background-media":"","overlay-type":"","overlay-color":"","overlay-opacity":"","overlay-gradient":""},"tablet":{"background-color":"var(--ast-global-color-5)","background-image":"","background-repeat":"repeat","background-position":"center center","background-size":"auto","background-attachment":"scroll","background-type":"","background-media":"","overlay-type":"","overlay-color":"","overlay-opacity":"","overlay-gradient":""},"mobile":{"background-color":"var(--ast-global-color-5)","background-image":"","background-repeat":"repeat","background-position":"center center","background-size":"auto","background-attachment":"scroll","background-type":"","background-media":"","overlay-type":"","overlay-color":"","overlay-opacity":"","overlay-gradient":""}},"footnotes":""},"categories":[4],"tags":[849,41,198,304,850,664],"class_list":["post-3961","post","type-post","status-publish","format-standard","has-post-thumbnail","hentry","category-noticias","tag-alejandra-barrales","tag-cdmx","tag-cmic","tag-desarrollo-urbano","tag-elecciones","tag-obras"],"_links":{"self":[{"href":"https:\/\/hombresymujeresdelacasa.com\/home\/wp-json\/wp\/v2\/posts\/3961","targetHints":{"allow":["GET"]}}],"collection":[{"href":"https:\/\/hombresymujeresdelacasa.com\/home\/wp-json\/wp\/v2\/posts"}],"about":[{"href":"https:\/\/hombresymujeresdelacasa.com\/home\/wp-json\/wp\/v2\/types\/post"}],"author":[{"embeddable":true,"href":"https:\/\/hombresymujeresdelacasa.com\/home\/wp-json\/wp\/v2\/users\/1"}],"replies":[{"embeddable":true,"href":"https:\/\/hombresymujeresdelacasa.com\/home\/wp-json\/wp\/v2\/comments?post=3961"}],"version-history":[{"count":1,"href":"https:\/\/hombresymujeresdelacasa.com\/home\/wp-json\/wp\/v2\/posts\/3961\/revisions"}],"predecessor-version":[{"id":3963,"href":"https:\/\/hombresymujeresdelacasa.com\/home\/wp-json\/wp\/v2\/posts\/3961\/revisions\/3963"}],"wp:featuredmedia":[{"embeddable":true,"href":"https:\/\/hombresymujeresdelacasa.com\/home\/wp-json\/wp\/v2\/media\/3962"}],"wp:attachment":[{"href":"https:\/\/hombresymujeresdelacasa.com\/home\/wp-json\/wp\/v2\/media?parent=3961"}],"wp:term":[{"taxonomy":"category","embeddable":true,"href":"https:\/\/hombresymujeresdelacasa.com\/home\/wp-json\/wp\/v2\/categories?post=3961"},{"taxonomy":"post_tag","embeddable":true,"href":"https:\/\/hombresymujeresdelacasa.com\/home\/wp-json\/wp\/v2\/tags?post=3961"}],"curies":[{"name":"wp","href":"https:\/\/api.w.org\/{rel}","templated":true}]}}