{"id":3957,"date":"2018-06-25T08:00:43","date_gmt":"2018-06-25T14:00:43","guid":{"rendered":"http:\/\/hombresymujeresdelacasa.com\/home\/?p=3957"},"modified":"2018-06-26T09:18:07","modified_gmt":"2018-06-26T15:18:07","slug":"aumento-inventario-de-vivienda-en-construccion","status":"publish","type":"post","link":"https:\/\/hombresymujeresdelacasa.com\/home\/aumento-inventario-de-vivienda-en-construccion\/","title":{"rendered":"Aument\u00f3 inventario de vivienda en construcci\u00f3n"},"content":{"rendered":"<p>Por Edgar Rosas<\/p>\n<p>Seg\u00fan las cifras del RUV, al mes de abril la vivienda terminada creci\u00f3 3.7%, esto en relaci\u00f3n al mismo mes, pero de 2017<\/p>\n<p>Al cierre de abril, el inventario de vivienda en proceso de construcci\u00f3n registr\u00f3 un incremento de 0.7% en relaci\u00f3n a lo observado en el mismo mes, pero de 2017. As\u00ed, en el cuarto mes del a\u00f1o, las unidades inscritas con este nivel de avance totalizaron 288,200 viviendas, es decir 2,000 m\u00e1s a las 286,200 observadas en abril de 2017.<\/p>\n<p>De acuerdo con informaci\u00f3n presentada en el Reporte Mensual del Sector Vivienda correspondiente a junio, la vivienda terminada registr\u00f3 una variaci\u00f3n positiva de 3.7%. Con este resultado, la vivienda concluida pas\u00f3 de 269,900, en abril de 2017, a 279,900 al cuarto mes de 2018.<\/p>\n<p>\u201cImpulsado por el dinamismo observado en el registro de vivienda recientemente, al mes de abril de 2018 el acumulado del n\u00famero de viviendas que iniciaron verificaci\u00f3n en los \u00faltimos 12 meses se ubic\u00f3 en 237.3 mil unidades. El resultado represent\u00f3 la primera variaci\u00f3n interanual positiva desde noviembre de 2015\u201d, se\u00f1al\u00f3 la Comisi\u00f3n Nacional de Vivienda (Conavi) en el informe.<\/p>\n<p>En este sentido, la vivienda con terminaci\u00f3n mayor a cinco meses alcanz\u00f3 las 205,400 unidades registradas, un incremento de 6.4 por ciento. Por el contrario, la vivienda con menos de cinco meses de terminaci\u00f3n lleg\u00f3 a 74,500 unidades, 3.1% menos de lo observado en abril de 2017.<\/p>\n<p>\u201cLos d\u00edas de inventario mostraron indicadores mixtos. La mediana del tiempo de venta (diferencia entre la fecha de habitabilidad y la fecha de pago) report\u00f3 62 d\u00edas para las viviendas identificadas como vendidas en abril, lo que represent\u00f3 un decremento en relaci\u00f3n a febrero y marzo; sin embargo, el tiempo promedio tuvo un nuevo incremento al alcanzar 128 d\u00edas\u201d, precis\u00f3.<\/p>\n","protected":false},"excerpt":{"rendered":"<p>Por Edgar Rosas Seg\u00fan las cifras del RUV, al mes de abril la vivienda terminada creci\u00f3 3.7%, esto en relaci\u00f3n al mismo mes, pero de 2017 Al cierre de abril, el inventario de vivienda en proceso de construcci\u00f3n registr\u00f3 un incremento de 0.7% en relaci\u00f3n a lo observado en el mismo mes, pero de 2017. [&hellip;]<\/p>\n","protected":false},"author":1,"featured_media":3958,"comment_status":"open","ping_status":"open","sticky":false,"template":"","format":"standard","meta":{"site-sidebar-layout":"default","site-content-layout":"","ast-site-content-layout":"default","site-content-style":"default","site-sidebar-style":"default","ast-global-header-display":"","ast-banner-title-visibility":"","ast-main-header-display":"","ast-hfb-above-header-display":"","ast-hfb-below-header-display":"","ast-hfb-mobile-header-display":"","site-post-title":"","ast-breadcrumbs-content":"","ast-featured-img":"","footer-sml-layout":"","ast-disable-related-posts":"","theme-transparent-header-meta":"","adv-header-id-meta":"","stick-header-meta":"","header-above-stick-meta":"","header-main-stick-meta":"","header-below-stick-meta":"","astra-migrate-meta-layouts":"default","ast-page-background-enabled":"default","ast-page-background-meta":{"desktop":{"background-color":"var(--ast-global-color-4)","background-image":"","background-repeat":"repeat","background-position":"center center","background-size":"auto","background-attachment":"scroll","background-type":"","background-media":"","overlay-type":"","overlay-color":"","overlay-opacity":"","overlay-gradient":""},"tablet":{"background-color":"","background-image":"","background-repeat":"repeat","background-position":"center center","background-size":"auto","background-attachment":"scroll","background-type":"","background-media":"","overlay-type":"","overlay-color":"","overlay-opacity":"","overlay-gradient":""},"mobile":{"background-color":"","background-image":"","background-repeat":"repeat","background-position":"center center","background-size":"auto","background-attachment":"scroll","background-type":"","background-media":"","overlay-type":"","overlay-color":"","overlay-opacity":"","overlay-gradient":""}},"ast-content-background-meta":{"desktop":{"background-color":"var(--ast-global-color-5)","background-image":"","background-repeat":"repeat","background-position":"center center","background-size":"auto","background-attachment":"scroll","background-type":"","background-media":"","overlay-type":"","overlay-color":"","overlay-opacity":"","overlay-gradient":""},"tablet":{"background-color":"var(--ast-global-color-5)","background-image":"","background-repeat":"repeat","background-position":"center center","background-size":"auto","background-attachment":"scroll","background-type":"","background-media":"","overlay-type":"","overlay-color":"","overlay-opacity":"","overlay-gradient":""},"mobile":{"background-color":"var(--ast-global-color-5)","background-image":"","background-repeat":"repeat","background-position":"center center","background-size":"auto","background-attachment":"scroll","background-type":"","background-media":"","overlay-type":"","overlay-color":"","overlay-opacity":"","overlay-gradient":""}},"footnotes":""},"categories":[4],"tags":[455,49,529,333,139],"class_list":["post-3957","post","type-post","status-publish","format-standard","has-post-thumbnail","hentry","category-noticias","tag-comision-nacional-de-vivienda","tag-conavi","tag-registro-unico-de-vivienda","tag-reporte-mensual-del-sector-vivienda","tag-ruv"],"_links":{"self":[{"href":"https:\/\/hombresymujeresdelacasa.com\/home\/wp-json\/wp\/v2\/posts\/3957","targetHints":{"allow":["GET"]}}],"collection":[{"href":"https:\/\/hombresymujeresdelacasa.com\/home\/wp-json\/wp\/v2\/posts"}],"about":[{"href":"https:\/\/hombresymujeresdelacasa.com\/home\/wp-json\/wp\/v2\/types\/post"}],"author":[{"embeddable":true,"href":"https:\/\/hombresymujeresdelacasa.com\/home\/wp-json\/wp\/v2\/users\/1"}],"replies":[{"embeddable":true,"href":"https:\/\/hombresymujeresdelacasa.com\/home\/wp-json\/wp\/v2\/comments?post=3957"}],"version-history":[{"count":2,"href":"https:\/\/hombresymujeresdelacasa.com\/home\/wp-json\/wp\/v2\/posts\/3957\/revisions"}],"predecessor-version":[{"id":3960,"href":"https:\/\/hombresymujeresdelacasa.com\/home\/wp-json\/wp\/v2\/posts\/3957\/revisions\/3960"}],"wp:featuredmedia":[{"embeddable":true,"href":"https:\/\/hombresymujeresdelacasa.com\/home\/wp-json\/wp\/v2\/media\/3958"}],"wp:attachment":[{"href":"https:\/\/hombresymujeresdelacasa.com\/home\/wp-json\/wp\/v2\/media?parent=3957"}],"wp:term":[{"taxonomy":"category","embeddable":true,"href":"https:\/\/hombresymujeresdelacasa.com\/home\/wp-json\/wp\/v2\/categories?post=3957"},{"taxonomy":"post_tag","embeddable":true,"href":"https:\/\/hombresymujeresdelacasa.com\/home\/wp-json\/wp\/v2\/tags?post=3957"}],"curies":[{"name":"wp","href":"https:\/\/api.w.org\/{rel}","templated":true}]}}