{"id":3932,"date":"2018-06-20T12:59:34","date_gmt":"2018-06-20T18:59:34","guid":{"rendered":"http:\/\/hombresymujeresdelacasa.com\/home\/?p=3932"},"modified":"2018-06-21T09:15:49","modified_gmt":"2018-06-21T15:15:49","slug":"fovissste-preparado-ante-cualquier-riesgo-godina","status":"publish","type":"post","link":"https:\/\/hombresymujeresdelacasa.com\/home\/fovissste-preparado-ante-cualquier-riesgo-godina\/","title":{"rendered":"Fovissste, preparado ante cualquier riesgo: Godina"},"content":{"rendered":"<p>Por Edgar Rosas<\/p>\n<p><em>El Vocal Ejecutivo del Fondo destac\u00f3 la solidez del organismo, la cual, dijo, da certidumbre sobre la operaci\u00f3n del organismo<\/em><span id=\"more-73318\"><\/span><\/p>\n<p>El Fondo de la Vivienda del Issste (<a href=\"http:\/\/fovissste.gob.mx\/\" target=\"_blank\" rel=\"noopener nofollow\">Fovissste<\/a>) est\u00e1 preparado para afrontar cualquier escenario de riesgo que se pueda suscitar en el futuro, asegur\u00f3\u00a0<strong>Luis Antonio Godina Herrera<\/strong>, vocal ejecutivo del organismo.<\/p>\n<p>Al presidir la\u00a0<strong>Sesi\u00f3n Ordinaria 898<\/strong>\u00a0de la Comisi\u00f3n Ejecutiva del Fovissste, Godina Herrera expuso que el organismo que encabeza cuenta con\u00a0<strong>fortaleza financiera<\/strong>\u00a0y\u00a0<strong>estabilidad patrimonial<\/strong>, factores que permitir\u00edan al Fondo encarar \u201ceventos de riesgo que impliquen absorber p\u00e9rdidas inesperadas, sin poner en peligro el patrimonio de los trabajadores del Estado\u201d.<\/p>\n<p>El Vocal Ejecutivo expuso que esta solidez no s\u00f3lo protege al fondo ante posibles contextos de incertidumbre, sino que le ha permitido ser atractivo y tener \u00e9xito al captar financiamiento externo por v\u00edas como la Bolsa Mexicana de Valores (<strong>BMV<\/strong>).<\/p>\n<p>En lo referente, record\u00f3 que, en 2017, el Fondo acudi\u00f3 en dos ocasiones al mercado de valores mediante la emisi\u00f3n de sendos Certificados Burs\u00e1tiles Fiduciarios. Mediante las operaciones, el Fondo recaud\u00f3 6,845 y 3,155 millones de pesos respectivamente.<\/p>\n<p>Sumado a estas operaciones, detall\u00f3, en 2017 Fovissste contrat\u00f3 tres l\u00edneas de almacenamiento con diversas instituciones, entre ellas Sociedad Hipotecaria Federal (<strong>SHF<\/strong>). En el caso de este banco de segundo piso, el fondo firm\u00f3 una l\u00ednea por 12,000 millones de pesos, que se sum\u00f3 a la l\u00ednea concretada con Mifel y BBVA Bancomer, por 2,000 millones de pesos, y Banorte, por 3,000 millones de pesos.<\/p>\n","protected":false},"excerpt":{"rendered":"<p>Por Edgar Rosas El Vocal Ejecutivo del Fondo destac\u00f3 la solidez del organismo, la cual, dijo, da certidumbre sobre la operaci\u00f3n del organismo El Fondo de la Vivienda del Issste (Fovissste) est\u00e1 preparado para afrontar cualquier escenario de riesgo que se pueda suscitar en el futuro, asegur\u00f3\u00a0Luis Antonio Godina Herrera, vocal ejecutivo del organismo. Al [&hellip;]<\/p>\n","protected":false},"author":1,"featured_media":3933,"comment_status":"open","ping_status":"open","sticky":false,"template":"","format":"standard","meta":{"site-sidebar-layout":"default","site-content-layout":"","ast-site-content-layout":"default","site-content-style":"default","site-sidebar-style":"default","ast-global-header-display":"","ast-banner-title-visibility":"","ast-main-header-display":"","ast-hfb-above-header-display":"","ast-hfb-below-header-display":"","ast-hfb-mobile-header-display":"","site-post-title":"","ast-breadcrumbs-content":"","ast-featured-img":"","footer-sml-layout":"","ast-disable-related-posts":"","theme-transparent-header-meta":"","adv-header-id-meta":"","stick-header-meta":"","header-above-stick-meta":"","header-main-stick-meta":"","header-below-stick-meta":"","astra-migrate-meta-layouts":"default","ast-page-background-enabled":"default","ast-page-background-meta":{"desktop":{"background-color":"var(--ast-global-color-4)","background-image":"","background-repeat":"repeat","background-position":"center center","background-size":"auto","background-attachment":"scroll","background-type":"","background-media":"","overlay-type":"","overlay-color":"","overlay-opacity":"","overlay-gradient":""},"tablet":{"background-color":"","background-image":"","background-repeat":"repeat","background-position":"center center","background-size":"auto","background-attachment":"scroll","background-type":"","background-media":"","overlay-type":"","overlay-color":"","overlay-opacity":"","overlay-gradient":""},"mobile":{"background-color":"","background-image":"","background-repeat":"repeat","background-position":"center center","background-size":"auto","background-attachment":"scroll","background-type":"","background-media":"","overlay-type":"","overlay-color":"","overlay-opacity":"","overlay-gradient":""}},"ast-content-background-meta":{"desktop":{"background-color":"var(--ast-global-color-5)","background-image":"","background-repeat":"repeat","background-position":"center center","background-size":"auto","background-attachment":"scroll","background-type":"","background-media":"","overlay-type":"","overlay-color":"","overlay-opacity":"","overlay-gradient":""},"tablet":{"background-color":"var(--ast-global-color-5)","background-image":"","background-repeat":"repeat","background-position":"center center","background-size":"auto","background-attachment":"scroll","background-type":"","background-media":"","overlay-type":"","overlay-color":"","overlay-opacity":"","overlay-gradient":""},"mobile":{"background-color":"var(--ast-global-color-5)","background-image":"","background-repeat":"repeat","background-position":"center center","background-size":"auto","background-attachment":"scroll","background-type":"","background-media":"","overlay-type":"","overlay-color":"","overlay-opacity":"","overlay-gradient":""}},"footnotes":""},"categories":[4],"tags":[86,111,840,177],"class_list":["post-3932","post","type-post","status-publish","format-standard","has-post-thumbnail","hentry","category-noticias","tag-fovissste","tag-luis-antonio-godina-herrera","tag-solidez-financiera","tag-vivienda"],"_links":{"self":[{"href":"https:\/\/hombresymujeresdelacasa.com\/home\/wp-json\/wp\/v2\/posts\/3932","targetHints":{"allow":["GET"]}}],"collection":[{"href":"https:\/\/hombresymujeresdelacasa.com\/home\/wp-json\/wp\/v2\/posts"}],"about":[{"href":"https:\/\/hombresymujeresdelacasa.com\/home\/wp-json\/wp\/v2\/types\/post"}],"author":[{"embeddable":true,"href":"https:\/\/hombresymujeresdelacasa.com\/home\/wp-json\/wp\/v2\/users\/1"}],"replies":[{"embeddable":true,"href":"https:\/\/hombresymujeresdelacasa.com\/home\/wp-json\/wp\/v2\/comments?post=3932"}],"version-history":[{"count":1,"href":"https:\/\/hombresymujeresdelacasa.com\/home\/wp-json\/wp\/v2\/posts\/3932\/revisions"}],"predecessor-version":[{"id":3934,"href":"https:\/\/hombresymujeresdelacasa.com\/home\/wp-json\/wp\/v2\/posts\/3932\/revisions\/3934"}],"wp:featuredmedia":[{"embeddable":true,"href":"https:\/\/hombresymujeresdelacasa.com\/home\/wp-json\/wp\/v2\/media\/3933"}],"wp:attachment":[{"href":"https:\/\/hombresymujeresdelacasa.com\/home\/wp-json\/wp\/v2\/media?parent=3932"}],"wp:term":[{"taxonomy":"category","embeddable":true,"href":"https:\/\/hombresymujeresdelacasa.com\/home\/wp-json\/wp\/v2\/categories?post=3932"},{"taxonomy":"post_tag","embeddable":true,"href":"https:\/\/hombresymujeresdelacasa.com\/home\/wp-json\/wp\/v2\/tags?post=3932"}],"curies":[{"name":"wp","href":"https:\/\/api.w.org\/{rel}","templated":true}]}}