{"id":3918,"date":"2018-06-15T14:54:22","date_gmt":"2018-06-15T20:54:22","guid":{"rendered":"http:\/\/hombresymujeresdelacasa.com\/home\/?p=3918"},"modified":"2018-06-18T09:00:04","modified_gmt":"2018-06-18T15:00:04","slug":"sector-vivienda-se-suma-al-combate-del-cambio-climatico","status":"publish","type":"post","link":"https:\/\/hombresymujeresdelacasa.com\/home\/sector-vivienda-se-suma-al-combate-del-cambio-climatico\/","title":{"rendered":"Sector vivienda se suma al combate del cambio clim\u00e1tico"},"content":{"rendered":"<p>Edgar Rosas<\/p>\n<p><em>Al igual que el sector de la construcci\u00f3n en su conjunto, los diversos actores de la industria establecieron el compromiso de modificar las acciones para reducir la emisi\u00f3n de gases de efecto invernadero<\/em><span id=\"more-73124\"><\/span><\/p>\n<p>La titular de la Secretar\u00eda de Desarrollo Agrario, Territorial y Urbano (Sedatu), Rosario Robles Berlanga, encabez\u00f3 la ceremonia de lanzamiento de la Alianza Global para los Edificios y la Construcci\u00f3n capitulo M\u00e9xico. Con este convenio, la industria de la edificaci\u00f3n se aliena a la meta de reducir su huella ecol\u00f3gica, combatir el cambio clim\u00e1tico y lograr limitar el calentamiento global a dos grados cent\u00edgrados.<\/p>\n<p>Durante el evento, Jorge Wolpert Kuri, director general de la Comisi\u00f3n Nacional de Vivienda (Conavi), se\u00f1al\u00f3 que la industria de la construcci\u00f3n a nivel global es responsable del 30% de las emisiones de CO2. Por ello, dijo, resulta importante que la iniciativa privada y el gobierno en M\u00e9xico se sumen a esta iniciativa.<\/p>\n<p>De acuerdo con lo expuesto, la emisi\u00f3n de gases por parte de la industria de la construcci\u00f3n y edificios crece r\u00e1pidamente. Se espera que, de no realizar acciones de mitigaci\u00f3n apropiadas, para el a\u00f1o 2050 este sector podr\u00eda ser responsable del 50% de la emisi\u00f3n de gases de efecto invernadero.<\/p>\n<p>Wolpert enfatiz\u00f3 que con el lanzamiento de la iniciavita, la cadena de valor de la industria de la vivienda y la construcci\u00f3n, as\u00ed como diversos organismos, se comprometen a poner a la industria en la l\u00ednea de reducir emisiones y con ello el calentamiento global.<\/p>\n<p>Cabe se\u00f1alar que con la puesta en marcha de la alianza se busca, entre otras cosas, acceder a recursos internacionales, as\u00ed como impulsar iniciativas y programas que permitan caminar a la meta de reducir la emisi\u00f3n de gases de efecto invernadero.<\/p>\n","protected":false},"excerpt":{"rendered":"<p>Edgar Rosas Al igual que el sector de la construcci\u00f3n en su conjunto, los diversos actores de la industria establecieron el compromiso de modificar las acciones para reducir la emisi\u00f3n de gases de efecto invernadero La titular de la Secretar\u00eda de Desarrollo Agrario, Territorial y Urbano (Sedatu), Rosario Robles Berlanga, encabez\u00f3 la ceremonia de lanzamiento [&hellip;]<\/p>\n","protected":false},"author":1,"featured_media":3919,"comment_status":"open","ping_status":"open","sticky":false,"template":"","format":"standard","meta":{"site-sidebar-layout":"default","site-content-layout":"","ast-site-content-layout":"default","site-content-style":"default","site-sidebar-style":"default","ast-global-header-display":"","ast-banner-title-visibility":"","ast-main-header-display":"","ast-hfb-above-header-display":"","ast-hfb-below-header-display":"","ast-hfb-mobile-header-display":"","site-post-title":"","ast-breadcrumbs-content":"","ast-featured-img":"","footer-sml-layout":"","ast-disable-related-posts":"","theme-transparent-header-meta":"","adv-header-id-meta":"","stick-header-meta":"","header-above-stick-meta":"","header-main-stick-meta":"","header-below-stick-meta":"","astra-migrate-meta-layouts":"default","ast-page-background-enabled":"default","ast-page-background-meta":{"desktop":{"background-color":"var(--ast-global-color-4)","background-image":"","background-repeat":"repeat","background-position":"center center","background-size":"auto","background-attachment":"scroll","background-type":"","background-media":"","overlay-type":"","overlay-color":"","overlay-opacity":"","overlay-gradient":""},"tablet":{"background-color":"","background-image":"","background-repeat":"repeat","background-position":"center center","background-size":"auto","background-attachment":"scroll","background-type":"","background-media":"","overlay-type":"","overlay-color":"","overlay-opacity":"","overlay-gradient":""},"mobile":{"background-color":"","background-image":"","background-repeat":"repeat","background-position":"center center","background-size":"auto","background-attachment":"scroll","background-type":"","background-media":"","overlay-type":"","overlay-color":"","overlay-opacity":"","overlay-gradient":""}},"ast-content-background-meta":{"desktop":{"background-color":"var(--ast-global-color-5)","background-image":"","background-repeat":"repeat","background-position":"center center","background-size":"auto","background-attachment":"scroll","background-type":"","background-media":"","overlay-type":"","overlay-color":"","overlay-opacity":"","overlay-gradient":""},"tablet":{"background-color":"var(--ast-global-color-5)","background-image":"","background-repeat":"repeat","background-position":"center center","background-size":"auto","background-attachment":"scroll","background-type":"","background-media":"","overlay-type":"","overlay-color":"","overlay-opacity":"","overlay-gradient":""},"mobile":{"background-color":"var(--ast-global-color-5)","background-image":"","background-repeat":"repeat","background-position":"center center","background-size":"auto","background-attachment":"scroll","background-type":"","background-media":"","overlay-type":"","overlay-color":"","overlay-opacity":"","overlay-gradient":""}},"footnotes":""},"categories":[4],"tags":[49,837,449],"class_list":["post-3918","post","type-post","status-publish","format-standard","has-post-thumbnail","hentry","category-noticias","tag-conavi","tag-gases-de-efecto-invernadero","tag-sector-vivienda"],"_links":{"self":[{"href":"https:\/\/hombresymujeresdelacasa.com\/home\/wp-json\/wp\/v2\/posts\/3918","targetHints":{"allow":["GET"]}}],"collection":[{"href":"https:\/\/hombresymujeresdelacasa.com\/home\/wp-json\/wp\/v2\/posts"}],"about":[{"href":"https:\/\/hombresymujeresdelacasa.com\/home\/wp-json\/wp\/v2\/types\/post"}],"author":[{"embeddable":true,"href":"https:\/\/hombresymujeresdelacasa.com\/home\/wp-json\/wp\/v2\/users\/1"}],"replies":[{"embeddable":true,"href":"https:\/\/hombresymujeresdelacasa.com\/home\/wp-json\/wp\/v2\/comments?post=3918"}],"version-history":[{"count":1,"href":"https:\/\/hombresymujeresdelacasa.com\/home\/wp-json\/wp\/v2\/posts\/3918\/revisions"}],"predecessor-version":[{"id":3920,"href":"https:\/\/hombresymujeresdelacasa.com\/home\/wp-json\/wp\/v2\/posts\/3918\/revisions\/3920"}],"wp:featuredmedia":[{"embeddable":true,"href":"https:\/\/hombresymujeresdelacasa.com\/home\/wp-json\/wp\/v2\/media\/3919"}],"wp:attachment":[{"href":"https:\/\/hombresymujeresdelacasa.com\/home\/wp-json\/wp\/v2\/media?parent=3918"}],"wp:term":[{"taxonomy":"category","embeddable":true,"href":"https:\/\/hombresymujeresdelacasa.com\/home\/wp-json\/wp\/v2\/categories?post=3918"},{"taxonomy":"post_tag","embeddable":true,"href":"https:\/\/hombresymujeresdelacasa.com\/home\/wp-json\/wp\/v2\/tags?post=3918"}],"curies":[{"name":"wp","href":"https:\/\/api.w.org\/{rel}","templated":true}]}}